{"id":427072,"date":"2021-01-31T22:28:46","date_gmt":"2021-01-31T21:28:46","guid":{"rendered":"https:\/\/hashtag.al\/?p=427072"},"modified":"2021-01-31T22:30:30","modified_gmt":"2021-01-31T21:30:30","slug":"dokumenti-ministria-e-jashtme-blen-uniforma-tek-dyqani-i-hapur-ne-tirane-nga-princi-i-ndrangheta-s","status":"publish","type":"post","link":"https:\/\/www.hashtag.al\/index.php\/2021\/01\/31\/dokumenti-ministria-e-jashtme-blen-uniforma-tek-dyqani-i-hapur-ne-tirane-nga-princi-i-ndrangheta-s\/","title":{"rendered":"Dokumenti\/ Ministria e Jashtme blen uniforma tek dyqani i hapur n\u00eb Tiran\u00eb, nga \u201cPrinci\u201d i Ndrangheta-s","gt_translate_keys":[{"key":"rendered","format":"text"}]},"content":{"rendered":"<p><img loading=\"lazy\" decoding=\"async\" class=\"aligncenter size-full wp-image-425514\" src=\"https:\/\/hashtag.al\/wp-content\/uploads\/2021\/01\/Antonio-Gallo-Saverio-Brutto-Tommaso-Brutto-1.jpg\" alt=\"\" width=\"780\" height=\"440\" srcset=\"https:\/\/www.hashtag.al\/wp-content\/uploads\/2021\/01\/Antonio-Gallo-Saverio-Brutto-Tommaso-Brutto-1.jpg 780w, https:\/\/www.hashtag.al\/wp-content\/uploads\/2021\/01\/Antonio-Gallo-Saverio-Brutto-Tommaso-Brutto-1-300x169.jpg 300w, https:\/\/www.hashtag.al\/wp-content\/uploads\/2021\/01\/Antonio-Gallo-Saverio-Brutto-Tommaso-Brutto-1-768x433.jpg 768w\" sizes=\"auto, (max-width: 780px) 100vw, 780px\" \/><\/p>\n<p>N\u00eb nj\u00eb koh\u00eb kur mediat, politika dhe opinioni publik komentonin p\u00ebrgjimet e antimafias italiane dhe lidhjet e eksponent\u00ebve t\u00eb \u201cNdragheta\u201d-s me politik\u00ebn n\u00eb Tiran\u00eb, nj\u00eb ministri ka kryer pages\u00ebn ndaj kompanis\u00eb \u201cGallo Albania\u201d.<\/p>\n<p>M\u00eb dat\u00eb 22 dhjetor 2020, Ministria p\u00ebr Evrop\u00ebn dhe Pun\u00ebt e Jashtme ka porositur dhe bler\u00eb veshjea pune te dyqani \u201cGallo Albania\u201d, me vler\u00eb 44 mij\u00eb lek\u00eb.<\/p>\n<p><strong>PAGESA<\/strong><\/p>\n<p>Sipas dokumentit zyrtar, i cili mund t\u00eb gjendet shum\u00eb leht\u00eb n\u00eb List\u00eb-Pagaesat q\u00eb publikon Ministria e Financave n\u00eb faqen e saj zyrtare n\u00eb internet, Proces-Verbali i K\u00ebrkes\u00ebs Nr. 14, \u00ebsht\u00eb n\u00ebnshkruar m\u00eb 22.12.20; po n\u00eb k\u00ebt\u00eb dat\u00eb \u00ebsht\u00eb b\u00ebr\u00eb Fatura e Blerjes Nr. 270 me Nr. Serie 93733439; nd\u00ebrsa marrja e rrobave \u00ebsht\u00eb b\u00ebr\u00eb m\u00eb 28.12.2020 dhe pagesa nga ministria, \u00ebsht\u00eb b\u00ebr\u00eb m\u00eb 21 janar 2021.<\/p>\n<p><img loading=\"lazy\" decoding=\"async\" class=\"aligncenter size-full wp-image-427073\" src=\"https:\/\/hashtag.al\/wp-content\/uploads\/2021\/01\/gallo-albania-dhe-ministria-e-jashtme.jpg\" alt=\"\" width=\"1920\" height=\"514\" srcset=\"https:\/\/www.hashtag.al\/wp-content\/uploads\/2021\/01\/gallo-albania-dhe-ministria-e-jashtme.jpg 1920w, https:\/\/www.hashtag.al\/wp-content\/uploads\/2021\/01\/gallo-albania-dhe-ministria-e-jashtme-300x80.jpg 300w, https:\/\/www.hashtag.al\/wp-content\/uploads\/2021\/01\/gallo-albania-dhe-ministria-e-jashtme-768x206.jpg 768w, https:\/\/www.hashtag.al\/wp-content\/uploads\/2021\/01\/gallo-albania-dhe-ministria-e-jashtme-1024x274.jpg 1024w\" sizes=\"auto, (max-width: 1920px) 100vw, 1920px\" \/><\/p>\n<p><span style=\"color: #0000ff;\"><em>Dokumenti n\u00eb web-faqen e Ministris\u00eb s\u00eb Financave<\/em><\/span><\/p>\n<p><strong>KUSH \u00cbSHT\u00cb ANTONIO GALLO DHE DHURIMI I AKSIONEVE T\u00cb \u201cGALLO ALBANIA\u201d<\/strong><\/p>\n<p>Personi q\u00eb njihej brenda klanit mafioz \u201cNdragheta\u201d me nofk\u00ebn \u201cPrinci\u201d, rezulton t\u00eb ket\u00eb hapur biznes n\u00eb Shqip\u00ebri qysh prej vitit 2017.<\/p>\n<p>Duke ju referuar ekstraktit t\u00eb QKR-s\u00eb n\u00eb Shqip\u00ebri, rezulton se Antonio Gallo ose (Princi), ishte aksioner n\u00eb kompanin\u00eb \u201cGallo Albania\u201d.<\/p>\n<p>Biznesi \u00ebsht\u00eb hapur n\u00eb 5 maj 2017 dhe se Gallo \u00ebsht\u00eb aksioner me 50% t\u00eb kapitalit t\u00eb k\u00ebsaj kompanie konfeksioni, nd\u00ebrsa gjysm\u00ebn tjet\u00ebr e zot\u00ebron ortaku i tij shqiptar. Henrik Ba\u00e7i<\/p>\n<p>Ora News m\u00ebson se fillimisht italiani ka q\u00ebn\u00eb aksioner i vet\u00ebm s\u00eb bashku me shtetasin Italian, Saverio Brutto, ku emri fillestar i biznesit n\u00eb Shqip\u00ebri, ishte \u201cGALLO Antifortunictica &amp; Abbigliamento da lavoro\u201d.<\/p>\n<p>Por n\u00eb Maj 2018, dy biznesmen\u00ebt italian\u00eb Gallo dhe Brutto, kryejn\u00eb nj\u00eb l\u00ebvizje t\u00eb \u00e7uditshme, duke firmosur nj\u00eb kontrat\u00eb noteriale p\u00ebr dhurimin e 50% t\u00eb aksioneve nj\u00eb shqiptari me emrin, Henrik Ba\u00e7i.<\/p>\n<p>Dhurimi i kapitalit t\u00eb k\u00ebsaj kompanie \u00ebsht\u00eb kryer pa asnj\u00eb kusht dhe kund\u00ebrshp\u00ebrblim, dhe se q\u00eb prej vitit 2018, ku kompania me zyra q\u00ebndrore n\u00eb zem\u00ebr t\u00eb zon\u00ebs s\u00eb ish-Bllokut n\u00eb Tiran\u00eb, vijon t\u00eb jet\u00eb aktive.<\/p>\n<p><strong>KUSH \u00cbSHT\u00cb HENRIK BA\u00c7I?<\/strong><\/p>\n<p>Ortaku i Gallos, Henrik Ba\u00e7i, \u00ebsht\u00eb n\u00eb list\u00ebn e 47 t\u00eb hetuarve nga antimafia italiane dhe n\u00eb shtetin fqinj rezulton me \u2018arrest sht\u00ebpie\u2019.<\/p>\n<p>N\u00eb muajin prill t\u00eb vitit 2020 Ba\u00e7i i dhuroi spitaleve shqiptare 3000 maska mbrojt\u00ebse dhe 50 veshje kirurgjikale p\u00ebr t\u00eb luftuar pandemin\u00eb Covid-19.<\/p>\n<p><img loading=\"lazy\" decoding=\"async\" class=\"aligncenter size-full wp-image-427074\" src=\"https:\/\/hashtag.al\/wp-content\/uploads\/2021\/01\/doc1.jpg\" alt=\"\" width=\"621\" height=\"888\" srcset=\"https:\/\/www.hashtag.al\/wp-content\/uploads\/2021\/01\/doc1.jpg 621w, https:\/\/www.hashtag.al\/wp-content\/uploads\/2021\/01\/doc1-210x300.jpg 210w\" sizes=\"auto, (max-width: 621px) 100vw, 621px\" \/><\/p>\n<p><span style=\"color: #0000ff;\"><em>Dokumenti i dhurimit t\u00eb 50% t\u00eb aksioneve nga Gallo te Ba\u00e7i<\/em><\/span><\/p>\n<p>Por pes\u00eb dit\u00eb para ekzekutimit t\u00eb fatur\u00ebs s\u00eb m\u00ebsip\u00ebrme, m\u00eb 26 janar, kryeministri Edi Rama gjat\u00eb nj\u00eb komunikimi me mediat mohoi kategorikisht njohjen me eksponent\u00ebt e p\u00ebrmendur n\u00eb p\u00ebrgjime dhe duke b\u00ebr\u00eb edhe bilancin e \u201cGallo Albania\u201d, shefi i qeveris\u00eb deklaronte edhe shifrat e humbjeve t\u00eb saj.<\/p>\n<p><strong>\u00c7far\u00eb deklaronte Edi Rama m\u00eb 26 janar?<\/strong><\/p>\n<p><em>\u201cNuk do t\u00eb them p\u00ebr k\u00ebt\u00eb duhet t\u00eb flas\u00eb drejt\u00ebsia sepse n\u00eb k\u00ebt\u00eb rast ka folur qart\u00ebsisht duke dh\u00ebn\u00eb konkluzion grupi hetimor italian. Po e lexoj p\u00ebr t\u2019ju th\u00ebn\u00eb pse \u00ebsht\u00eb turp i pashembullt p\u00ebr t\u00eb gjith\u00eb ju q\u00eb keni detyr\u00ebn t\u00eb informoni publikun dhe nd\u00ebrkoh\u00eb thjesht ushqeni tymnaj\u00ebn me llafe, muhabete, d\u00ebngla njer\u00ebzish q\u00eb sipas prokuroris\u00eb italiane \u201cn\u00eb konkluzion, n\u00eb praktik\u00eb pas m\u00eb shum\u00eb se nj\u00eb viti udh\u00ebtimesh n\u00eb Tiran\u00eb dhe bisedimesh me nj\u00ebri-tjerin p\u00ebr investime q\u00eb do t\u00eb b\u00ebhen n\u00eb Shqip\u00ebri ato d\u00ebshtuan totalisht dhe i vetmi investim i b\u00ebr\u00eb \u00ebsht\u00eb nj\u00eb dyqan i vog\u00ebl p\u00ebr shitjen e rrobave t\u00eb pun\u00ebs p\u00ebr t\u00eb cilin ka pasur konflikte mes ortak\u00ebve.<\/em><\/p>\n<p><em>N\u00eb 2018 investimi n\u00eb Shqip\u00ebri sipas bilanceve nga QKB ka shitur mallra p\u00ebr 5 mln lek\u00eb t\u00eb reja dhe ka humbur n\u00eb fund t\u00eb atij viti 400 mij\u00eb lek\u00eb t\u00eb reja. N\u00eb 2019 siguroi 4 mln lek\u00eb t\u00eb ardhura dhe 1.8 mln lek\u00eb humbje\u201d. Ky \u00ebsht\u00eb citim nga konfluzinet e prokuroris\u00eb italiane. Marrja e k\u00ebtij llumi dhe servirja e k\u00ebtij llumi si ushqim p\u00ebr shqip\u00ebtar\u00ebt net\u00ebve t\u00eb gjata t\u00eb mejhaneve televizive dhe dit\u00ebve t\u00eb gjata t\u00eb k\u00ebrkes\u00ebs p\u00ebr klikime dhe spektak\u00ebl \u00ebsht\u00eb turp q\u00eb i mish\u00ebron m\u00eb s\u00eb miri at\u00eb t\u00eb cil\u00ebt e ushqejn\u00eb k\u00ebt\u00eb lloj qasje q\u00eb jan\u00eb t\u00eb nj\u00ebjt\u00eb dhe prirjen p\u00ebr t\u2019ja b\u00ebr\u00eb n\u00ebn\u00ebn k\u00ebtij vendi e kan\u00eb prioritet sa her\u00eb q\u00eb u jepet mund\u00ebsia dhe kur nuk ka asnj\u00eb mund\u00ebsi se kjo \u00ebsht\u00eb nj\u00eb marr\u00ebzi e pashoqe me asnj\u00eb gj\u00eb tjet\u00ebr. Flasin ca italian\u00eb, p\u00ebrmendin njer\u00ebz, imagjinojn\u00eb investime, p\u00ebrfytyrojn\u00eb pushtimin e tok\u00ebs s\u00eb premtuar.<\/em><\/p>\n<p><em>Nuk ka asnj\u00eb fakt, asnj\u00eb lidhje, asnj\u00eb prov\u00eb dhe k\u00ebtu ngrihet nj\u00eb tymnaj\u00eb q\u00eb \u00ebsht\u00eb e neveritshme\u00a0 dhe un\u00eb realisht nuk kam asgj\u00eb p\u00ebr t\u00eb th\u00ebn\u00eb p\u00ebr k\u00ebt\u00eb por meq\u00eb m\u00eb pyet\u00ebt ju lexova konkluzionin e prokuroris\u00eb italiane, merrini t\u00eb gjitha ato mij\u00ebra faqe, pijuani l\u00ebngun dhe nxirrini prap\u00eb dhe villini n\u00ebp\u00ebr ekrane dhe portale p\u00ebr ti b\u00ebr\u00eb shqiptar\u00ebt q\u00eb t\u2019ju vij\u00eb p\u00ebr t\u00eb vjell\u00eb, se ky \u00ebsht\u00eb q\u00ebllimi n\u00eb fakt p\u00ebr fat t\u00eb keq. Kjo p\u00ebr mua \u00ebsht\u00eb nj\u00eb prov\u00eb spektakolare e katandis\u00eb s\u00eb opozit\u00ebs dhe t\u00eb mediave. Nuk e imagjinoj\u00a0 dot n\u00eb nj\u00eb vend normal ku \u00e7do njeri ka nj\u00eb mikrofon dhe nj\u00eb fytyr\u00eb n\u00eb sh\u00ebrbim t\u00eb publikut tu marr\u00eb koh\u00eb njer\u00ebzve p\u00ebr t\u2019ju hedhur n\u00eb fytyr\u00eb k\u00ebt\u00eb lloj gjelle kut\u00ebrbuese budallall\u00ebku dhe posht\u00ebrsie, un\u00eb k\u00ebshtu e\u00a0 shoh k\u00ebt\u00eb pun\u00eb.<\/em><\/p>\n<p><em>\u00c7far\u00eb pret t\u00eb t\u00eb them un\u00eb? T\u00eb t\u00eb them se nuk e di kush jan\u00eb k\u00ebta njer\u00ebz dhe as nuk kam takuar njer\u00ebz t\u00eb till\u00eb, \u00ebsht\u00eb e kot\u00eb. T\u00eb t\u00eb them nuk funksionon k\u00ebshtu me mua, nuk funksionon k\u00ebshtu me ne, prap\u00eb \u00ebsht\u00eb e kot\u00eb. \u00cbsht\u00eb nj\u00eb turp q\u00eb ta mbajn\u00eb ata q\u00eb e kan\u00eb dhe ju nuk keni pse b\u00ebheni pjes\u00eb e k\u00ebtij turpi sipas meje. \u00cbsht\u00eb nj\u00eb m\u00ebnyr\u00eb m\u00eb e ul\u00ebt sa nuk ka p\u00ebr t\u00eb k\u00ebrkuar avantazhe t\u00eb natyrave t\u00eb ndryshme n\u00eb mexhelis q\u00eb jan\u00eb\u00a0 politike, influence, duke ja b\u00ebr\u00eb n\u00ebn\u00ebn k\u00ebtij vendi faktikisht, p\u00ebrs\u00ebri, si gjithmon\u00eb. N\u00eb vend q\u00eb t\u00eb b\u00ebhet informacion b\u00ebhet dizinformacion, n\u00eb vend q\u00eb t\u00eb b\u00ebhet debat p\u00ebr faktet b\u00ebhet luft\u00eb kush e shtremb\u00ebron m\u00eb shum\u00eb t\u00eb v\u00ebrtet\u00ebn. Nuk kam \u00e7far\u00eb t\u00eb them\u201d.<\/em><\/p>\n<p><span style=\"color: #000000;\"><span style=\"color: #ff0000;\"><strong>VINI RE<\/strong><\/span>: Ky material \u00ebsht\u00eb pron\u00ebsi intelektuale e <a href=\"https:\/\/www.oranews.tv\/dokumenti-ministria-e-jashtme-blen-uniforma-tek-dyqani-i-hapur-ne-tirane-nga-princi-i-ndrangheta-s\/\"><span style=\"color: #0000ff;\">RTV Ora<\/span><\/a><\/span><\/p>\n","protected":false,"gt_translate_keys":[{"key":"rendered","format":"html"}]},"excerpt":{"rendered":"<p>N\u00eb nj\u00eb koh\u00eb kur mediat, politika dhe opinioni publik komentonin p\u00ebrgjimet e antimafias italiane dhe lidhjet e eksponent\u00ebve t\u00eb \u201cNdragheta\u201d-s me politik\u00ebn n\u00eb Tiran\u00eb, nj\u00eb ministri ka kryer pages\u00ebn ndaj kompanis\u00eb \u201cGallo Albania\u201d. M\u00eb dat\u00eb 22 dhjetor 2020, Ministria p\u00ebr Evrop\u00ebn dhe Pun\u00ebt e Jashtme ka porositur dhe bler\u00eb veshjea pune te dyqani \u201cGallo Albania\u201d, [&hellip;]<\/p>\n","protected":false,"gt_translate_keys":[{"key":"rendered","format":"html"}]},"author":51,"featured_media":425514,"comment_status":"open","ping_status":"open","sticky":false,"template":"","format":"standard","meta":{"footnotes":""},"categories":[65,13],"tags":[],"class_list":["post-427072","post","type-post","status-publish","format-standard","has-post-thumbnail","hentry","category-lajme","category-te-fundit"],"gt_translate_keys":[{"key":"link","format":"url"}],"_links":{"self":[{"href":"https:\/\/www.hashtag.al\/index.php\/wp-json\/wp\/v2\/posts\/427072","targetHints":{"allow":["GET"]}}],"collection":[{"href":"https:\/\/www.hashtag.al\/index.php\/wp-json\/wp\/v2\/posts"}],"about":[{"href":"https:\/\/www.hashtag.al\/index.php\/wp-json\/wp\/v2\/types\/post"}],"author":[{"embeddable":true,"href":"https:\/\/www.hashtag.al\/index.php\/wp-json\/wp\/v2\/users\/51"}],"replies":[{"embeddable":true,"href":"https:\/\/www.hashtag.al\/index.php\/wp-json\/wp\/v2\/comments?post=427072"}],"version-history":[{"count":0,"href":"https:\/\/www.hashtag.al\/index.php\/wp-json\/wp\/v2\/posts\/427072\/revisions"}],"wp:featuredmedia":[{"embeddable":true,"href":"https:\/\/www.hashtag.al\/index.php\/wp-json\/wp\/v2\/media\/425514"}],"wp:attachment":[{"href":"https:\/\/www.hashtag.al\/index.php\/wp-json\/wp\/v2\/media?parent=427072"}],"wp:term":[{"taxonomy":"category","embeddable":true,"href":"https:\/\/www.hashtag.al\/index.php\/wp-json\/wp\/v2\/categories?post=427072"},{"taxonomy":"post_tag","embeddable":true,"href":"https:\/\/www.hashtag.al\/index.php\/wp-json\/wp\/v2\/tags?post=427072"}],"curies":[{"name":"wp","href":"https:\/\/api.w.org\/{rel}","templated":true}]}}