{"id":427059,"date":"2021-01-31T21:32:33","date_gmt":"2021-01-31T20:32:33","guid":{"rendered":"https:\/\/hashtag.al\/?p=427059"},"modified":"2021-02-15T23:13:31","modified_gmt":"2021-02-15T22:13:31","slug":"kandidatit-i-pavarur-per-deputet-ne-bulqize-akuza-samir-manes-na-luftoi-me-polici-e-media-statusi-i-minatorit-pike-kyce-per-ne","status":"publish","type":"post","link":"https:\/\/www.hashtag.al\/index.php\/2021\/01\/31\/kandidatit-i-pavarur-per-deputet-ne-bulqize-akuza-samir-manes-na-luftoi-me-polici-e-media-statusi-i-minatorit-pike-kyce-per-ne\/","title":{"rendered":"Kandidati i pavarur p\u00ebr deputet n\u00eb Bulqiz\u00eb akuza Samir Manes: Na luftoi me polici e media, Statusi i Minatorit pik\u00eb ky\u00e7e p\u00ebr ne","gt_translate_keys":[{"key":"rendered","format":"text"}]},"content":{"rendered":"<p><img loading=\"lazy\" decoding=\"async\" class=\"aligncenter size-full wp-image-427063\" src=\"https:\/\/hashtag.al\/wp-content\/uploads\/2021\/01\/manedebreshi.jpg\" alt=\"\" width=\"2000\" height=\"1000\" srcset=\"https:\/\/www.hashtag.al\/wp-content\/uploads\/2021\/01\/manedebreshi.jpg 2000w, https:\/\/www.hashtag.al\/wp-content\/uploads\/2021\/01\/manedebreshi-300x150.jpg 300w, https:\/\/www.hashtag.al\/wp-content\/uploads\/2021\/01\/manedebreshi-768x384.jpg 768w, https:\/\/www.hashtag.al\/wp-content\/uploads\/2021\/01\/manedebreshi-1024x512.jpg 1024w\" sizes=\"auto, (max-width: 2000px) 100vw, 2000px\" \/><\/p>\n<p><span style=\"color: #000000;\">Kreu i Sindikat\u00ebs s\u00eb Minator\u00ebve t\u00eb Bashkuar t\u00eb Bulqiz\u00ebs, Elton Debreshi, ka folur mbr\u00ebmjen e sotme mbi kandidimin e tij si i pavarur n\u00eb zgjedhjet e 25 prillit. <\/span><\/p>\n<p><span style=\"color: #000000;\">Babai i kat\u00ebr f\u00ebmij\u00ebve dhe brezi i tret\u00eb i minator\u00ebve n\u00eb familje, ka qen\u00eb i ftuar n\u00eb <span style=\"color: #0000ff;\"><a style=\"color: #0000ff;\" href=\"https:\/\/gogo.al\/gogocast-elton-debreshi\/\">GogoCast<\/a><\/span> n\u00eb Gogo.al ku ka rr\u00ebfyer mbi synimet e tij, problematikat me t\u00eb cilat p\u00ebrballen pun\u00ebtor\u00ebt dhe p\u00ebrplasjen me Albchrome t\u00eb Samir Manes e luft\u00ebn e tij ndaj interesave t\u00eb minator\u00ebve.<\/span><\/p>\n<p><span style=\"color: #000000;\"> I pyetur mbi kushtet dhe problematikat me t\u00eb cilat p\u00ebrballen minator\u00ebt e Bulqiz\u00ebs, Debreshi tha se kushtet e tyre jan\u00eb tejet t\u00eb k\u00ebqija, nd\u00ebrsa pagat shum\u00eb t\u00eb ul\u00ebta.<\/span><\/p>\n<p><span style=\"color: #000000;\"><em>\u201cMiniera quhet \u2018gropa e zez\u00eb. Minator\u00ebt e ish-minator\u00eb Jan\u00eb gjymtuar dhe nuk kan\u00eb asnj\u00eb lloj t\u00eb ardhure, jetojn\u00eb me ndihm\u00eb ekonomike, jan\u00eb si mos m\u00eb keq. Puna n\u00eb minier\u00eb \u00ebsht\u00eb tep\u00ebr e r\u00ebnd\u00eb. Ka shfryt\u00ebzim barbar e pak investime. Kushtet jan\u00eb t\u00eb mjerueshme, pagat jan\u00eb t\u00eb ul\u00ebta, 500 mij\u00eb lek\u00eb n\u00eb muaj, kjo \u00ebsht\u00eb turp dhe fyerje p\u00ebr pun\u00ebn q\u00eb b\u00ebjm\u00eb. Kushtet jan\u00eb sidomos t\u00eb v\u00ebshtira te miniera q\u00eb administron kompania Albchrome ku ka edhe gaz hidrogjen q\u00eb shp\u00ebrthen. M\u00eb duhet t\u00eb them se k\u00ebtu nuk kan\u00eb funksionuar institucionet shtet\u00ebrore, Inspektoriati i Pun\u00ebs e sindikatat q\u00eb jan\u00eb t\u00eb kapura.\u201d<\/em> \u2013 pohon Debreshi gjat\u00eb intervist\u00ebs s\u00eb tij.<\/span><\/p>\n<p><img loading=\"lazy\" decoding=\"async\" class=\"aligncenter size-full wp-image-427061\" src=\"https:\/\/hashtag.al\/wp-content\/uploads\/2021\/01\/WhatsApp-Image-2021-01-31-at-21.14.51.jpeg\" alt=\"\" width=\"1280\" height=\"853\" srcset=\"https:\/\/www.hashtag.al\/wp-content\/uploads\/2021\/01\/WhatsApp-Image-2021-01-31-at-21.14.51.jpeg 1280w, https:\/\/www.hashtag.al\/wp-content\/uploads\/2021\/01\/WhatsApp-Image-2021-01-31-at-21.14.51-300x200.jpeg 300w, https:\/\/www.hashtag.al\/wp-content\/uploads\/2021\/01\/WhatsApp-Image-2021-01-31-at-21.14.51-768x512.jpeg 768w, https:\/\/www.hashtag.al\/wp-content\/uploads\/2021\/01\/WhatsApp-Image-2021-01-31-at-21.14.51-1024x682.jpeg 1024w\" sizes=\"auto, (max-width: 1280px) 100vw, 1280px\" \/><\/p>\n<p><span style=\"color: #000000;\">M\u00eb tej biseda p\u00ebqendrohet te p\u00ebrplasja e minator\u00ebve dhe sindikat\u00ebs m\u00eb t\u00eb re me kompanin\u00eb Albchrome. <\/span><\/p>\n<p><span style=\"color: #000000;\">Debreshi tregon t\u00eb gjitha v\u00ebshtir\u00ebsit\u00eb q\u00eb nga themelimi i sindikat\u00ebs, q\u00eb n\u00eb fokus ka mbrojtjen e pun\u00ebtor\u00ebve. <\/span><\/p>\n<p><span style=\"color: #000000;\">Ai akuzon Samir Manen p\u00ebr luft\u00ebn q\u00eb u \u00ebsht\u00eb b\u00ebr\u00eb minator\u00ebve q\u00eb n\u00eb fillim nd\u00ebrsa tregon edhe operacionin p\u00ebr bllokimin e sindikat\u00ebs dhe k\u00ebrkimit t\u00eb t\u00eb drejtave n\u00ebp\u00ebrmjet k\u00ebrc\u00ebnimeve, heqjeve nga puna e bllokimit t\u00eb mediave p\u00ebr t\u00eb mos shfaqur at\u00eb q\u00eb ndodh n\u00eb t\u00eb v\u00ebrtet\u00eb me minator\u00ebt n\u00eb Bulqiz\u00eb.<\/span><\/p>\n<p><span style=\"color: #000000;\"><em>\u201cKam punuar 6 vite te Albchrome n\u00eb kushte shum\u00eb t\u00eb v\u00ebshtira. M\u00eb pas nj\u00eb grup minato\u00ebsh t\u00eb rinj u p\u00ebrplas\u00ebn me drejtorin lokal t\u00eb kompanis\u00eb n\u00eb Bulqiz\u00eb. Ne mor\u00ebm p\u00ebrsip\u00ebr m\u00eb pas q\u00eb t\u00eb krijojm\u00eb nj\u00eb sindikat\u00eb t\u00eb re q\u00eb u mb\u00ebshtet nga pjesa d\u00ebrrmuese e minator\u00ebve. Pas shpalljes s\u00eb sindikat\u00ebs, Albchrome u hakmor duke m\u00eb pushuar nga puna. Kompania mori masa edhe ndaj an\u00ebtar\u00ebve t\u00eb tjer\u00eb t\u00eb sindikat\u00ebs. Pasi u shua disi protesta pasi soll\u00ebn policin\u00eb, q\u00eb i ka n\u00ebn komand\u00eb vet\u00eb Samir Mane. M\u00eb pas hoq\u00ebn nga puna disa persona e mor\u00ebn \u00eb pyetje m\u00eb shum\u00eb se 50 minator\u00eb. Albchrome bllokoi mediat q\u00eb t\u00eb mos transmetonin grev\u00ebn ton\u00eb. Kur disa media t\u00eb vogla fol\u00ebn p\u00ebr protest\u00ebn ton\u00eb, TV Klani b\u00ebri nj\u00eb emision sikur Samir Mane kishte b\u00ebr\u00eb mrekulli n\u00eb Bulqiz\u00eb, por \u00ebsht\u00eb krejt e kund\u00ebrta. Ai po investon q\u00eb t\u00eb nxjerr\u00eb m\u00eb shum\u00eb prodhim por asgj\u00eb p\u00ebr minator\u00ebt. Ka b\u00ebr\u00eb disa ndryshime t\u00eb vogla, por kompania po investon vet\u00ebm p\u00ebr veten e vet.\u201d<\/em> \u2013 thot\u00eb m\u00eb tej Debreshi.<\/span><\/p>\n<p><img loading=\"lazy\" decoding=\"async\" class=\"aligncenter size-full wp-image-427062\" src=\"https:\/\/hashtag.al\/wp-content\/uploads\/2021\/01\/WhatsApp-Image-2021-01-31-at-21.14.55.jpeg\" alt=\"\" width=\"1280\" height=\"718\" srcset=\"https:\/\/www.hashtag.al\/wp-content\/uploads\/2021\/01\/WhatsApp-Image-2021-01-31-at-21.14.55.jpeg 1280w, https:\/\/www.hashtag.al\/wp-content\/uploads\/2021\/01\/WhatsApp-Image-2021-01-31-at-21.14.55-300x168.jpeg 300w, https:\/\/www.hashtag.al\/wp-content\/uploads\/2021\/01\/WhatsApp-Image-2021-01-31-at-21.14.55-768x431.jpeg 768w, https:\/\/www.hashtag.al\/wp-content\/uploads\/2021\/01\/WhatsApp-Image-2021-01-31-at-21.14.55-1024x574.jpeg 1024w\" sizes=\"auto, (max-width: 1280px) 100vw, 1280px\" \/><\/p>\n<p><span style=\"color: #000000;\">Ai tregon m\u00eb tej sesi vendosi t\u00eb kandidoj\u00eb, duke pohuar se k\u00ebt\u00eb ia kan\u00eb k\u00ebrkuar minator\u00ebt e ish-minator\u00ebt n\u00eb mbar\u00eb vendin, nd\u00ebrsa thekson se lufta p\u00ebr miratimin e Statusit t\u00eb Minatorit \u00ebsht\u00eb ky\u00e7e dhe prek minator\u00ebt, komunitetin dhe gjith\u00eb qytetin e Bulqiz\u00ebs.<\/span><\/p>\n<p><span style=\"color: #000000;\"><em>\u201cNuk e kam dashur t\u00eb hidhja kandidatur\u00ebn p\u00ebr deputet. Sepse njer\u00ebzit e p\u00ebrdorin k\u00ebt\u00eb p\u00ebr akuza, do kandidoj\u00eb, do shitet si tjetri, do b\u00ebj\u00eb si ky, si ai. N\u00eb n\u00ebntor nis\u00ebm nj\u00eb peticion p\u00ebr Statusin e Minatorit, mblodh\u00ebm 11 mij\u00eb firma q\u00eb i paraqit\u00ebm te institucionet. Qeveria nuk ka b\u00ebr\u00eb asnj\u00eb l\u00ebvizje me dosjen e paraqitur prej nesh. Kan\u00eb qen\u00eb vet\u00eb minator\u00ebt e ish-minator\u00ebt n\u00eb mbar\u00eb vendin ku kemi qen\u00eb, q\u00eb kan\u00eb k\u00ebrkuar q\u00eb ne t\u00eb hidhnim kandidatur\u00ebn p\u00ebr deputet. Deputet\u00ebt e partive e kan\u00eb p\u00ebrdorur minatorin deri n\u00eb zgjedhje, m\u00eb pas nuk e kan\u00eb kthyer m\u00eb kok\u00ebn pas. Statusi i minatorit prek minatorin, komunitetin, gjith\u00eb qytetin. \u00cbsht\u00eb pika ky\u00e7e. Statusi i jep sigurin\u00eb minatorit. N\u00ebse do kishte qen\u00eb ndryshe situata nuk do kisha kandiduar, por bllokada na ka detyruar q\u00eb t\u00eb ecim n\u00eb k\u00ebt\u00eb drejtim. Problematika \u00ebsht\u00eb n\u00eb t\u00eb gjitha qytetet ku ka miniera.\u201d<\/em> &#8211; shton Debreshi.<\/span><\/p>\n<p><span style=\"color: #000000;\">N\u00eb fund ai shpjegon pse \u00ebsht\u00eb l\u00ebn\u00eb pas dore Bulqiza dhe sesi \u00ebsht\u00eb grabitur ajo dhe qytetet e tjera n\u00eb vend nga politika 30-vje\u00e7are. Debreshi thekson se do i q\u00ebndroj\u00eb deri n\u00eb fund kauz\u00ebs s\u00eb minator\u00ebve dhe se nuk l\u00ebkundet p\u00ebr asnj\u00eb \u00e7ast n\u00eb rrug\u00ebn e tij. <\/span><\/p>\n<p><span style=\"color: #000000;\">Po k\u00ebshtu ai pohon se firmat q\u00eb i duhen p\u00ebr t\u00eb p\u00ebrmbushur kriterin ligjor p\u00ebr t\u00eb kandiduar do ishin\u00a0 mbledhur me koh\u00eb, pasi mb\u00ebshtetja \u00ebsht\u00eb e madhe por nj\u00eb pjese qytetar\u00ebsh u kan\u00eb skaduar kartat e identitetit prandaj procesi ka zgjatur paksa.<\/span><\/p>\n<p><span style=\"color: #000000;\"><em>\u201cSindikatat kan\u00eb qen\u00eb fillimisht serioze, por m\u00eb pas u kap\u00ebn. T\u00eb gjith\u00eb politikan\u00ebt e kan\u00eb p\u00ebrdorur premtimin p\u00ebr statusin e minatorit p\u00ebr mbledhjen e votave. Qyteti k\u00ebtu mbahet me minier\u00ebn, s\u2019ka pun\u00ebsim tjet\u00ebr. Ata po na grabisin gjith\u00e7ka, dhe ne nuk flasim dot se kemi hall se na heqin nga puna. K\u00ebta po grabisin gjith\u00e7ka si\u00e7 ndodh edhe n\u00eb zona t\u00eb tjera, n\u00eb Ballsh me naft\u00ebtar\u00ebt etj. Nuk ka asnj\u00eb lloj mund\u00ebsie q\u00eb t\u00eb tradh\u00ebtoj kauz\u00ebn. K\u00ebsisoj do kisha shitur prindin tim, gjyshin\u00a0 dhe veten time. S\u2019mund t\u2019i shesh t\u00eb gjitha k\u00ebto edhe sikur t\u00eb m\u00eb ofronin para pa fund. Ne i p\u00ebrjetojm\u00eb n\u00eb kurriz t\u00eb gjitha v\u00ebshtir\u00ebsit\u00eb dhe shitja e k\u00ebsaj do t\u00eb thoshte shitja e nderit, djers\u00ebs, familjes, minator\u00ebve e qytetar\u00ebve t\u00eb mi. Mb\u00ebshtetja \u00ebsht\u00eb goxha e madhe. Dhe numri do ishte arritur shum\u00eb shpejt por nj\u00eb pjes\u00eb e mir\u00eb e qytetar\u00ebve u kan\u00eb skaduar kartat dhe kjo na e ka v\u00ebshtir\u00ebsu pak mbledhjen e firmave. Ndryshe firmat do ishin mbledh sepse kemi pas mb\u00ebshtetje t\u00eb madhe.\u201d<\/em> \u2013 mbyll rr\u00ebfimin e tij n\u00eb GogoCast, Debreshi.<\/span><\/p>\n<p><span style=\"color: #000000;\"><span style=\"color: #ff0000;\"><strong>VINI RE<\/strong><\/span>: Intervist\u00ebn e plot\u00eb t\u00eb Elton Debreshit n\u00eb <span style=\"color: #0000ff;\">GogoCast<\/span> mund ta ndiqni <strong><a href=\"https:\/\/www.youtube.com\/watch?v=Padd0QIN6jI&amp;feature=emb_logo\"><span style=\"color: #0000ff;\">K\u00ebtu<\/span><\/a><\/strong><\/span><\/p>\n<p><img loading=\"lazy\" decoding=\"async\" class=\"aligncenter size-full wp-image-427060\" src=\"https:\/\/hashtag.al\/wp-content\/uploads\/2021\/01\/WhatsApp-Image-2021-01-31-at-21.16.09-e1612124722927.jpeg\" alt=\"\" width=\"720\" height=\"648\" srcset=\"https:\/\/www.hashtag.al\/wp-content\/uploads\/2021\/01\/WhatsApp-Image-2021-01-31-at-21.16.09-e1612124722927.jpeg 720w, https:\/\/www.hashtag.al\/wp-content\/uploads\/2021\/01\/WhatsApp-Image-2021-01-31-at-21.16.09-e1612124722927-300x270.jpeg 300w\" sizes=\"auto, (max-width: 720px) 100vw, 720px\" \/><\/p>\n","protected":false,"gt_translate_keys":[{"key":"rendered","format":"html"}]},"excerpt":{"rendered":"<p>Kreu i Sindikat\u00ebs s\u00eb Minator\u00ebve t\u00eb Bashkuar t\u00eb Bulqiz\u00ebs, Elton Debreshi, ka folur mbr\u00ebmjen e sotme mbi kandidimin e tij si i pavarur n\u00eb zgjedhjet e 25 prillit. Babai i kat\u00ebr f\u00ebmij\u00ebve dhe brezi i tret\u00eb i minator\u00ebve n\u00eb familje, ka qen\u00eb i ftuar n\u00eb GogoCast n\u00eb Gogo.al ku ka rr\u00ebfyer mbi synimet e tij, [&hellip;]<\/p>\n","protected":false,"gt_translate_keys":[{"key":"rendered","format":"html"}]},"author":51,"featured_media":427063,"comment_status":"open","ping_status":"open","sticky":false,"template":"","format":"standard","meta":{"footnotes":""},"categories":[22,65,11,13],"tags":[],"class_list":["post-427059","post","type-post","status-publish","format-standard","has-post-thumbnail","hentry","category-ballina","category-lajme","category-super-click","category-te-fundit"],"gt_translate_keys":[{"key":"link","format":"url"}],"_links":{"self":[{"href":"https:\/\/www.hashtag.al\/index.php\/wp-json\/wp\/v2\/posts\/427059","targetHints":{"allow":["GET"]}}],"collection":[{"href":"https:\/\/www.hashtag.al\/index.php\/wp-json\/wp\/v2\/posts"}],"about":[{"href":"https:\/\/www.hashtag.al\/index.php\/wp-json\/wp\/v2\/types\/post"}],"author":[{"embeddable":true,"href":"https:\/\/www.hashtag.al\/index.php\/wp-json\/wp\/v2\/users\/51"}],"replies":[{"embeddable":true,"href":"https:\/\/www.hashtag.al\/index.php\/wp-json\/wp\/v2\/comments?post=427059"}],"version-history":[{"count":0,"href":"https:\/\/www.hashtag.al\/index.php\/wp-json\/wp\/v2\/posts\/427059\/revisions"}],"wp:featuredmedia":[{"embeddable":true,"href":"https:\/\/www.hashtag.al\/index.php\/wp-json\/wp\/v2\/media\/427063"}],"wp:attachment":[{"href":"https:\/\/www.hashtag.al\/index.php\/wp-json\/wp\/v2\/media?parent=427059"}],"wp:term":[{"taxonomy":"category","embeddable":true,"href":"https:\/\/www.hashtag.al\/index.php\/wp-json\/wp\/v2\/categories?post=427059"},{"taxonomy":"post_tag","embeddable":true,"href":"https:\/\/www.hashtag.al\/index.php\/wp-json\/wp\/v2\/tags?post=427059"}],"curies":[{"name":"wp","href":"https:\/\/api.w.org\/{rel}","templated":true}]}}