{"id":426972,"date":"2021-01-31T13:09:41","date_gmt":"2021-01-31T12:09:41","guid":{"rendered":"https:\/\/hashtag.al\/?p=426972"},"modified":"2021-01-31T13:10:55","modified_gmt":"2021-01-31T12:10:55","slug":"lsi-ja-prezanton-ne-berat-kandidaten-per-deputete-kontribut-ne-mesimdhenie-dhe-biznesin-fason","status":"publish","type":"post","link":"https:\/\/www.hashtag.al\/index.php\/2021\/01\/31\/lsi-ja-prezanton-ne-berat-kandidaten-per-deputete-kontribut-ne-mesimdhenie-dhe-biznesin-fason\/","title":{"rendered":"LSI-ja prezanton n\u00eb Berat kandidaten p\u00ebr deputete, kontribut n\u00eb m\u00ebsimdh\u00ebnie dhe biznesin fason","gt_translate_keys":[{"key":"rendered","format":"text"}]},"content":{"rendered":"<p><img loading=\"lazy\" decoding=\"async\" class=\"aligncenter size-full wp-image-426973\" src=\"https:\/\/hashtag.al\/wp-content\/uploads\/2021\/01\/lsi-berat.jpg\" alt=\"\" width=\"960\" height=\"658\" srcset=\"https:\/\/www.hashtag.al\/wp-content\/uploads\/2021\/01\/lsi-berat.jpg 960w, https:\/\/www.hashtag.al\/wp-content\/uploads\/2021\/01\/lsi-berat-300x206.jpg 300w, https:\/\/www.hashtag.al\/wp-content\/uploads\/2021\/01\/lsi-berat-768x526.jpg 768w\" sizes=\"auto, (max-width: 960px) 100vw, 960px\" \/><\/p>\n<p><span style=\"color: #000000;\">Drejtuesi politik i LSI-s\u00eb i qarkut t\u00eb Beratit ka prezantuar dit\u00ebn e sotme nj\u00eb nga kandidatet p\u00ebr deputete p\u00ebr zgjedhjet e 25 prillit.<\/span><\/p>\n<p><span style=\"color: #000000;\">Esmeralda Qirko do jet\u00eb kandidatja p\u00ebr Qarkun e Beratit n\u00eb zgjedhjet parlamentare t\u00eb 25 prillit.<\/span><\/p>\n<p><span style=\"color: #000000;\">N\u00eb p\u00ebrshkrimin q\u00eb i ka b\u00ebr\u00eb drejtuesi politik Ardit \u00c7ela, kandidatja ka sh\u00ebrbyer n\u00eb m\u00ebsimdh\u00ebnie dhe prej 27 vitesh kontribuon n\u00eb sektorin e biznesit fason.<\/span><\/p>\n<p><span style=\"color: #000000;\">\u201c<em>K\u00ebnaq\u00ebsi e ve\u00e7ant\u00eb sot p\u00ebr mua dhe LSI Berat, t\u00eb prezantonim Znj. Esmeralda Qirko, p\u00ebrfaq\u00ebsuesen e ardhshme t\u00eb LSI n\u00eb parlamentin e ardhsh\u00ebm. Znj. Qirko \u00ebsht\u00eb nj\u00eb intelektuale, nj\u00eb p\u00ebrfaq\u00ebsuese e jasht\u00ebzakonshme e vlerave dhe qytetaris\u00eb beratase.<\/em><\/span><\/p>\n<p><span style=\"color: #000000;\"><em>Znj. Esmeralda Qirko \u00ebsht\u00eb nj\u00eb grua me kurajo, energjike, dhe ne jemi t\u00eb bindur se do t\u00eb jet\u00eb p\u00ebrfaq\u00ebsuese e denj\u00eb e qytetaris\u00eb dhe gruas beratase, e sip\u00ebrmarrjes s\u00eb ndershme, e sidomos edhe e biznesit fason. Si m\u00ebsuese e matematik\u00ebs, Esmeralda ka sh\u00ebrbyer n\u00eb misionin fisnik t\u00eb m\u00ebsimdh\u00ebnies p\u00ebr vite me radh\u00eb n\u00eb Berat. Prej rreth 27 vitesh, ajo kontribuon n\u00eb sektorin e biznesit fason dhe \u00ebsht\u00eb nj\u00eb nga sip\u00ebrmarr\u00ebset m\u00eb t\u00eb suksesshme e t\u00eb ndershme t\u00eb k\u00ebtij sektori q\u00eb pun\u00ebson me mij\u00ebra familje n\u00eb Berat e n\u00eb t\u00eb gjith\u00eb Shqip\u00ebrin\u00eb. Sot \u00ebsht\u00eb nj\u00eb dit\u00eb e bukur p\u00ebr LSI. Sot \u00ebsht\u00eb nj\u00eb dit\u00eb e bukur p\u00ebr Beratin. Vazhdojm\u00eb me vendosm\u00ebri rrug\u00ebn ton\u00eb! LSI rritet p\u00ebrdit\u00eb<\/em>\u201d- shkruan ai.<\/span><\/p>\n<p><span style=\"color: #000000;\">N\u00eb k\u00ebt\u00eb qark nga LSI-ja jan\u00eb larguar Nasip Na\u00e7o dhe Gledion Rehovica t\u00eb cil\u00ebt kan\u00eb qen\u00eb deputet\u00eb n\u00eb k\u00ebt\u00eb qark nd\u00ebrsa i jan\u00eb bashkuar Partis\u00eb Socialiste.<\/span><\/p>\n<p><span style=\"color: #000000;\">Dit\u00ebn e djeshme nga LSI-ja u larguan edhe rreth 100 mb\u00ebshtet\u00ebs p\u00ebr t\u00eb cil\u00ebn nga drejtuesit e k\u00ebsaj force politike n\u00eb k\u00ebt\u00eb qark u tha se jan\u00eb t\u00eb af\u00ebrm t\u00eb Rehovic\u00ebs.<\/span><\/p>\n<p><img loading=\"lazy\" decoding=\"async\" class=\"aligncenter size-full wp-image-426975\" src=\"https:\/\/hashtag.al\/wp-content\/uploads\/2021\/01\/145186264_10159116207528530_6115877953989125802_n.jpg\" alt=\"\" width=\"720\" height=\"960\" srcset=\"https:\/\/www.hashtag.al\/wp-content\/uploads\/2021\/01\/145186264_10159116207528530_6115877953989125802_n.jpg 720w, https:\/\/www.hashtag.al\/wp-content\/uploads\/2021\/01\/145186264_10159116207528530_6115877953989125802_n-225x300.jpg 225w\" sizes=\"auto, (max-width: 720px) 100vw, 720px\" \/><\/p>\n","protected":false,"gt_translate_keys":[{"key":"rendered","format":"html"}]},"excerpt":{"rendered":"<p>Drejtuesi politik i LSI-s\u00eb i qarkut t\u00eb Beratit ka prezantuar dit\u00ebn e sotme nj\u00eb nga kandidatet p\u00ebr deputete p\u00ebr zgjedhjet e 25 prillit. Esmeralda Qirko do jet\u00eb kandidatja p\u00ebr Qarkun e Beratit n\u00eb zgjedhjet parlamentare t\u00eb 25 prillit. N\u00eb p\u00ebrshkrimin q\u00eb i ka b\u00ebr\u00eb drejtuesi politik Ardit \u00c7ela, kandidatja ka sh\u00ebrbyer n\u00eb m\u00ebsimdh\u00ebnie dhe prej [&hellip;]<\/p>\n","protected":false,"gt_translate_keys":[{"key":"rendered","format":"html"}]},"author":32,"featured_media":426973,"comment_status":"open","ping_status":"open","sticky":false,"template":"","format":"standard","meta":{"footnotes":""},"categories":[65,13],"tags":[],"class_list":["post-426972","post","type-post","status-publish","format-standard","has-post-thumbnail","hentry","category-lajme","category-te-fundit"],"gt_translate_keys":[{"key":"link","format":"url"}],"_links":{"self":[{"href":"https:\/\/www.hashtag.al\/index.php\/wp-json\/wp\/v2\/posts\/426972","targetHints":{"allow":["GET"]}}],"collection":[{"href":"https:\/\/www.hashtag.al\/index.php\/wp-json\/wp\/v2\/posts"}],"about":[{"href":"https:\/\/www.hashtag.al\/index.php\/wp-json\/wp\/v2\/types\/post"}],"author":[{"embeddable":true,"href":"https:\/\/www.hashtag.al\/index.php\/wp-json\/wp\/v2\/users\/32"}],"replies":[{"embeddable":true,"href":"https:\/\/www.hashtag.al\/index.php\/wp-json\/wp\/v2\/comments?post=426972"}],"version-history":[{"count":0,"href":"https:\/\/www.hashtag.al\/index.php\/wp-json\/wp\/v2\/posts\/426972\/revisions"}],"wp:featuredmedia":[{"embeddable":true,"href":"https:\/\/www.hashtag.al\/index.php\/wp-json\/wp\/v2\/media\/426973"}],"wp:attachment":[{"href":"https:\/\/www.hashtag.al\/index.php\/wp-json\/wp\/v2\/media?parent=426972"}],"wp:term":[{"taxonomy":"category","embeddable":true,"href":"https:\/\/www.hashtag.al\/index.php\/wp-json\/wp\/v2\/categories?post=426972"},{"taxonomy":"post_tag","embeddable":true,"href":"https:\/\/www.hashtag.al\/index.php\/wp-json\/wp\/v2\/tags?post=426972"}],"curies":[{"name":"wp","href":"https:\/\/api.w.org\/{rel}","templated":true}]}}