{"id":426956,"date":"2021-01-31T11:22:37","date_gmt":"2021-01-31T10:22:37","guid":{"rendered":"https:\/\/hashtag.al\/?p=426956"},"modified":"2021-01-31T11:22:37","modified_gmt":"2021-01-31T10:22:37","slug":"moti-i-keq-pengon-ankorimin-e-tragetit-ne-vlore","status":"publish","type":"post","link":"https:\/\/www.hashtag.al\/index.php\/2021\/01\/31\/moti-i-keq-pengon-ankorimin-e-tragetit-ne-vlore\/","title":{"rendered":"Moti i keq pengon ankorimin e tragetit n\u00eb Vlor\u00eb","gt_translate_keys":[{"key":"rendered","format":"text"}]},"content":{"rendered":"<p><img loading=\"lazy\" decoding=\"async\" class=\"aligncenter size-full wp-image-380165\" src=\"https:\/\/hashtag.al\/wp-content\/uploads\/2020\/06\/vlore-porti-770x336.jpg\" alt=\"\" width=\"770\" height=\"336\" srcset=\"https:\/\/www.hashtag.al\/wp-content\/uploads\/2020\/06\/vlore-porti-770x336.jpg 770w, https:\/\/www.hashtag.al\/wp-content\/uploads\/2020\/06\/vlore-porti-770x336-300x131.jpg 300w, https:\/\/www.hashtag.al\/wp-content\/uploads\/2020\/06\/vlore-porti-770x336-768x335.jpg 768w\" sizes=\"auto, (max-width: 770px) 100vw, 770px\" \/><\/p>\n<p><span style=\"color: #000000;\">P\u00ebr shkak te kushteve hidrometeorologjike shume t\u00eb p\u00ebrkeq\u00ebsuara, trageti i linj\u00ebs Brindisi-Vlor\u00eb nuk \u00ebsht\u00eb ankoruar dot n\u00eb portin e qytetit bregdetar.<\/span><\/p>\n<p><span style=\"color: #000000;\">Me p\u00ebrmasimin e kushteve t\u00eb moti, do t\u00eb rifillojn\u00eb manovrat p\u00ebr t\u00eb b\u00ebr\u00eb t\u00eb mundur zbritjen e pasagjer\u00ebve dhe makinave.<\/span><\/p>\n<p><span style=\"color: #000000;\">Trageti doli n\u00eb Rad\u00eb, n\u00eb af\u00ebrsi t\u00eb gadishullit t\u00eb Karaburunit p\u00ebr tu mbrojtur nga er\u00ebrat e fuqishme q\u00eb fryjn\u00eb nga jugu.<\/span><\/p>\n","protected":false,"gt_translate_keys":[{"key":"rendered","format":"html"}]},"excerpt":{"rendered":"<p>P\u00ebr shkak te kushteve hidrometeorologjike shume t\u00eb p\u00ebrkeq\u00ebsuara, trageti i linj\u00ebs Brindisi-Vlor\u00eb nuk \u00ebsht\u00eb ankoruar dot n\u00eb portin e qytetit bregdetar. Me p\u00ebrmasimin e kushteve t\u00eb moti, do t\u00eb rifillojn\u00eb manovrat p\u00ebr t\u00eb b\u00ebr\u00eb t\u00eb mundur zbritjen e pasagjer\u00ebve dhe makinave. Trageti doli n\u00eb Rad\u00eb, n\u00eb af\u00ebrsi t\u00eb gadishullit t\u00eb Karaburunit p\u00ebr tu mbrojtur nga [&hellip;]<\/p>\n","protected":false,"gt_translate_keys":[{"key":"rendered","format":"html"}]},"author":32,"featured_media":380165,"comment_status":"open","ping_status":"open","sticky":false,"template":"","format":"standard","meta":{"footnotes":""},"categories":[65,13],"tags":[],"class_list":["post-426956","post","type-post","status-publish","format-standard","has-post-thumbnail","hentry","category-lajme","category-te-fundit"],"gt_translate_keys":[{"key":"link","format":"url"}],"_links":{"self":[{"href":"https:\/\/www.hashtag.al\/index.php\/wp-json\/wp\/v2\/posts\/426956","targetHints":{"allow":["GET"]}}],"collection":[{"href":"https:\/\/www.hashtag.al\/index.php\/wp-json\/wp\/v2\/posts"}],"about":[{"href":"https:\/\/www.hashtag.al\/index.php\/wp-json\/wp\/v2\/types\/post"}],"author":[{"embeddable":true,"href":"https:\/\/www.hashtag.al\/index.php\/wp-json\/wp\/v2\/users\/32"}],"replies":[{"embeddable":true,"href":"https:\/\/www.hashtag.al\/index.php\/wp-json\/wp\/v2\/comments?post=426956"}],"version-history":[{"count":0,"href":"https:\/\/www.hashtag.al\/index.php\/wp-json\/wp\/v2\/posts\/426956\/revisions"}],"wp:featuredmedia":[{"embeddable":true,"href":"https:\/\/www.hashtag.al\/index.php\/wp-json\/wp\/v2\/media\/380165"}],"wp:attachment":[{"href":"https:\/\/www.hashtag.al\/index.php\/wp-json\/wp\/v2\/media?parent=426956"}],"wp:term":[{"taxonomy":"category","embeddable":true,"href":"https:\/\/www.hashtag.al\/index.php\/wp-json\/wp\/v2\/categories?post=426956"},{"taxonomy":"post_tag","embeddable":true,"href":"https:\/\/www.hashtag.al\/index.php\/wp-json\/wp\/v2\/tags?post=426956"}],"curies":[{"name":"wp","href":"https:\/\/api.w.org\/{rel}","templated":true}]}}