{"id":426900,"date":"2021-01-30T18:31:14","date_gmt":"2021-01-30T17:31:14","guid":{"rendered":"https:\/\/hashtag.al\/?p=426900"},"modified":"2021-01-30T18:31:14","modified_gmt":"2021-01-30T17:31:14","slug":"ahmetaj-komenton-programin-e-pd-se-do-falimentoje-shtetin","status":"publish","type":"post","link":"https:\/\/www.hashtag.al\/index.php\/2021\/01\/30\/ahmetaj-komenton-programin-e-pd-se-do-falimentoje-shtetin\/","title":{"rendered":"Ahmetaj komenton programin e PD-s\u00eb: Do falimentoj\u00eb shtetin","gt_translate_keys":[{"key":"rendered","format":"text"}]},"content":{"rendered":"<p><img loading=\"lazy\" decoding=\"async\" class=\"aligncenter size-full wp-image-420345\" src=\"https:\/\/hashtag.al\/wp-content\/uploads\/2020\/12\/arben-ahmetaj.jpg\" alt=\"\" width=\"1234\" height=\"783\" srcset=\"https:\/\/www.hashtag.al\/wp-content\/uploads\/2020\/12\/arben-ahmetaj.jpg 1234w, https:\/\/www.hashtag.al\/wp-content\/uploads\/2020\/12\/arben-ahmetaj-300x190.jpg 300w, https:\/\/www.hashtag.al\/wp-content\/uploads\/2020\/12\/arben-ahmetaj-768x487.jpg 768w, https:\/\/www.hashtag.al\/wp-content\/uploads\/2020\/12\/arben-ahmetaj-1024x650.jpg 1024w\" sizes=\"auto, (max-width: 1234px) 100vw, 1234px\" \/><\/p>\n<p><span style=\"color: #000000;\">Ministri p\u00ebr Rind\u00ebrtimin, Arben Ahmetaj n\u00eb nj\u00eb intervist\u00eb p\u00ebr emisionin \u201cKjo Jav\u00eb\u201d komentoi programin e Partis\u00eb Demokratike t\u00eb prezantuar dy dit\u00eb m\u00eb par\u00eb.<\/span><\/p>\n<p><span style=\"color: #000000;\">Ahemtaj e cil\u00ebsoi programin si falimentues p\u00ebr vendin.<\/span><\/p>\n<p><span style=\"color: #000000;\">Ai mori p\u00ebr shembull propozimin p\u00ebr rritjen e pensioneve q\u00eb sipas tij do thellonte deficitin e skem\u00ebs s\u00eb pensioneve.<\/span><\/p>\n<p><span style=\"color: #000000;\">\u201c<em>Falimenton vendi. E di ti \u00e7far\u00eb ndodh me pensionet sot, jan\u00eb 470milion dollar\u00eb deficit skema e pensioneve. Po nga furnizohet skema e pensioneve ? nga furnizohet ? Se aty ka dhe 2 ish ministra , dy ish zv.ministra q\u00eb u vjen turp t\u00eb thon\u00eb shifrat se e din\u00eb shum\u00eb mir\u00eb q\u00eb nuk q\u00ebndron dhe posht\u00eb e lart e thon\u00eb q\u00eb \u00e7a t\u00eb themi ne tani , ne do themi ndonj\u00eb gj\u00eb. Se k\u00ebshtu thon\u00eb, nuk u p\u00ebrputhet 470milion dollar\u00eb \u00ebsht\u00eb deficiti i skem\u00ebs s\u00eb pensioneve sot q\u00eb financohet nga taksat. Financohet nga taksat e qytetar\u00ebve. Tani n\u00ebqoft\u00ebse ti e \u00e7on n\u00eb 18% sigurimet shoq\u00ebrore, ti ja rit t\u00eb pakt\u00ebn 270 milion dollar\u00eb deficitin. Nga do financohet skema e pensioneve ? Do l\u00ebn\u00eb qytetar\u00ebt pa pensione ? Do l\u00ebn\u00eb qytetar\u00ebt pa pensione, ket\u00eb po. Po tu bie n\u00eb dor\u00eb atyre ta garantoj un\u00eb q\u00eb i l\u00ebn\u00eb qytetar\u00ebt pa pensione. Nuk diskutohet fare. Llogarin\u00eb e kan\u00eb b\u00ebr\u00eb se do ta b\u00ebjm\u00eb dhe do p\u00ebrplasemi<\/em>\u201d-tha Ahmetaj.<\/span><\/p>\n","protected":false,"gt_translate_keys":[{"key":"rendered","format":"html"}]},"excerpt":{"rendered":"<p>Ministri p\u00ebr Rind\u00ebrtimin, Arben Ahmetaj n\u00eb nj\u00eb intervist\u00eb p\u00ebr emisionin \u201cKjo Jav\u00eb\u201d komentoi programin e Partis\u00eb Demokratike t\u00eb prezantuar dy dit\u00eb m\u00eb par\u00eb. Ahemtaj e cil\u00ebsoi programin si falimentues p\u00ebr vendin. Ai mori p\u00ebr shembull propozimin p\u00ebr rritjen e pensioneve q\u00eb sipas tij do thellonte deficitin e skem\u00ebs s\u00eb pensioneve. \u201cFalimenton vendi. E di ti [&hellip;]<\/p>\n","protected":false,"gt_translate_keys":[{"key":"rendered","format":"html"}]},"author":32,"featured_media":420345,"comment_status":"open","ping_status":"open","sticky":false,"template":"","format":"standard","meta":{"footnotes":""},"categories":[65,13],"tags":[],"class_list":["post-426900","post","type-post","status-publish","format-standard","has-post-thumbnail","hentry","category-lajme","category-te-fundit"],"gt_translate_keys":[{"key":"link","format":"url"}],"_links":{"self":[{"href":"https:\/\/www.hashtag.al\/index.php\/wp-json\/wp\/v2\/posts\/426900","targetHints":{"allow":["GET"]}}],"collection":[{"href":"https:\/\/www.hashtag.al\/index.php\/wp-json\/wp\/v2\/posts"}],"about":[{"href":"https:\/\/www.hashtag.al\/index.php\/wp-json\/wp\/v2\/types\/post"}],"author":[{"embeddable":true,"href":"https:\/\/www.hashtag.al\/index.php\/wp-json\/wp\/v2\/users\/32"}],"replies":[{"embeddable":true,"href":"https:\/\/www.hashtag.al\/index.php\/wp-json\/wp\/v2\/comments?post=426900"}],"version-history":[{"count":0,"href":"https:\/\/www.hashtag.al\/index.php\/wp-json\/wp\/v2\/posts\/426900\/revisions"}],"wp:featuredmedia":[{"embeddable":true,"href":"https:\/\/www.hashtag.al\/index.php\/wp-json\/wp\/v2\/media\/420345"}],"wp:attachment":[{"href":"https:\/\/www.hashtag.al\/index.php\/wp-json\/wp\/v2\/media?parent=426900"}],"wp:term":[{"taxonomy":"category","embeddable":true,"href":"https:\/\/www.hashtag.al\/index.php\/wp-json\/wp\/v2\/categories?post=426900"},{"taxonomy":"post_tag","embeddable":true,"href":"https:\/\/www.hashtag.al\/index.php\/wp-json\/wp\/v2\/tags?post=426900"}],"curies":[{"name":"wp","href":"https:\/\/api.w.org\/{rel}","templated":true}]}}