{"id":426729,"date":"2021-01-29T22:36:21","date_gmt":"2021-01-29T21:36:21","guid":{"rendered":"https:\/\/hashtag.al\/?p=426729"},"modified":"2021-01-29T22:39:13","modified_gmt":"2021-01-29T21:39:13","slug":"angjeli-per-programin-e-prezantuar-nga-basha-ka-vetem-nje-pakete-me-12-pika-ska-program","status":"publish","type":"post","link":"https:\/\/www.hashtag.al\/index.php\/2021\/01\/29\/angjeli-per-programin-e-prezantuar-nga-basha-ka-vetem-nje-pakete-me-12-pika-ska-program\/","title":{"rendered":"Angjeli p\u00ebr programin e prezantuar nga Basha: Ka vet\u00ebm nj\u00eb paket\u00eb premtimesh me 12 pika, jo program","gt_translate_keys":[{"key":"rendered","format":"text"}]},"content":{"rendered":"<p><img loading=\"lazy\" decoding=\"async\" class=\"aligncenter size-full wp-image-426730\" src=\"https:\/\/hashtag.al\/wp-content\/uploads\/2021\/01\/angjelianastas.jpg\" alt=\"\" width=\"1280\" height=\"720\" srcset=\"https:\/\/www.hashtag.al\/wp-content\/uploads\/2021\/01\/angjelianastas.jpg 1280w, https:\/\/www.hashtag.al\/wp-content\/uploads\/2021\/01\/angjelianastas-300x169.jpg 300w, https:\/\/www.hashtag.al\/wp-content\/uploads\/2021\/01\/angjelianastas-768x432.jpg 768w, https:\/\/www.hashtag.al\/wp-content\/uploads\/2021\/01\/angjelianastas-1024x576.jpg 1024w\" sizes=\"auto, (max-width: 1280px) 100vw, 1280px\" \/><\/p>\n<p><span style=\"color: #000000;\">Ish-ministri i Financave, Anastas Angjeli, ka komentuar mbr\u00ebmjen e sotme programin ekonomik t\u00eb prezantuar dit\u00ebn e djeshme nga kreu i PD-s\u00eb, Basha. <\/span><\/p>\n<p><span style=\"color: #000000;\">Sipas Angjelit, nuk b\u00ebhet fjal\u00eb p\u00ebr nj\u00eb projekt ekonomik por nj\u00eb paket\u00eb premtimesh me 12 pika. <\/span><\/p>\n<p><span style=\"color: #000000;\">Deputeti socialist e b\u00ebri deklarat\u00ebn n\u00eb intervist\u00ebn e mbr\u00ebmjes n\u00eb RTV Ora.<\/span><\/p>\n<p><span style=\"color: #000000;\"><em>\u201cSot nuk ka program. Ka vet\u00ebm nj\u00eb paket\u00eb me 12 pika, q\u00eb u shpall\u00ebn, q\u00eb \u00ebsht\u00eb nj\u00eb paket\u00eb premtimesh. E vetmja gj\u00eb, po e them me sinqeritet, q\u00eb mund t\u00eb debatojm\u00eb dhe t\u00eb diskutojm\u00eb \u00ebsht\u00eb: ju thoni taks\u00eb e shesht\u00eb, ne themi taks\u00eb progresive. Pse ju thoni kjo taks\u00eb \u00ebsht\u00eb m\u00eb e mir\u00eb, pse ne themi kjo taks\u00eb \u00ebsht\u00eb m\u00eb e mir\u00eb? K\u00ebtu mund t\u00eb debatohet. PS ka mbrojtur dhe mbron iden\u00eb e nj\u00eb takse progresive, me filizofin\u00eb e s\u00eb majt\u00ebs, q\u00eb kush siguron t\u00eb ardhura m\u00eb shum\u00eb, duhet t\u00eb kontribuoj\u00eb m\u00eb shum\u00eb. PD shkon me nj\u00eb ide tjet\u00ebr, t\u00eb gjith\u00eb t\u00eb paguajn\u00eb nj\u00ebsoj. Populli e gjykon e m\u00eb pas voton. Por t\u00eb paraqes\u00ebsh program ekonomik, n\u00eb fushat\u00eb elektorale, t\u00eb pretendosh q\u00eb marr\u00ebsh pushtetin dhe t\u00eb mos thuash gj\u00eb p\u00ebr ekonomin\u00eb\u2026 Si do rim\u00ebk\u00ebmbet ekonomia?\u201d<\/em> &#8211; u shpreh Angjeli.<\/span><\/p>\n","protected":false,"gt_translate_keys":[{"key":"rendered","format":"html"}]},"excerpt":{"rendered":"<p>Ish-ministri i Financave, Anastas Angjeli, ka komentuar mbr\u00ebmjen e sotme programin ekonomik t\u00eb prezantuar dit\u00ebn e djeshme nga kreu i PD-s\u00eb, Basha. Sipas Angjelit, nuk b\u00ebhet fjal\u00eb p\u00ebr nj\u00eb projekt ekonomik por nj\u00eb paket\u00eb premtimesh me 12 pika. Deputeti socialist e b\u00ebri deklarat\u00ebn n\u00eb intervist\u00ebn e mbr\u00ebmjes n\u00eb RTV Ora. \u201cSot nuk ka program. Ka [&hellip;]<\/p>\n","protected":false,"gt_translate_keys":[{"key":"rendered","format":"html"}]},"author":51,"featured_media":426730,"comment_status":"open","ping_status":"open","sticky":false,"template":"","format":"standard","meta":{"footnotes":""},"categories":[65,13],"tags":[],"class_list":["post-426729","post","type-post","status-publish","format-standard","has-post-thumbnail","hentry","category-lajme","category-te-fundit"],"gt_translate_keys":[{"key":"link","format":"url"}],"_links":{"self":[{"href":"https:\/\/www.hashtag.al\/index.php\/wp-json\/wp\/v2\/posts\/426729","targetHints":{"allow":["GET"]}}],"collection":[{"href":"https:\/\/www.hashtag.al\/index.php\/wp-json\/wp\/v2\/posts"}],"about":[{"href":"https:\/\/www.hashtag.al\/index.php\/wp-json\/wp\/v2\/types\/post"}],"author":[{"embeddable":true,"href":"https:\/\/www.hashtag.al\/index.php\/wp-json\/wp\/v2\/users\/51"}],"replies":[{"embeddable":true,"href":"https:\/\/www.hashtag.al\/index.php\/wp-json\/wp\/v2\/comments?post=426729"}],"version-history":[{"count":0,"href":"https:\/\/www.hashtag.al\/index.php\/wp-json\/wp\/v2\/posts\/426729\/revisions"}],"wp:featuredmedia":[{"embeddable":true,"href":"https:\/\/www.hashtag.al\/index.php\/wp-json\/wp\/v2\/media\/426730"}],"wp:attachment":[{"href":"https:\/\/www.hashtag.al\/index.php\/wp-json\/wp\/v2\/media?parent=426729"}],"wp:term":[{"taxonomy":"category","embeddable":true,"href":"https:\/\/www.hashtag.al\/index.php\/wp-json\/wp\/v2\/categories?post=426729"},{"taxonomy":"post_tag","embeddable":true,"href":"https:\/\/www.hashtag.al\/index.php\/wp-json\/wp\/v2\/tags?post=426729"}],"curies":[{"name":"wp","href":"https:\/\/api.w.org\/{rel}","templated":true}]}}