{"id":426712,"date":"2021-01-29T21:34:53","date_gmt":"2021-01-29T20:34:53","guid":{"rendered":"https:\/\/hashtag.al\/?p=426712"},"modified":"2021-01-29T21:35:19","modified_gmt":"2021-01-29T20:35:19","slug":"shperthim-ne-vjene-shembet-pjeserisht-godina-e-banimit-video","status":"publish","type":"post","link":"https:\/\/www.hashtag.al\/index.php\/2021\/01\/29\/shperthim-ne-vjene-shembet-pjeserisht-godina-e-banimit-video\/","title":{"rendered":"Shp\u00ebrthim n\u00eb Vjen\u00eb, shembet pjes\u00ebrisht godina e banimit (Video)","gt_translate_keys":[{"key":"rendered","format":"text"}]},"content":{"rendered":"<p><img loading=\"lazy\" decoding=\"async\" class=\"aligncenter size-full wp-image-426713\" src=\"https:\/\/hashtag.al\/wp-content\/uploads\/2021\/01\/vjene.jpg\" alt=\"\" width=\"990\" height=\"543\" srcset=\"https:\/\/www.hashtag.al\/wp-content\/uploads\/2021\/01\/vjene.jpg 990w, https:\/\/www.hashtag.al\/wp-content\/uploads\/2021\/01\/vjene-300x165.jpg 300w, https:\/\/www.hashtag.al\/wp-content\/uploads\/2021\/01\/vjene-768x421.jpg 768w\" sizes=\"auto, (max-width: 990px) 100vw, 990px\" \/><\/p>\n<p><span style=\"color: #000000;\">Nj\u00eb nd\u00ebrtes\u00eb apartamentesh n\u00eb Langenzersdorf af\u00ebr Vjen\u00ebs u shemb pjes\u00ebrisht t\u00eb premten n\u00eb m\u00ebngjes pasi nj\u00eb shp\u00ebrthim i duksh\u00ebm nisi nj\u00eb zjarr q\u00eb shp\u00ebrtheu n\u00eb maj\u00eb t\u00eb nd\u00ebrtes\u00ebs kat\u00ebr kat\u00ebshe.<\/span><\/p>\n<p><span style=\"color: #000000;\">Nj\u00eb d\u00ebshmitar raportoi se kishte d\u00ebgjuar nj\u00eb shp\u00ebrthim rreth or\u00ebs 8 t\u00eb m\u00ebngjesit me koh\u00ebn lokale, e cila u pohua nga nj\u00eb z\u00ebdh\u00ebn\u00ebs i policis\u00eb, i cili deklaroi se \u2018duket se ishte nj\u00eb shp\u00ebrthim\u2019. <\/span><\/p>\n<p><span style=\"color: #000000;\">Nd\u00ebrsa nuk ka pasur asnj\u00eb informacion p\u00ebr shkakun e incidentit, Zyra e Policis\u00eb Kriminale t\u00eb Shtetit po shikon n\u00ebse ishte nj\u00eb rrjedhje gazi.<\/span><\/p>\n<p><span style=\"color: #000000;\">Sh\u00ebrbimet e urgjenc\u00ebs, p\u00ebrfshir\u00eb brigadat e zjarrit, helikopter\u00ebt dhe ambulancat, u pan\u00eb n\u00eb vend. Deri m\u00eb tani, nj\u00eb person i cili ishte plagosur r\u00ebnd\u00eb dhe dy persona me l\u00ebndime t\u00eb lehta jan\u00eb shp\u00ebtuar nga nd\u00ebrtesa.<\/span><\/p>\n<p><span style=\"color: #000000;\"> T\u00eb d\u00ebmtuarit jan\u00eb transferuar n\u00eb spitalet lokale p\u00ebr trajtim dhe vler\u00ebsim t\u00eb m\u00ebtejsh\u00ebm. Meqen\u00ebse hyrja n\u00eb pron\u00eb \u00ebsht\u00eb ende shum\u00eb e rrezikshme, nuk \u00ebsht\u00eb ende e qart\u00eb n\u00ebse ka m\u00eb shum\u00eb individ\u00eb brenda.<\/span><\/p>\n<div style=\"width: 1170px;\" class=\"wp-video\"><video class=\"wp-video-shortcode\" id=\"video-426712-1\" width=\"1170\" height=\"658\" preload=\"metadata\" controls=\"controls\"><source type=\"video\/mp4\" src=\"https:\/\/hashtag.al\/wp-content\/uploads\/2021\/01\/vjene1.mp4?_=1\" \/><a href=\"https:\/\/hashtag.al\/wp-content\/uploads\/2021\/01\/vjene1.mp4\">https:\/\/hashtag.al\/wp-content\/uploads\/2021\/01\/vjene1.mp4<\/a><\/video><\/div>\n","protected":false,"gt_translate_keys":[{"key":"rendered","format":"html"}]},"excerpt":{"rendered":"<p>Nj\u00eb nd\u00ebrtes\u00eb apartamentesh n\u00eb Langenzersdorf af\u00ebr Vjen\u00ebs u shemb pjes\u00ebrisht t\u00eb premten n\u00eb m\u00ebngjes pasi nj\u00eb shp\u00ebrthim i duksh\u00ebm nisi nj\u00eb zjarr q\u00eb shp\u00ebrtheu n\u00eb maj\u00eb t\u00eb nd\u00ebrtes\u00ebs kat\u00ebr kat\u00ebshe. Nj\u00eb d\u00ebshmitar raportoi se kishte d\u00ebgjuar nj\u00eb shp\u00ebrthim rreth or\u00ebs 8 t\u00eb m\u00ebngjesit me koh\u00ebn lokale, e cila u pohua nga nj\u00eb z\u00ebdh\u00ebn\u00ebs i policis\u00eb, [&hellip;]<\/p>\n","protected":false,"gt_translate_keys":[{"key":"rendered","format":"html"}]},"author":51,"featured_media":426713,"comment_status":"open","ping_status":"open","sticky":false,"template":"","format":"standard","meta":{"footnotes":""},"categories":[6],"tags":[],"class_list":["post-426712","post","type-post","status-publish","format-standard","has-post-thumbnail","hentry","category-nderkombetare"],"gt_translate_keys":[{"key":"link","format":"url"}],"_links":{"self":[{"href":"https:\/\/www.hashtag.al\/index.php\/wp-json\/wp\/v2\/posts\/426712","targetHints":{"allow":["GET"]}}],"collection":[{"href":"https:\/\/www.hashtag.al\/index.php\/wp-json\/wp\/v2\/posts"}],"about":[{"href":"https:\/\/www.hashtag.al\/index.php\/wp-json\/wp\/v2\/types\/post"}],"author":[{"embeddable":true,"href":"https:\/\/www.hashtag.al\/index.php\/wp-json\/wp\/v2\/users\/51"}],"replies":[{"embeddable":true,"href":"https:\/\/www.hashtag.al\/index.php\/wp-json\/wp\/v2\/comments?post=426712"}],"version-history":[{"count":0,"href":"https:\/\/www.hashtag.al\/index.php\/wp-json\/wp\/v2\/posts\/426712\/revisions"}],"wp:featuredmedia":[{"embeddable":true,"href":"https:\/\/www.hashtag.al\/index.php\/wp-json\/wp\/v2\/media\/426713"}],"wp:attachment":[{"href":"https:\/\/www.hashtag.al\/index.php\/wp-json\/wp\/v2\/media?parent=426712"}],"wp:term":[{"taxonomy":"category","embeddable":true,"href":"https:\/\/www.hashtag.al\/index.php\/wp-json\/wp\/v2\/categories?post=426712"},{"taxonomy":"post_tag","embeddable":true,"href":"https:\/\/www.hashtag.al\/index.php\/wp-json\/wp\/v2\/tags?post=426712"}],"curies":[{"name":"wp","href":"https:\/\/api.w.org\/{rel}","templated":true}]}}