{"id":426706,"date":"2021-01-29T21:17:50","date_gmt":"2021-01-29T20:17:50","guid":{"rendered":"https:\/\/hashtag.al\/?p=426706"},"modified":"2021-01-29T21:17:50","modified_gmt":"2021-01-29T20:17:50","slug":"vjosa-osmani-e-thote-troc-me-14-shkurt-albin-kurti-do-jete-kryeminister-i-kosoves","status":"publish","type":"post","link":"https:\/\/www.hashtag.al\/index.php\/2021\/01\/29\/vjosa-osmani-e-thote-troc-me-14-shkurt-albin-kurti-do-jete-kryeminister-i-kosoves\/","title":{"rendered":"Vjosa Osmani e thot\u00eb tro\u00e7: Me 14 shkurt Albin Kurti do jet\u00eb kryeminist\u00ebr i Kosov\u00ebs","gt_translate_keys":[{"key":"rendered","format":"text"}]},"content":{"rendered":"<p>&nbsp;<\/p>\n<p><img loading=\"lazy\" decoding=\"async\" class=\"aligncenter size-full wp-image-423472\" src=\"https:\/\/hashtag.al\/wp-content\/uploads\/2021\/01\/osmanikurti.jpg\" alt=\"\" width=\"1200\" height=\"675\" srcset=\"https:\/\/www.hashtag.al\/wp-content\/uploads\/2021\/01\/osmanikurti.jpg 1200w, https:\/\/www.hashtag.al\/wp-content\/uploads\/2021\/01\/osmanikurti-300x169.jpg 300w, https:\/\/www.hashtag.al\/wp-content\/uploads\/2021\/01\/osmanikurti-768x432.jpg 768w, https:\/\/www.hashtag.al\/wp-content\/uploads\/2021\/01\/osmanikurti-1024x576.jpg 1024w\" sizes=\"auto, (max-width: 1200px) 100vw, 1200px\" \/><\/p>\n<p><span style=\"color: #000000;\">Presidentja n\u00eb detyr\u00eb Vjosa Osmani ka deklaruar se pas 14 shkurtit Albin Kurti do jet\u00eb kryeministri i ri i vendit.<\/span><\/p>\n<p><span style=\"color: #000000;\">Ajo ka shprehur mb\u00ebshtetjen e fort\u00eb p\u00ebr kreun e Vet\u00ebvendosjes, t\u00eb cilit sipas vendimit t\u00eb Gjykat\u00ebs Supreme t\u00eb Kosov\u00ebs, i ndalohet kandidimi n\u00eb zgjedhjet e parakohshme.<\/span><\/p>\n<p><span style=\"color: #000000;\"><em>\u201cN\u00eb historin\u00eb e popujve vota ka dy funksione: p\u00ebr ta nd\u00ebshkuar nj\u00eb model qeveris\u00ebs dhe p\u00ebr ta hapur nj\u00eb kapitull t\u00eb ri politik. Kthesat politike k\u00ebrkojn\u00eb kurajo dhe guxim. M\u00eb 14 shkurt me kurajo dhe guxim, e me vullnetin tuaj, Albin Kurti do t\u00eb jet\u00eb kryeminist\u00ebr!\u201d <\/em>\u2013 shkruan Osmani n\u00eb Facebook.<\/span><\/p>\n","protected":false,"gt_translate_keys":[{"key":"rendered","format":"html"}]},"excerpt":{"rendered":"<p>&nbsp; Presidentja n\u00eb detyr\u00eb Vjosa Osmani ka deklaruar se pas 14 shkurtit Albin Kurti do jet\u00eb kryeministri i ri i vendit. Ajo ka shprehur mb\u00ebshtetjen e fort\u00eb p\u00ebr kreun e Vet\u00ebvendosjes, t\u00eb cilit sipas vendimit t\u00eb Gjykat\u00ebs Supreme t\u00eb Kosov\u00ebs, i ndalohet kandidimi n\u00eb zgjedhjet e parakohshme. \u201cN\u00eb historin\u00eb e popujve vota ka dy funksione: [&hellip;]<\/p>\n","protected":false,"gt_translate_keys":[{"key":"rendered","format":"html"}]},"author":51,"featured_media":423472,"comment_status":"open","ping_status":"open","sticky":false,"template":"","format":"standard","meta":{"footnotes":""},"categories":[149],"tags":[],"class_list":["post-426706","post","type-post","status-publish","format-standard","has-post-thumbnail","hentry","category-kosoverajon"],"gt_translate_keys":[{"key":"link","format":"url"}],"_links":{"self":[{"href":"https:\/\/www.hashtag.al\/index.php\/wp-json\/wp\/v2\/posts\/426706","targetHints":{"allow":["GET"]}}],"collection":[{"href":"https:\/\/www.hashtag.al\/index.php\/wp-json\/wp\/v2\/posts"}],"about":[{"href":"https:\/\/www.hashtag.al\/index.php\/wp-json\/wp\/v2\/types\/post"}],"author":[{"embeddable":true,"href":"https:\/\/www.hashtag.al\/index.php\/wp-json\/wp\/v2\/users\/51"}],"replies":[{"embeddable":true,"href":"https:\/\/www.hashtag.al\/index.php\/wp-json\/wp\/v2\/comments?post=426706"}],"version-history":[{"count":0,"href":"https:\/\/www.hashtag.al\/index.php\/wp-json\/wp\/v2\/posts\/426706\/revisions"}],"wp:featuredmedia":[{"embeddable":true,"href":"https:\/\/www.hashtag.al\/index.php\/wp-json\/wp\/v2\/media\/423472"}],"wp:attachment":[{"href":"https:\/\/www.hashtag.al\/index.php\/wp-json\/wp\/v2\/media?parent=426706"}],"wp:term":[{"taxonomy":"category","embeddable":true,"href":"https:\/\/www.hashtag.al\/index.php\/wp-json\/wp\/v2\/categories?post=426706"},{"taxonomy":"post_tag","embeddable":true,"href":"https:\/\/www.hashtag.al\/index.php\/wp-json\/wp\/v2\/tags?post=426706"}],"curies":[{"name":"wp","href":"https:\/\/api.w.org\/{rel}","templated":true}]}}