{"id":426664,"date":"2021-01-29T17:30:06","date_gmt":"2021-01-29T16:30:06","guid":{"rendered":"https:\/\/hashtag.al\/?p=426664"},"modified":"2021-01-29T17:35:13","modified_gmt":"2021-01-29T16:35:13","slug":"kurti-komentin-vendimin-e-gjykates-supreme-qe-i-ndalon-kandidimin-ne-zgjedhje","status":"publish","type":"post","link":"https:\/\/www.hashtag.al\/index.php\/2021\/01\/29\/kurti-komentin-vendimin-e-gjykates-supreme-qe-i-ndalon-kandidimin-ne-zgjedhje\/","title":{"rendered":"Kurti komenton vendimin e Gjykat\u00ebs Supreme q\u00eb i ndalon kandidimin n\u00eb zgjedhje","gt_translate_keys":[{"key":"rendered","format":"text"}]},"content":{"rendered":"<p><img loading=\"lazy\" decoding=\"async\" class=\"aligncenter size-full wp-image-376142\" src=\"https:\/\/hashtag.al\/wp-content\/uploads\/2020\/05\/albinkurti-1.jpg\" alt=\"\" width=\"1102\" height=\"616\" srcset=\"https:\/\/www.hashtag.al\/wp-content\/uploads\/2020\/05\/albinkurti-1.jpg 1102w, https:\/\/www.hashtag.al\/wp-content\/uploads\/2020\/05\/albinkurti-1-300x168.jpg 300w, https:\/\/www.hashtag.al\/wp-content\/uploads\/2020\/05\/albinkurti-1-768x429.jpg 768w, https:\/\/www.hashtag.al\/wp-content\/uploads\/2020\/05\/albinkurti-1-1024x572.jpg 1024w\" sizes=\"auto, (max-width: 1102px) 100vw, 1102px\" \/><\/p>\n<p><span style=\"color: #000000;\">Kreu i Vet\u00ebvendosjes u ka b\u00ebr\u00eb thirrje qytetar\u00ebve t\u00eb Kosov\u00ebs q\u00eb t\u00eb votojn\u00eb masivisht p\u00ebr k\u00ebt\u00eb forc\u00eb politike n\u00eb zgjedhjet e 14 shkurtit.<\/span><\/p>\n<p><span style=\"color: #000000;\"> Kurti nuk e ka komentuar gjat\u00eb vendimin e sot\u00ebm t\u00eb Gjykat\u00ebs Supreme, q\u00eb i ndalon kandidimin n\u00eb zgjedhje. <\/span><\/p>\n<p><span style=\"color: #000000;\">Ai tha se nj\u00eb vendim i till\u00eb nuk ka mb\u00ebrritur ende n\u00eb zyr\u00ebn e tij dhe vet\u00ebm pasi kjo t\u00eb ndodh\u00eb, at\u00ebher\u00eb do e ankimoj\u00eb.<\/span><\/p>\n<p><span style=\"color: #000000;\"><em>\u201cSecili prej duhet ta mb\u00ebshtet list\u00ebn e VV-s\u00eb. Neve na duhen 61 deputet\u00eb. T\u00eb votohet masivisht ashtu sic ka aplikuar m\u00ebrgata jon\u00eb. M\u00eb 14 shkurt le ta b\u00ebjm\u00eb fest\u00eb t\u00eb VV-s\u00eb. Un\u00eb nuk e kam par\u00eb at\u00eb vendim, kur t\u00eb vjen n\u00eb zyr\u00ebn e LVV-s\u00eb, e trajtojm\u00eb dhe e analizojm\u00eb se \u00e7far\u00eb hapa do t\u00eb nd\u00ebrmarrim m\u00eb tutje, q\u00eb t\u00eb ankohemi n\u00ebse \u00ebsht\u00eb k\u00ebshtu.\u201d<\/em> &#8211; ka th\u00ebn\u00eb Kurti gjat\u00eb nj\u00eb takimi n\u00eb Prizren.<\/span><\/p>\n","protected":false,"gt_translate_keys":[{"key":"rendered","format":"html"}]},"excerpt":{"rendered":"<p>Kreu i Vet\u00ebvendosjes u ka b\u00ebr\u00eb thirrje qytetar\u00ebve t\u00eb Kosov\u00ebs q\u00eb t\u00eb votojn\u00eb masivisht p\u00ebr k\u00ebt\u00eb forc\u00eb politike n\u00eb zgjedhjet e 14 shkurtit. Kurti nuk e ka komentuar gjat\u00eb vendimin e sot\u00ebm t\u00eb Gjykat\u00ebs Supreme, q\u00eb i ndalon kandidimin n\u00eb zgjedhje. Ai tha se nj\u00eb vendim i till\u00eb nuk ka mb\u00ebrritur ende n\u00eb zyr\u00ebn e [&hellip;]<\/p>\n","protected":false,"gt_translate_keys":[{"key":"rendered","format":"html"}]},"author":51,"featured_media":376142,"comment_status":"open","ping_status":"open","sticky":false,"template":"","format":"standard","meta":{"footnotes":""},"categories":[149],"tags":[],"class_list":["post-426664","post","type-post","status-publish","format-standard","has-post-thumbnail","hentry","category-kosoverajon"],"gt_translate_keys":[{"key":"link","format":"url"}],"_links":{"self":[{"href":"https:\/\/www.hashtag.al\/index.php\/wp-json\/wp\/v2\/posts\/426664","targetHints":{"allow":["GET"]}}],"collection":[{"href":"https:\/\/www.hashtag.al\/index.php\/wp-json\/wp\/v2\/posts"}],"about":[{"href":"https:\/\/www.hashtag.al\/index.php\/wp-json\/wp\/v2\/types\/post"}],"author":[{"embeddable":true,"href":"https:\/\/www.hashtag.al\/index.php\/wp-json\/wp\/v2\/users\/51"}],"replies":[{"embeddable":true,"href":"https:\/\/www.hashtag.al\/index.php\/wp-json\/wp\/v2\/comments?post=426664"}],"version-history":[{"count":0,"href":"https:\/\/www.hashtag.al\/index.php\/wp-json\/wp\/v2\/posts\/426664\/revisions"}],"wp:featuredmedia":[{"embeddable":true,"href":"https:\/\/www.hashtag.al\/index.php\/wp-json\/wp\/v2\/media\/376142"}],"wp:attachment":[{"href":"https:\/\/www.hashtag.al\/index.php\/wp-json\/wp\/v2\/media?parent=426664"}],"wp:term":[{"taxonomy":"category","embeddable":true,"href":"https:\/\/www.hashtag.al\/index.php\/wp-json\/wp\/v2\/categories?post=426664"},{"taxonomy":"post_tag","embeddable":true,"href":"https:\/\/www.hashtag.al\/index.php\/wp-json\/wp\/v2\/tags?post=426664"}],"curies":[{"name":"wp","href":"https:\/\/api.w.org\/{rel}","templated":true}]}}