{"id":426611,"date":"2021-01-29T15:26:58","date_gmt":"2021-01-29T14:26:58","guid":{"rendered":"https:\/\/hashtag.al\/?p=426611"},"modified":"2021-01-29T15:26:58","modified_gmt":"2021-01-29T14:26:58","slug":"plagoset-me-thike-adoleshenti-afer-shkolles-ne-shkoder-futet-ne-operacion","status":"publish","type":"post","link":"https:\/\/www.hashtag.al\/index.php\/2021\/01\/29\/plagoset-me-thike-adoleshenti-afer-shkolles-ne-shkoder-futet-ne-operacion\/","title":{"rendered":"Plagoset me thik\u00eb adoleshenti af\u00ebr shkoll\u00ebs n\u00eb Shkod\u00ebr, futet n\u00eb operacion","gt_translate_keys":[{"key":"rendered","format":"text"}]},"content":{"rendered":"<p><a href=\"https:\/\/hashtag.al\/wp-content\/uploads\/2019\/09\/thike2.jpg\"><img loading=\"lazy\" decoding=\"async\" class=\"aligncenter size-full wp-image-318981\" src=\"https:\/\/hashtag.al\/wp-content\/uploads\/2019\/09\/thike2.jpg\" alt=\"\" width=\"850\" height=\"458\" srcset=\"https:\/\/www.hashtag.al\/wp-content\/uploads\/2019\/09\/thike2.jpg 850w, https:\/\/www.hashtag.al\/wp-content\/uploads\/2019\/09\/thike2-300x162.jpg 300w, https:\/\/www.hashtag.al\/wp-content\/uploads\/2019\/09\/thike2-768x414.jpg 768w\" sizes=\"auto, (max-width: 850px) 100vw, 850px\" \/><\/a><\/p>\n<p><span style=\"color: #000000;\">Nj\u00eb adoleshent \u00ebsht\u00eb plagosur me thik\u00eb n\u00eb Shkod\u00ebr. Ngjarja e r\u00ebnd\u00eb ka ndodhur mesdit\u00ebn e sotme n\u00eb af\u00ebrsi t\u00eb shkoll\u00ebs 9-vje\u00e7are \u201cNdre Mjeda\u201d n\u00eb qytetin verior.<\/span><\/p>\n<p><span style=\"color: #000000;\">M\u00ebsohet se 16-vje\u00e7ari me inicialet A.T ka marr\u00eb d\u00ebmtime t\u00eb r\u00ebnda n\u00eb bark dhe \u00ebsht\u00eb futur me urgjenc\u00eb n\u00eb sall\u00ebn e operacionit.<\/span><\/p>\n<p><span style=\"color: #000000;\">Nuk dihet ende gjendja e tij sh\u00ebndet\u00ebsore pas operacionit.<\/span><\/p>\n<p><span style=\"color: #000000;\">Policia e Shkodr\u00ebs thot\u00eb se autor\u00ebt e dyshuar jan\u00eb bashk\u00ebmoshatar\u00eb dhe se jan\u00eb arrestuar.<\/span><\/p>\n<p><em><span style=\"color: #000000;\">\u00a0\u201cM\u00eb dat\u00eb 29.01.2021, rreth or\u00ebs 13:40, n\u00eb lagjen Salo Halili, Shkod\u00ebr \u00ebsht\u00eb plagosur me nj\u00eb mjet prer\u00ebs (thik\u00eb) shtetasi A. T. 16 vje\u00e7 banues n\u00eb lagjen \u2018Ahmet Haxhija\u2019, Shkod\u00ebr, i cili ndodhet n\u00eb Spitalin Rajonal Shkod\u00ebr jasht\u00eb rrezikut p\u00ebr jet\u00ebn.<\/span><\/em><\/p>\n<p><span style=\"color: #000000;\"><em>Menj\u00ebher\u00eb \u00ebsht\u00eb organizuar puna nga Policia dhe \u00ebsht\u00eb b\u00ebr\u00eb identifikimi dhe kapja e autorit t\u00eb dyshuar shtetasit K. L. 18 vje\u00e7 banues n\u00eb lagjen Shirok\u00eb, dyshohet q\u00eb ngjarja ka ndodhur pas nj\u00eb konflikti te \u00e7astit. Veprimet po kryhen me grup hetimor dhe po punohet p\u00ebr sqarimin e rrethanave t\u00eb ngjarjes.\u201d<\/em>&#8211; thot\u00eb policia.<\/span><\/p>\n","protected":false,"gt_translate_keys":[{"key":"rendered","format":"html"}]},"excerpt":{"rendered":"<p>Nj\u00eb adoleshent \u00ebsht\u00eb plagosur me thik\u00eb n\u00eb Shkod\u00ebr. Ngjarja e r\u00ebnd\u00eb ka ndodhur mesdit\u00ebn e sotme n\u00eb af\u00ebrsi t\u00eb shkoll\u00ebs 9-vje\u00e7are \u201cNdre Mjeda\u201d n\u00eb qytetin verior. M\u00ebsohet se 16-vje\u00e7ari me inicialet A.T ka marr\u00eb d\u00ebmtime t\u00eb r\u00ebnda n\u00eb bark dhe \u00ebsht\u00eb futur me urgjenc\u00eb n\u00eb sall\u00ebn e operacionit. Nuk dihet ende gjendja e tij sh\u00ebndet\u00ebsore [&hellip;]<\/p>\n","protected":false,"gt_translate_keys":[{"key":"rendered","format":"html"}]},"author":30,"featured_media":318981,"comment_status":"open","ping_status":"open","sticky":false,"template":"","format":"standard","meta":{"footnotes":""},"categories":[65,13],"tags":[],"class_list":["post-426611","post","type-post","status-publish","format-standard","has-post-thumbnail","hentry","category-lajme","category-te-fundit"],"gt_translate_keys":[{"key":"link","format":"url"}],"_links":{"self":[{"href":"https:\/\/www.hashtag.al\/index.php\/wp-json\/wp\/v2\/posts\/426611","targetHints":{"allow":["GET"]}}],"collection":[{"href":"https:\/\/www.hashtag.al\/index.php\/wp-json\/wp\/v2\/posts"}],"about":[{"href":"https:\/\/www.hashtag.al\/index.php\/wp-json\/wp\/v2\/types\/post"}],"author":[{"embeddable":true,"href":"https:\/\/www.hashtag.al\/index.php\/wp-json\/wp\/v2\/users\/30"}],"replies":[{"embeddable":true,"href":"https:\/\/www.hashtag.al\/index.php\/wp-json\/wp\/v2\/comments?post=426611"}],"version-history":[{"count":0,"href":"https:\/\/www.hashtag.al\/index.php\/wp-json\/wp\/v2\/posts\/426611\/revisions"}],"wp:featuredmedia":[{"embeddable":true,"href":"https:\/\/www.hashtag.al\/index.php\/wp-json\/wp\/v2\/media\/318981"}],"wp:attachment":[{"href":"https:\/\/www.hashtag.al\/index.php\/wp-json\/wp\/v2\/media?parent=426611"}],"wp:term":[{"taxonomy":"category","embeddable":true,"href":"https:\/\/www.hashtag.al\/index.php\/wp-json\/wp\/v2\/categories?post=426611"},{"taxonomy":"post_tag","embeddable":true,"href":"https:\/\/www.hashtag.al\/index.php\/wp-json\/wp\/v2\/tags?post=426611"}],"curies":[{"name":"wp","href":"https:\/\/api.w.org\/{rel}","templated":true}]}}