{"id":426564,"date":"2021-01-29T12:39:14","date_gmt":"2021-01-29T11:39:14","guid":{"rendered":"https:\/\/hashtag.al\/?p=426564"},"modified":"2021-01-29T12:40:10","modified_gmt":"2021-01-29T11:40:10","slug":"po-punonte-ne-banese-60-vjecari-ne-vore-bie-nga-kati-i-dyte-dhe-nderron-jete","status":"publish","type":"post","link":"https:\/\/www.hashtag.al\/index.php\/2021\/01\/29\/po-punonte-ne-banese-60-vjecari-ne-vore-bie-nga-kati-i-dyte-dhe-nderron-jete\/","title":{"rendered":"Po punonte n\u00eb banes\u00eb, 60-vje\u00e7ari n\u00eb Vor\u00eb bie nga kati i dyt\u00eb dhe nd\u00ebrron jet\u00eb","gt_translate_keys":[{"key":"rendered","format":"text"}]},"content":{"rendered":"<p><span style=\"color: #000000;\"><a href=\"https:\/\/hashtag.al\/wp-content\/uploads\/2021\/01\/bie-nga-lartesia.jpg\"><img loading=\"lazy\" decoding=\"async\" class=\"aligncenter size-full wp-image-426565\" src=\"https:\/\/hashtag.al\/wp-content\/uploads\/2021\/01\/bie-nga-lartesia.jpg\" alt=\"\" width=\"900\" height=\"600\" srcset=\"https:\/\/www.hashtag.al\/wp-content\/uploads\/2021\/01\/bie-nga-lartesia.jpg 900w, https:\/\/www.hashtag.al\/wp-content\/uploads\/2021\/01\/bie-nga-lartesia-300x200.jpg 300w, https:\/\/www.hashtag.al\/wp-content\/uploads\/2021\/01\/bie-nga-lartesia-768x512.jpg 768w\" sizes=\"auto, (max-width: 900px) 100vw, 900px\" \/><\/a><\/span><\/p>\n<p><span style=\"color: #000000;\">Nj\u00eb ngjarje e r\u00ebnd\u00eb ka ndodhur paraditen e sotme n\u00eb Vor\u00eb, ku nj\u00eb 60-vje\u00e7ar ka r\u00ebn\u00eb nga lart\u00ebsia dhe si pasoj\u00eb ka humbur jet\u00ebn.<\/span><\/p>\n<p><span style=\"color: #000000;\">Qytetari ka qen\u00eb duke punuar n\u00eb banes\u00ebn e tij dhe ka r\u00ebn\u00eb nga kati i dyt\u00eb.<\/span><\/p>\n<p><span style=\"color: #000000;\"><em>\u00a0\u201cM\u00eb dat\u00eb 29.01.2021, rreth or\u00ebs 11:00, n\u00eb Vor\u00eb, duke punuar n\u00eb banes\u00ebn e tij, aksidentalisht ka r\u00ebn\u00eb nga kati i dyt\u00eb dhe p\u00ebr pasoj\u00eb ka humbur jet\u00ebn shtetasi M. A., 60 vje\u00e7\u201d<\/em>, thot\u00eb policia.<\/span><\/p>\n<p><span style=\"color: #000000;\">Grupi hetimor ndodhet n\u00eb vendngjarje dhe po punon p\u00ebr sqarimin e rrethanave t\u00eb ngjarjes.<\/span><\/p>\n","protected":false,"gt_translate_keys":[{"key":"rendered","format":"html"}]},"excerpt":{"rendered":"<p>Nj\u00eb ngjarje e r\u00ebnd\u00eb ka ndodhur paraditen e sotme n\u00eb Vor\u00eb, ku nj\u00eb 60-vje\u00e7ar ka r\u00ebn\u00eb nga lart\u00ebsia dhe si pasoj\u00eb ka humbur jet\u00ebn. Qytetari ka qen\u00eb duke punuar n\u00eb banes\u00ebn e tij dhe ka r\u00ebn\u00eb nga kati i dyt\u00eb. \u00a0\u201cM\u00eb dat\u00eb 29.01.2021, rreth or\u00ebs 11:00, n\u00eb Vor\u00eb, duke punuar n\u00eb banes\u00ebn e tij, aksidentalisht [&hellip;]<\/p>\n","protected":false,"gt_translate_keys":[{"key":"rendered","format":"html"}]},"author":30,"featured_media":426565,"comment_status":"open","ping_status":"open","sticky":false,"template":"","format":"standard","meta":{"footnotes":""},"categories":[65,13],"tags":[],"class_list":["post-426564","post","type-post","status-publish","format-standard","has-post-thumbnail","hentry","category-lajme","category-te-fundit"],"gt_translate_keys":[{"key":"link","format":"url"}],"_links":{"self":[{"href":"https:\/\/www.hashtag.al\/index.php\/wp-json\/wp\/v2\/posts\/426564","targetHints":{"allow":["GET"]}}],"collection":[{"href":"https:\/\/www.hashtag.al\/index.php\/wp-json\/wp\/v2\/posts"}],"about":[{"href":"https:\/\/www.hashtag.al\/index.php\/wp-json\/wp\/v2\/types\/post"}],"author":[{"embeddable":true,"href":"https:\/\/www.hashtag.al\/index.php\/wp-json\/wp\/v2\/users\/30"}],"replies":[{"embeddable":true,"href":"https:\/\/www.hashtag.al\/index.php\/wp-json\/wp\/v2\/comments?post=426564"}],"version-history":[{"count":0,"href":"https:\/\/www.hashtag.al\/index.php\/wp-json\/wp\/v2\/posts\/426564\/revisions"}],"wp:featuredmedia":[{"embeddable":true,"href":"https:\/\/www.hashtag.al\/index.php\/wp-json\/wp\/v2\/media\/426565"}],"wp:attachment":[{"href":"https:\/\/www.hashtag.al\/index.php\/wp-json\/wp\/v2\/media?parent=426564"}],"wp:term":[{"taxonomy":"category","embeddable":true,"href":"https:\/\/www.hashtag.al\/index.php\/wp-json\/wp\/v2\/categories?post=426564"},{"taxonomy":"post_tag","embeddable":true,"href":"https:\/\/www.hashtag.al\/index.php\/wp-json\/wp\/v2\/tags?post=426564"}],"curies":[{"name":"wp","href":"https:\/\/api.w.org\/{rel}","templated":true}]}}