{"id":426541,"date":"2021-01-29T12:00:15","date_gmt":"2021-01-29T11:00:15","guid":{"rendered":"https:\/\/hashtag.al\/?p=426541"},"modified":"2021-01-29T12:05:41","modified_gmt":"2021-01-29T11:05:41","slug":"studimi-shba-ja-dhe-evropa-po-largohen-nga-njera-tjetra-oqeani-atlantik-zgjerohet-cdo-vit","status":"publish","type":"post","link":"https:\/\/www.hashtag.al\/index.php\/2021\/01\/29\/studimi-shba-ja-dhe-evropa-po-largohen-nga-njera-tjetra-oqeani-atlantik-zgjerohet-cdo-vit\/","title":{"rendered":"Studimi: SHBA-ja dhe Evropa po largohen nga nj\u00ebra-tjetra, Oqeani Atlantik zgjerohet \u00e7do vit","gt_translate_keys":[{"key":"rendered","format":"text"}]},"content":{"rendered":"<p><span style=\"color: #000000;\"><a href=\"https:\/\/hashtag.al\/wp-content\/uploads\/2021\/01\/601285b385f5406a352f2188.jpg\"><img loading=\"lazy\" decoding=\"async\" class=\"aligncenter size-full wp-image-426542\" src=\"https:\/\/hashtag.al\/wp-content\/uploads\/2021\/01\/601285b385f5406a352f2188.jpg\" alt=\"\" width=\"980\" height=\"551\" srcset=\"https:\/\/www.hashtag.al\/wp-content\/uploads\/2021\/01\/601285b385f5406a352f2188.jpg 980w, https:\/\/www.hashtag.al\/wp-content\/uploads\/2021\/01\/601285b385f5406a352f2188-300x169.jpg 300w, https:\/\/www.hashtag.al\/wp-content\/uploads\/2021\/01\/601285b385f5406a352f2188-768x432.jpg 768w\" sizes=\"auto, (max-width: 980px) 100vw, 980px\" \/><\/a><\/span><\/p>\n<p><span style=\"color: #000000;\">Shkenc\u00ebtar\u00ebt kan\u00eb zbuluar se vargmalet n\u00eb mes t\u00eb oqeanit n\u00ebn Oqeanin Atlantik duket se luajn\u00eb nj\u00eb rol shum\u00eb m\u00eb t\u00eb madh n\u00eb form\u00ebn e Tok\u00ebs, dhe po i largojn\u00eb SHBA-t\u00eb dhe Evrop\u00ebn nga nj\u00ebra-tjetra.<\/span><\/p>\n<p><span style=\"color: #000000;\"><span style=\"color: #0000ff;\"><a style=\"color: #0000ff;\" href=\"https:\/\/www.rt.com\/news\/513869-atlantic-expanding-tectonic-plates-research\/?fbclid=IwAR1WAOX27SE9dc2PKFUJLWgiZMWXTQ85EdZpjIPUotDKgo9P3PPt6S77F24\">RT<\/a> <\/span>shkruan se ky hulumtim i fundit \u00ebsht\u00eb kryer nga studiuesit e Universitetit t\u00eb Southampton dhe mund t\u00eb sjell\u00eb ndryshime mbi k\u00ebrkimin dhe reagimin ndaj ndryshimeve klimatike.<\/span><\/p>\n<p><span style=\"color: #000000;\">Studimi i ri sugjeron q\u00eb vargjet n\u00eb mes t\u00eb oqeanit q\u00eb sh\u00ebnojn\u00eb dhe kufirin midis k\u00ebtyre pllakave t\u00eb m\u00ebdha tektonike, mund t\u00eb luaj\u00eb nj\u00eb rol shum\u00eb m\u00eb dometh\u00ebn\u00ebs sesa mendohej m\u00eb par\u00eb, duke zgjeruar Oqeanin Atlantik me disa centimetra \u00e7do vit nd\u00ebrsa nj\u00ebkoh\u00ebsisht zvog\u00eblohet Oqeani Paq\u00ebsor.<\/span><\/p>\n<p><span style=\"color: #000000;\">Studiuesit vendos\u00ebn 39 sizmometra n\u00eb fund t\u00eb Atlantikut dhe monitoruan aktivitetin sizmik rreth globit p\u00ebr nj\u00eb periudh\u00eb prej nj\u00eb viti. Gjat\u00eb k\u00ebsaj periudhe k\u00ebrkimore, ata monitoruan rrjedh\u00ebn ose transferimin e materialit midis mantelit t\u00eb sip\u00ebrm dhe t\u00eb posht\u00ebm n\u00ebn koren e Tok\u00ebs.<\/span><\/p>\n<div id=\"attachment_426545\" style=\"width: 1051px\" class=\"wp-caption aligncenter\"><a href=\"https:\/\/hashtag.al\/wp-content\/uploads\/2021\/01\/6012a6d320302767cc65e167.png\"><img loading=\"lazy\" decoding=\"async\" aria-describedby=\"caption-attachment-426545\" class=\"size-full wp-image-426545\" src=\"https:\/\/hashtag.al\/wp-content\/uploads\/2021\/01\/6012a6d320302767cc65e167.png\" alt=\"\" width=\"1041\" height=\"568\" srcset=\"https:\/\/www.hashtag.al\/wp-content\/uploads\/2021\/01\/6012a6d320302767cc65e167.png 1041w, https:\/\/www.hashtag.al\/wp-content\/uploads\/2021\/01\/6012a6d320302767cc65e167-300x164.png 300w, https:\/\/www.hashtag.al\/wp-content\/uploads\/2021\/01\/6012a6d320302767cc65e167-768x419.png 768w, https:\/\/www.hashtag.al\/wp-content\/uploads\/2021\/01\/6012a6d320302767cc65e167-1024x559.png 1024w\" sizes=\"auto, (max-width: 1041px) 100vw, 1041px\" \/><\/a><p id=\"caption-attachment-426545\" class=\"wp-caption-text\"><span style=\"color: #000000;\"><em>Vendndodhja e 39 sizmometrave<\/em><\/span><\/p><\/div>\n<p><span style=\"color: #000000;\">Duke p\u00ebrdorur teknikat m\u00eb t\u00eb fundit, ata arrit\u00ebn t\u00eb merrnin imazhe t\u00eb transferimit t\u00eb materialit n\u00eb thell\u00ebsi deri n\u00eb 660 kilometra n\u00ebn sip\u00ebrfaqe, imazhi i par\u00eb me shkall\u00eb kaq t\u00eb gjer\u00eb dhe rezolucion t\u00eb lart\u00eb t\u00eb mantelit t\u00eb Tok\u00ebs n\u00eb k\u00ebt\u00eb rajon.<\/span><\/p>\n<p><span style=\"color: #000000;\">&#8220;<em>V\u00ebzhgimet n\u00ebnkuptojn\u00eb transferimin e materialit nga posht\u00eb n\u00eb mantelin e sip\u00ebrm &#8211; qoft\u00eb i vazhduesh\u00ebm ose i nd\u00ebrprer\u00eb .<\/em>&#8220;, shpjegojn\u00eb studiuesit, duke shtuar se rrymat e konvekcionit n\u00eb t\u00eb gjith\u00eb mantelin mund t\u00eb jen\u00eb m\u00eb t\u00eb p\u00ebrhapura dhe m\u00eb t\u00eb r\u00ebnd\u00ebsishme se mendohet m\u00eb par\u00eb.<\/span><\/p>\n<p><span style=\"color: #000000;\">Me fjal\u00eb t\u00eb tjera, vargjet e maleve n\u00eb mes t\u00eb oqeanit luajn\u00eb nj\u00eb rol aktiv, jo pasiv, n\u00eb tektonik\u00ebn e pllakave q\u00eb formojn\u00eb bot\u00ebn ton\u00eb, megjith\u00ebse me nj\u00eb rit\u00ebm prej rreth 3.8 centimetrash n\u00eb vit.<\/span><\/p>\n<p><span style=\"color: #000000;\">Kur pllakat tektonike p\u00ebrplasen, mund t\u00eb pasojn\u00eb n\u00eb t\u00ebrmete, tsunami dhe shp\u00ebrthime vullkanike.<\/span><\/p>\n<div id=\"attachment_426546\" style=\"width: 810px\" class=\"wp-caption aligncenter\"><a href=\"https:\/\/hashtag.al\/wp-content\/uploads\/2021\/01\/6012a78c85f5406a352f21b8.png\"><img loading=\"lazy\" decoding=\"async\" aria-describedby=\"caption-attachment-426546\" class=\"size-full wp-image-426546\" src=\"https:\/\/hashtag.al\/wp-content\/uploads\/2021\/01\/6012a78c85f5406a352f21b8.png\" alt=\"\" width=\"800\" height=\"546\" srcset=\"https:\/\/www.hashtag.al\/wp-content\/uploads\/2021\/01\/6012a78c85f5406a352f21b8.png 800w, https:\/\/www.hashtag.al\/wp-content\/uploads\/2021\/01\/6012a78c85f5406a352f21b8-300x205.png 300w, https:\/\/www.hashtag.al\/wp-content\/uploads\/2021\/01\/6012a78c85f5406a352f21b8-768x524.png 768w\" sizes=\"auto, (max-width: 800px) 100vw, 800px\" \/><\/a><p id=\"caption-attachment-426546\" class=\"wp-caption-text\"><span style=\"color: #000000;\"><em>Ka shtat\u00eb pllaka kryesore q\u00eb p\u00ebrb\u00ebjn\u00eb 94% t\u00eb sip\u00ebrfaqes s\u00eb Tok\u00ebs dhe shum\u00eb pllaka m\u00eb t\u00eb vogla q\u00eb p\u00ebrb\u00ebjn\u00eb 6% tjet\u00ebr<\/em><\/span><\/p><\/div>\n<p><span style=\"color: #000000;\"><em>&#8220;Ekziston nj\u00eb distanc\u00eb n\u00eb rritje midis Amerik\u00ebs s\u00eb Veriut dhe Evrop\u00ebs q\u00eb nuk ka lidhje me dallimet politike ose filozofike.&#8221;<\/em>&#8211; tha bashk\u00ebautori i studimit, Dr Nick Harmon.<\/span><\/p>\n<p><span style=\"color: #000000;\">K\u00ebrkime t\u00eb m\u00ebtejshme n\u00eb k\u00ebt\u00eb fush\u00eb dhe mbledhja e t\u00eb dh\u00ebnave shtes\u00eb do t\u00eb jap\u00eb modele m\u00eb t\u00eb mira dhe sisteme paralajm\u00ebruese p\u00ebr katastrofat natyrore, dhe informim m\u00eb t\u00eb mir\u00eb t\u00eb modeleve t\u00eb ndryshimit t\u00eb klim\u00ebs q\u00eb matin ngritjet e nivelit t\u00eb detit. Kjo do t\u00eb sillte potencialisht dhe rregullime n\u00eb politik\u00ebn publike n\u00eb t\u00eb dy an\u00ebt e Atlantikut.<\/span><\/p>\n<p><span style=\"color: #000000;\"><strong><span style=\"color: #ff0000;\">VINI RE:<\/span> Ky artikull \u00ebsht\u00eb pron\u00eb intelektuale e <span style=\"color: #0000ff;\"><a style=\"color: #0000ff;\" href=\"https:\/\/www.rt.com\/news\/513869-atlantic-expanding-tectonic-plates-research\/?fbclid=IwAR1WAOX27SE9dc2PKFUJLWgiZMWXTQ85EdZpjIPUotDKgo9P3PPt6S77F24\">RT<\/a><\/span>\/ P\u00ebrshtati n\u00eb shqip Hashtag.al<\/strong><\/span><\/p>\n","protected":false,"gt_translate_keys":[{"key":"rendered","format":"html"}]},"excerpt":{"rendered":"<p>Shkenc\u00ebtar\u00ebt kan\u00eb zbuluar se vargmalet n\u00eb mes t\u00eb oqeanit n\u00ebn Oqeanin Atlantik duket se luajn\u00eb nj\u00eb rol shum\u00eb m\u00eb t\u00eb madh n\u00eb form\u00ebn e Tok\u00ebs, dhe po i largojn\u00eb SHBA-t\u00eb dhe Evrop\u00ebn nga nj\u00ebra-tjetra. RT shkruan se ky hulumtim i fundit \u00ebsht\u00eb kryer nga studiuesit e Universitetit t\u00eb Southampton dhe mund t\u00eb sjell\u00eb ndryshime mbi [&hellip;]<\/p>\n","protected":false,"gt_translate_keys":[{"key":"rendered","format":"html"}]},"author":30,"featured_media":426542,"comment_status":"open","ping_status":"open","sticky":false,"template":"","format":"standard","meta":{"footnotes":""},"categories":[53,6],"tags":[],"class_list":["post-426541","post","type-post","status-publish","format-standard","has-post-thumbnail","hentry","category-fast-foodi","category-nderkombetare"],"gt_translate_keys":[{"key":"link","format":"url"}],"_links":{"self":[{"href":"https:\/\/www.hashtag.al\/index.php\/wp-json\/wp\/v2\/posts\/426541","targetHints":{"allow":["GET"]}}],"collection":[{"href":"https:\/\/www.hashtag.al\/index.php\/wp-json\/wp\/v2\/posts"}],"about":[{"href":"https:\/\/www.hashtag.al\/index.php\/wp-json\/wp\/v2\/types\/post"}],"author":[{"embeddable":true,"href":"https:\/\/www.hashtag.al\/index.php\/wp-json\/wp\/v2\/users\/30"}],"replies":[{"embeddable":true,"href":"https:\/\/www.hashtag.al\/index.php\/wp-json\/wp\/v2\/comments?post=426541"}],"version-history":[{"count":0,"href":"https:\/\/www.hashtag.al\/index.php\/wp-json\/wp\/v2\/posts\/426541\/revisions"}],"wp:featuredmedia":[{"embeddable":true,"href":"https:\/\/www.hashtag.al\/index.php\/wp-json\/wp\/v2\/media\/426542"}],"wp:attachment":[{"href":"https:\/\/www.hashtag.al\/index.php\/wp-json\/wp\/v2\/media?parent=426541"}],"wp:term":[{"taxonomy":"category","embeddable":true,"href":"https:\/\/www.hashtag.al\/index.php\/wp-json\/wp\/v2\/categories?post=426541"},{"taxonomy":"post_tag","embeddable":true,"href":"https:\/\/www.hashtag.al\/index.php\/wp-json\/wp\/v2\/tags?post=426541"}],"curies":[{"name":"wp","href":"https:\/\/api.w.org\/{rel}","templated":true}]}}