{"id":426349,"date":"2021-01-28T15:22:48","date_gmt":"2021-01-28T14:22:48","guid":{"rendered":"https:\/\/hashtag.al\/?p=426349"},"modified":"2021-01-28T15:24:03","modified_gmt":"2021-01-28T14:24:03","slug":"426349","status":"publish","type":"post","link":"https:\/\/www.hashtag.al\/index.php\/2021\/01\/28\/426349\/","title":{"rendered":"65-vje\u00e7ari q\u00eb iu b\u00eb atentat n\u00eb Mamurras, babai i nj\u00eb prej t\u00eb arrestuarve p\u00ebr ekzekutimin e dy biznesmen\u00ebve n\u00eb La\u00e7 majin e shkuar","gt_translate_keys":[{"key":"rendered","format":"text"}]},"content":{"rendered":"<p><img loading=\"lazy\" decoding=\"async\" class=\"aligncenter size-full wp-image-426350\" src=\"https:\/\/hashtag.al\/wp-content\/uploads\/2021\/01\/ilir.jpg\" alt=\"\" width=\"1200\" height=\"749\" srcset=\"https:\/\/www.hashtag.al\/wp-content\/uploads\/2021\/01\/ilir.jpg 1200w, https:\/\/www.hashtag.al\/wp-content\/uploads\/2021\/01\/ilir-300x187.jpg 300w, https:\/\/www.hashtag.al\/wp-content\/uploads\/2021\/01\/ilir-768x479.jpg 768w, https:\/\/www.hashtag.al\/wp-content\/uploads\/2021\/01\/ilir-1024x639.jpg 1024w\" sizes=\"auto, (max-width: 1200px) 100vw, 1200px\" \/><\/p>\n<p><span style=\"color: #000000;\">65-vje\u00e7ari q\u00eb iu b\u00eb atentat pak m\u00eb her\u00ebt n\u00eb Mamurras, \u00ebsht\u00eb babai i nj\u00ebrit prej t\u00eb arrestuarve p\u00ebr vrasjen e dy biznesmen\u00ebve n\u00eb La\u00e7 n\u00eb maj t\u00eb vitit 2020. <\/span><\/p>\n<p><span style=\"color: #000000;\">Ai ka marr\u00eb dy plumba dhe ndodhet n\u00eb spitalin e Traum\u00ebs n\u00eb Tiran\u00eb. Myslim Lika \u00ebsht\u00eb babai i Ilir Lik\u00ebs, i cili \u00ebsht\u00eb ndaluar nga policia si bashk\u00ebpun\u00ebtor i Eduard Lamajt n\u00eb vrasjen e biznesmen\u00ebve Bujar Lika e Paulin Gjergji, q\u00eb u q\u00eblluan p\u00ebr vdekje nga nj\u00eb grup prej kat\u00ebr personash m\u00eb 30 maj n\u00eb barin e nj\u00eb hoteli n\u00eb La\u00e7.<\/span><\/p>\n<p><span style=\"color: #000000;\">Nj\u00eb dit\u00eb m\u00eb par\u00eb, prokuroria mori si t\u00eb pandehur p\u00ebr vrasjen n\u00eb La\u00e7, Eduard Lamajn, i cili u arrestua pak koh\u00eb pas atentatit ndaj dy biznesmen\u00ebve n\u00eb nj\u00eb klinik\u00eb private n\u00eb Tiran\u00eb ku po kurohej pasi u plagos gjat\u00eb atentatit.<\/span><\/p>\n","protected":false,"gt_translate_keys":[{"key":"rendered","format":"html"}]},"excerpt":{"rendered":"<p>65-vje\u00e7ari q\u00eb iu b\u00eb atentat pak m\u00eb her\u00ebt n\u00eb Mamurras, \u00ebsht\u00eb babai i nj\u00ebrit prej t\u00eb arrestuarve p\u00ebr vrasjen e dy biznesmen\u00ebve n\u00eb La\u00e7 n\u00eb maj t\u00eb vitit 2020. Ai ka marr\u00eb dy plumba dhe ndodhet n\u00eb spitalin e Traum\u00ebs n\u00eb Tiran\u00eb. Myslim Lika \u00ebsht\u00eb babai i Ilir Lik\u00ebs, i cili \u00ebsht\u00eb ndaluar nga policia [&hellip;]<\/p>\n","protected":false,"gt_translate_keys":[{"key":"rendered","format":"html"}]},"author":51,"featured_media":426350,"comment_status":"open","ping_status":"open","sticky":false,"template":"","format":"standard","meta":{"footnotes":""},"categories":[65,13],"tags":[],"class_list":["post-426349","post","type-post","status-publish","format-standard","has-post-thumbnail","hentry","category-lajme","category-te-fundit"],"gt_translate_keys":[{"key":"link","format":"url"}],"_links":{"self":[{"href":"https:\/\/www.hashtag.al\/index.php\/wp-json\/wp\/v2\/posts\/426349","targetHints":{"allow":["GET"]}}],"collection":[{"href":"https:\/\/www.hashtag.al\/index.php\/wp-json\/wp\/v2\/posts"}],"about":[{"href":"https:\/\/www.hashtag.al\/index.php\/wp-json\/wp\/v2\/types\/post"}],"author":[{"embeddable":true,"href":"https:\/\/www.hashtag.al\/index.php\/wp-json\/wp\/v2\/users\/51"}],"replies":[{"embeddable":true,"href":"https:\/\/www.hashtag.al\/index.php\/wp-json\/wp\/v2\/comments?post=426349"}],"version-history":[{"count":0,"href":"https:\/\/www.hashtag.al\/index.php\/wp-json\/wp\/v2\/posts\/426349\/revisions"}],"wp:featuredmedia":[{"embeddable":true,"href":"https:\/\/www.hashtag.al\/index.php\/wp-json\/wp\/v2\/media\/426350"}],"wp:attachment":[{"href":"https:\/\/www.hashtag.al\/index.php\/wp-json\/wp\/v2\/media?parent=426349"}],"wp:term":[{"taxonomy":"category","embeddable":true,"href":"https:\/\/www.hashtag.al\/index.php\/wp-json\/wp\/v2\/categories?post=426349"},{"taxonomy":"post_tag","embeddable":true,"href":"https:\/\/www.hashtag.al\/index.php\/wp-json\/wp\/v2\/tags?post=426349"}],"curies":[{"name":"wp","href":"https:\/\/api.w.org\/{rel}","templated":true}]}}