{"id":426299,"date":"2021-01-28T13:03:51","date_gmt":"2021-01-28T12:03:51","guid":{"rendered":"https:\/\/hashtag.al\/?p=426299"},"modified":"2021-01-28T13:04:21","modified_gmt":"2021-01-28T12:04:21","slug":"shqiperia-fiton-ekonomine-basha-prezanton-programin-qeverises-cpremtoi-per-secilen-kategori-e-plote","status":"publish","type":"post","link":"https:\/\/www.hashtag.al\/index.php\/2021\/01\/28\/shqiperia-fiton-ekonomine-basha-prezanton-programin-qeverises-cpremtoi-per-secilen-kategori-e-plote\/","title":{"rendered":"&#8220;Shqip\u00ebria fiton ekonomin\u00eb&#8221; &#8211; Basha prezanton programin qeveris\u00ebs, \u00e7&#8217;premtoi p\u00ebr secil\u00ebn kategori (E plot\u00eb)","gt_translate_keys":[{"key":"rendered","format":"text"}]},"content":{"rendered":"<p><img loading=\"lazy\" decoding=\"async\" class=\"aligncenter size-full wp-image-426314\" src=\"https:\/\/hashtag.al\/wp-content\/uploads\/2021\/01\/basha-5.jpg\" alt=\"\" width=\"1214\" height=\"661\" srcset=\"https:\/\/www.hashtag.al\/wp-content\/uploads\/2021\/01\/basha-5.jpg 1214w, https:\/\/www.hashtag.al\/wp-content\/uploads\/2021\/01\/basha-5-300x163.jpg 300w, https:\/\/www.hashtag.al\/wp-content\/uploads\/2021\/01\/basha-5-768x418.jpg 768w, https:\/\/www.hashtag.al\/wp-content\/uploads\/2021\/01\/basha-5-1024x558.jpg 1024w\" sizes=\"auto, (max-width: 1214px) 100vw, 1214px\" \/><\/p>\n<p><span style=\"color: #000000;\">Kreu i Partis\u00eb Demokratike ka prezantuar sot programin qeveris\u00ebs. N\u00eb nj\u00eb deklarat\u00eb nga selia blu, Basha, renditi t\u00eb gjitha pikat ky\u00e7e n\u00ebn moton \u2018Shqip\u00ebria fiton ekonomin\u00eb\u2019. <\/span><\/p>\n<p><span style=\"color: #000000;\">Ai e nisi me vendet e reja t\u00eb pun\u00ebs q\u00eb qeveria e tij do hap\u00eb pas zgjedhjeve t\u00eb 25 prillit, duke premtuar hapjen e 110 mij\u00eb vendeve t\u00eb reja pune.<\/span><\/p>\n<blockquote><p><span style=\"color: #000000;\"><em>\u201cAngazhimi i par\u00eb i programit ton\u00eb \u00ebsht\u00eb minimumi 110 mij\u00eb vende t\u00eb reja pune p\u00ebr shqiptar\u00ebt, p\u00ebrmes p\u00ebrmir\u00ebsimit klim\u00ebs s\u00eb biznesit, dhe t\u00ebrheqjes s\u00eb investimeve t\u00eb huaja.&#8221; &#8211; <\/em>tha Basha.<\/span><\/p><\/blockquote>\n<p><span style=\"color: #000000;\">M\u00eb tej gjat\u00eb fjal\u00ebs s\u00eb tij, kryedemokrati preku mb\u00ebshtetjen p\u00ebr rinin\u00eb e familjet shqiptare duke theksuar se do ket\u00eb politike mb\u00ebshtet\u00ebse p\u00ebr t\u00eb rinjt\u00eb dhe se \u00e7do reform\u00eb apo mas\u00eb e marr\u00eb do ket\u00eb n\u00eb fokus ata dhe familjet shqiptare q\u00eb jan\u00eb shtylla e politikave qeveris\u00ebse t\u00eb qeveris\u00eb s\u00eb re.<\/span><\/p>\n<blockquote><p><span style=\"color: #000000;\"><em>&#8220;Familja shqiptare \u00ebsht\u00eb qendra, shtylla e politikave tona. Shqip\u00ebria do t\u00eb fitoj\u00eb me familje m\u00eb t\u00eb arsimuara, ma familje me t\u00eb ardhura t\u00eb sigurta, me familje q\u00eb marrin mb\u00ebshtetje nga shteti dhe q\u00eb paguajn\u00eb\u00a0 taksa t\u00eb ul\u00ebta, t\u00eb cilat do t\u00eb ulin shpenzimet familjare dhe do t\u00eb rrisin mir\u00ebqenien. Rinia ka qen\u00eb \u00ebsht\u00eb dhe do t\u00eb jet\u00eb n\u00eb k\u00ebt\u00eb program fokusi kryesor i imi personal dhe i politikave tona. Rinia shqiptare \u00ebsht\u00eb fokusi i k\u00ebtij programi dhe e ardhmja e vendit, \u00e7do mas\u00eb, reformave fiskale, taksave, fush\u00ebs s\u00eb arsimit, politikat e nxitjes s\u00eb investimeve t\u00eb pun\u00ebsimit kan\u00eb p\u00ebr q\u00ebllim kryesor promovimin e t\u00eb talentuarve dhe t\u00eb aft\u00ebve dhe thithjen e talenteve t\u00eb reja.\u201d<\/em> \u2013 shtoi ai.<\/span><\/p><\/blockquote>\n<p><span style=\"color: #000000;\">M\u00eb tej, Basha tha se n\u00ebn qeverisjen e tij paga minimale n\u00eb vend do jet\u00eb 36 mij\u00eb lek\u00eb t\u00eb reja e po k\u00ebshtu do ket\u00eb leht\u00ebsira p\u00ebr biznesin n\u00eb m\u00ebnyr\u00eb q\u00eb t\u00eb nxitet fuqizimi i tij dhe rritja e vendeve t\u00eb pun\u00ebs.<\/span><\/p>\n<blockquote><p><span style=\"color: #000000;\"><em>\u201cUn\u00eb angazhohem t\u00eb rris pag\u00ebn minimale dhe ta \u00e7oj\u00eb at\u00eb n\u00eb 36 mij\u00eb lek t\u00eb reja n\u00eb muaj, zotimi im i para 2 viteve para bashkimit t\u00eb sindikatave shqiptare, \u00ebsht\u00eb sot pjes\u00eb e planit ton\u00eb ekonomik. Rritja e pag\u00ebs do t\u00eb b\u00ebhet duke krijuar leht\u00ebsira p\u00ebr biznesin, duke e mb\u00ebshtetur at\u00eb, q\u00eb jo vet\u00ebm t\u00eb rritet paga minimale, por edhe numri i t\u00eb pun\u00ebsuarve dhe jo si\u00e7 ndodh sot, ku p\u00ebr shkak t\u00eb kostove, taksave, gjobave, biznesi detyrohet t\u00eb shkurtoj\u00eb vende pune.\u201d<\/em> \u2013 vijoi kryedemokrati.<\/span><\/p><\/blockquote>\n<p><span style=\"color: #000000;\">Kreu i PD-s\u00eb theksoi gjithashtu se qeveria e tij do i ul\u00eb taksat mbi t\u00eb ardhurat personale n\u00eb 9% duke mos prekur t\u00eb ardhurat n\u00ebn 30 mij\u00eb lek\u00eb n\u00eb muaj nd\u00ebrsa e nj\u00ebjra tarif\u00eb do p\u00ebrdoret edhe mbi fitimin e t\u00eb gjitha bizneseve n\u00eb vend me nj\u00eb xhiro vjetore mbi 14 milion\u00eb lek\u00eb t\u00eb reja.<\/span><\/p>\n<blockquote><p><span style=\"color: #000000;\"><em>\u201cP\u00ebr 8 vite Rama jua rriti taksat shqiptar\u00ebve dhe i varf\u00ebroi ata, un\u00eb angazhohem t\u2019i ul taksat mbi t\u00eb ardhurat personale n\u00eb 9%, duke ruajtur fash\u00ebn mbrojt\u00ebse ekzistuese prej 30 mij\u00eb lek\u00ebsh, dhe po k\u00ebshtu t\u00eb vendosim taks\u00ebn 9% t\u00eb fitimit mbi t\u00eb gjitha sip\u00ebrmarrjet shqiptare me nj\u00eb xhiro vjetore mbi 14 milion\u00eb lek\u00eb t\u00eb reja. Un\u00eb angazhohem t\u00eb ul sigurimet shoq\u00ebrore n\u00eb vler\u00ebn 18%.\u201d\u00ad<\/em> \u2013 theksoi ai.<\/span><\/p><\/blockquote>\n<p><span style=\"color: #000000;\">Nj\u00eb v\u00ebmendje i kushtoi Basha n\u00eb fjal\u00ebn e tij edhe operator\u00ebve t\u00eb transportit publik dhe \u00e7do pronari automjeti n\u00eb vend duke th\u00ebn\u00eb se q\u00eb dit\u00ebn e par\u00eb t\u00eb qeveris\u00eb s\u00eb re, do paguajn\u00eb 24 lek\u00eb t\u00eb reja m\u00eb pak p\u00ebr \u00e7do lit\u00ebr karburant. Po k\u00ebshtu ai premtoi se do ul\u00eb \u00e7mimin e energjis\u00eb elektrike p\u00ebr konsumin n\u00ebn 300 kilovat.<\/span><\/p>\n<blockquote><p><span style=\"color: #000000;\"><em>\u201cNj\u00eb nga vendimet e para t\u00eb qeveris\u00eb t\u00eb dal\u00eb nga vota e 25 prillit do t\u00eb jet\u00eb anullimi i taks\u00ebs Rama prej 24 lek\u00eb t\u00eb reja p\u00ebr lit\u00ebr mbi karburantin. P\u00ebr t\u00eb gjith\u00eb operator\u00ebt e transportit shqiptar, p\u00ebr \u00e7do pronar automjeti, nga m\u00eb i riu tek m\u00eb i vjetri, p\u00ebr t\u00eb gjith\u00eb ata q\u00eb nuk kan\u00eb nj\u00eb automjet po e ndiejn\u00eb pickimin n\u00eb l\u00ebkur\u00ebn e tyre sa her\u00eb ju duhet t\u00eb udh\u00ebtojn\u00eb brenda qytetit, nga nj\u00eb qytet n\u00eb tjetrin, p\u00ebr k\u00ebdo q\u00eb e di apo e m\u00ebson sot se karburanti \u00ebsht\u00eb pjes\u00eb e \u00e7mimit t\u00eb gjith\u00e7kaje q\u00eb blejn\u00eb n\u00eb treg dua tua them fare qart\u00eb se prej dit\u00ebs s\u00eb par\u00eb t\u00eb qeveris\u00eb s\u00eb re t\u00eb dal\u00eb nga vota juaj m\u00eb 25 prill \u00e7do lit\u00ebr karburant do t\u2019ju kushtoj\u00eb 240 lek\u00eb m\u00eb pak t\u00eb vjetra sesa ju kushton sot.\u201d<\/em> \u2013 vijoj Basha.<\/span><\/p><\/blockquote>\n<p><span style=\"color: #000000;\">Basha theksoi n\u00eb vijim se pensionet do rriten me t\u00eb pakt\u00ebn dyfishin e norm\u00ebs s\u00eb inflacionit si dhe jo m\u00eb pak se 5% n\u00eb vit.<\/span><\/p>\n<blockquote><p><span style=\"color: #000000;\"><em>\u201cAngazhohem se do t\u00eb risim pensionet me t\u00eb pakt\u00ebn dyfishin e norm\u00ebs s\u00eb inflacionit dhe n\u00eb \u00e7do rast jo m\u00eb pak se 5% n\u00eb vit me synimin q\u00eb n\u00eb fund t\u00eb mandatit ton\u00eb t\u00eb par\u00eb\u00a0 pensionet mesatare shqiptare t\u00eb ken\u00eb kaluar pensionet mesatare t\u00eb rajonit.\u201d<\/em> \u2013 tha Basha.<\/span><\/p><\/blockquote>\n<p><span style=\"color: #000000;\">P\u00ebr sa u p\u00ebrket student\u00ebve, kryedemokrati pohoi se qeveria e tij do mbuloj\u00eb shpenzimet arsimore p\u00ebr 90% t\u00eb student\u00ebve q\u00eb vijn\u00eb nga familje me t\u00eb ardhura t\u00eb ulta nd\u00ebrsa premtoi ndihm\u00eb edhe p\u00ebr \u00e7iftet e reja t\u00eb martuara n\u00eb vend p\u00ebr sa i p\u00ebrket strehimit t\u00eb tyre.<\/span><\/p>\n<blockquote><p><span style=\"color: #000000;\"><em>Ne do t\u00eb mbulojm\u00eb shpenzimet arsimore p\u00ebr tarifat universitare p\u00ebr 90% t\u00eb student\u00ebve q\u00eb vijn\u00eb nga familje me t\u00eb ardhura me pak se 640 mij\u00eb lek\u00eb t\u00eb vjetra n\u00eb muaj. Ne do t\u00eb mb\u00ebshtesim familjet shqiptare. \u00c7do familje do t\u00eb p\u00ebrfitoj p\u00ebr t\u00eb porsalindurit nj\u00eb pages\u00eb mujore prej 3 mij\u00eb lek\u00eb t\u00eb reja p\u00ebr pes\u00eb vitet e para t\u00eb jet\u00ebs. \u00c7do vit t\u00eb qeverisjes time 5 mij\u00eb \u00e7ifte dhe familje t\u00eb reja do t\u00eb p\u00ebrfitojn\u00eb nga subvencionimi I plot\u00eb I interesave t\u00eb kredive p\u00ebr strehim, \u00e7ka do t\u00eb thot\u00eb p\u00ebr ju t\u00eb sapomartuar apo t\u00eb sapofejuar apo q\u00eb doni t\u00eb hidhni k\u00ebt\u00eb hap n\u00eb jet\u00eb por q\u00eb nuk keni asnj\u00eb mund\u00ebsi as ta \u00e7oni n\u00ebp\u00ebr mend blerjen e nj\u00eb banese, se pas 25 prillit qeveria juaj do t\u00eb paguaj 100% interesat bankare p\u00ebr \u00e7do kredi q\u00eb do t\u00eb merrni p\u00ebr t\u00eb bler\u00eb nj\u00eb apartament apo nj\u00eb banes\u00eb. N\u00eb fund t\u00eb mandatit ton\u00eb t\u00eb pare, do t\u00eb jen\u00eb 20 mij\u00eb \u00e7ifte dhe familje t\u00eb reja q\u00eb do t\u00eb ken\u00eb siguruar strehim p\u00ebrmes k\u00ebsaj skeme t\u00eb subvencionimit t\u00eb interesave.\u201d<\/em> \u2013 tha Basha.<\/span><\/p><\/blockquote>\n<p><span style=\"color: #000000;\">Mjek\u00ebt, infermier\u00ebt e arsimtar\u00ebt do njohin rritje page vijoj Basha fjal\u00ebn e tij, duke th\u00ebn\u00eb se do jen\u00eb nd\u00ebr kategorit\u00eb q\u00eb do ken\u00eb v\u00ebmendje t\u00eb ve\u00e7ant\u00eb nga qeveria e re e dal\u00eb nga zgjedhjet e 25 prillit.<\/span><\/p>\n<p><span style=\"color: #000000;\">Ai tha se m\u00ebsuesit do njohin rritje page 60% nd\u00ebrsa mjek\u00ebt e infermier\u00ebt do ken\u00eb respektivisht pag\u00eb 1200 euro dhe 700 euro. <\/span><\/p>\n<p><span style=\"color: #000000;\">N\u00eb fund kryedemokrati pati nj\u00eb premton p\u00ebr fermer\u00ebt n\u00eb vend duke pohuar se do ken\u00eb t\u00eb nj\u00ebjt\u00ebn ndihm\u00eb financiare si vendet e rajonit me 100 milion\u00eb euro ndihm\u00eb direkte.<\/span><\/p>\n<blockquote><p><span style=\"color: #000000;\">\u201c<em>Ne do t\u00eb japim nj\u00eb financim rekord nga buxheti i shtetit p\u00ebr fermer\u00ebt dhe kjo \u00ebsht\u00eb di\u00e7ka un\u00eb kam pasur mund\u00ebsin\u00eb ta diskutoj me ta nga jugu n\u00eb veri, nga lindja n\u00eb per\u00ebndim. P\u00ebr her\u00eb t\u00eb par\u00eb, me qeverin\u00eb e dal nga vota e 245 prillit fermeri shqiptar do t\u00eb ket\u00eb t\u00eb nj\u00ebjt\u00ebn mb\u00ebshtetje si fermer\u00ebt e vendeve fqinje. 100 milion\u00eb euro mb\u00ebshtetje direkte, si dhe sigurimin e fondeve p\u00ebr \u00e7do kultur\u00eb bujq\u00ebsore ose blegtorale.\u00a0<\/em><em>Fermer\u00ebt jan\u00eb zemra pun\u00ebtore e Shqip\u00ebris\u00eb. Prodhimet e tyre duhet e do t\u00eb jen\u00eb krenaria jon\u00eb.\u201d\u00ad<\/em> \u2013 mbylli prezantimin e programit qeveris\u00ebs, Basha.<\/span><\/p><\/blockquote>\n","protected":false,"gt_translate_keys":[{"key":"rendered","format":"html"}]},"excerpt":{"rendered":"<p>Kreu i Partis\u00eb Demokratike ka prezantuar sot programin qeveris\u00ebs. N\u00eb nj\u00eb deklarat\u00eb nga selia blu, Basha, renditi t\u00eb gjitha pikat ky\u00e7e n\u00ebn moton \u2018Shqip\u00ebria fiton ekonomin\u00eb\u2019. Ai e nisi me vendet e reja t\u00eb pun\u00ebs q\u00eb qeveria e tij do hap\u00eb pas zgjedhjeve t\u00eb 25 prillit, duke premtuar hapjen e 110 mij\u00eb vendeve t\u00eb reja [&hellip;]<\/p>\n","protected":false,"gt_translate_keys":[{"key":"rendered","format":"html"}]},"author":51,"featured_media":426314,"comment_status":"open","ping_status":"open","sticky":false,"template":"","format":"standard","meta":{"footnotes":""},"categories":[22,65,13],"tags":[],"class_list":["post-426299","post","type-post","status-publish","format-standard","has-post-thumbnail","hentry","category-ballina","category-lajme","category-te-fundit"],"gt_translate_keys":[{"key":"link","format":"url"}],"_links":{"self":[{"href":"https:\/\/www.hashtag.al\/index.php\/wp-json\/wp\/v2\/posts\/426299","targetHints":{"allow":["GET"]}}],"collection":[{"href":"https:\/\/www.hashtag.al\/index.php\/wp-json\/wp\/v2\/posts"}],"about":[{"href":"https:\/\/www.hashtag.al\/index.php\/wp-json\/wp\/v2\/types\/post"}],"author":[{"embeddable":true,"href":"https:\/\/www.hashtag.al\/index.php\/wp-json\/wp\/v2\/users\/51"}],"replies":[{"embeddable":true,"href":"https:\/\/www.hashtag.al\/index.php\/wp-json\/wp\/v2\/comments?post=426299"}],"version-history":[{"count":0,"href":"https:\/\/www.hashtag.al\/index.php\/wp-json\/wp\/v2\/posts\/426299\/revisions"}],"wp:featuredmedia":[{"embeddable":true,"href":"https:\/\/www.hashtag.al\/index.php\/wp-json\/wp\/v2\/media\/426314"}],"wp:attachment":[{"href":"https:\/\/www.hashtag.al\/index.php\/wp-json\/wp\/v2\/media?parent=426299"}],"wp:term":[{"taxonomy":"category","embeddable":true,"href":"https:\/\/www.hashtag.al\/index.php\/wp-json\/wp\/v2\/categories?post=426299"},{"taxonomy":"post_tag","embeddable":true,"href":"https:\/\/www.hashtag.al\/index.php\/wp-json\/wp\/v2\/tags?post=426299"}],"curies":[{"name":"wp","href":"https:\/\/api.w.org\/{rel}","templated":true}]}}