{"id":426244,"date":"2021-01-28T09:39:24","date_gmt":"2021-01-28T08:39:24","guid":{"rendered":"https:\/\/hashtag.al\/?p=426244"},"modified":"2021-01-28T10:05:55","modified_gmt":"2021-01-28T09:05:55","slug":"kryemadhi-me-grate-ne-elbasan-shpjegon-programin-bebja-ne-bebe-te-ndalojme-shpopullimin","status":"publish","type":"post","link":"https:\/\/www.hashtag.al\/index.php\/2021\/01\/28\/kryemadhi-me-grate-ne-elbasan-shpjegon-programin-bebja-ne-bebe-te-ndalojme-shpopullimin\/","title":{"rendered":"Kryemadhi me grat\u00eb n\u00eb Elbasan, shpjegon programin &#8220;Bebja n\u00eb bebe&#8221;: T\u00eb ndalojm\u00eb shpopullimin","gt_translate_keys":[{"key":"rendered","format":"text"}]},"content":{"rendered":"<p><span style=\"color: #000000;\"><a style=\"color: #000000;\" href=\"https:\/\/hashtag.al\/wp-content\/uploads\/2021\/01\/Kryemadhi-2.jpg\"><img loading=\"lazy\" decoding=\"async\" class=\"aligncenter size-full wp-image-426245\" src=\"https:\/\/hashtag.al\/wp-content\/uploads\/2021\/01\/Kryemadhi-2.jpg\" alt=\"\" width=\"982\" height=\"535\" srcset=\"https:\/\/www.hashtag.al\/wp-content\/uploads\/2021\/01\/Kryemadhi-2.jpg 982w, https:\/\/www.hashtag.al\/wp-content\/uploads\/2021\/01\/Kryemadhi-2-300x163.jpg 300w, https:\/\/www.hashtag.al\/wp-content\/uploads\/2021\/01\/Kryemadhi-2-768x418.jpg 768w\" sizes=\"auto, (max-width: 982px) 100vw, 982px\" \/><\/a><\/span><\/p>\n<p><span style=\"color: #000000;\">Kryetarja e LSI-s\u00eb Monika Kryemadhi \u00ebsht\u00eb takuar sot me grat\u00eb n\u00eb Elbasan, me t\u00eb cilat ka ndar\u00eb prioritetet e programit t\u00eb partis\u00eb s\u00eb saj.<\/span><\/p>\n<p><span style=\"color: #000000;\">Zonja Kryemadhi shpjegoi dhe n\u00eb ve\u00e7anti programin \u201cBebja n\u00eb bebe\u201d ku f\u00ebmij\u00ebt e porsalindur do mb\u00ebshteten me nga 1 mij\u00eb euro.<\/span><\/p>\n<p><span style=\"color: #000000;\">Kryemadhi ka sqaruar se kjo nuk ka t\u00eb b\u00ebj\u00eb me hedhjen e parave n\u00eb depozita bankare, por investim n\u00eb bursa. Ajo tha se k\u00ebto para do t\u00eb futen n\u00eb fondacione me interesa q\u00eb f\u00ebmija q\u00eb lind sot kur t\u00eb b\u00ebhet vet\u00eb prind t\u00eb marr\u00eb parat\u00eb.\u00a0<\/span><\/p>\n<p><span style=\"color: #000000;\"><em>\u201cAjo q\u00eb dua t\u00eb theksoj dhe q\u00eb \u00ebsht\u00eb shum\u00eb e r\u00ebnd\u00ebsishme \u00ebsht\u00eb q\u00eb programi &#8216;Bebja n\u00eb bebe&#8217; \u00ebsht\u00eb nj\u00eb program q\u00eb, ajo q\u00eb themi ne ngurt\u00ebsimi i fondit t\u00eb qeveris\u00eb p\u00ebr bebet q\u00eb ato t\u00eb ken\u00eb mund\u00ebsi p\u00ebr ta t\u00ebrhequr pas 25 viteve ose pas 30 viteve, kur ata b\u00ebhen me f\u00ebmij\u00eb, nuk \u00ebsht\u00eb depozit\u00eb bankare.<\/em><\/span><\/p>\n<p><span style=\"color: #000000;\"><em>Kjo \u00ebsht\u00eb nj\u00eb nga problemet q\u00eb ka mentaliteti yn\u00eb, ose nj\u00eb nga mentalitetet q\u00eb ka krijuar politika e qeveria, sepse mentaliteti shqiptar \u00ebsht\u00eb se ke taksidar\u00eb q\u00eb vijn\u00eb t\u00eb rrahin me kamxhik p\u00ebr t\u00eb marr\u00eb taksat, dhe interesa bankare q\u00eb njer\u00ebzit marrin kredi. <\/em><\/span><\/p>\n<p><span style=\"color: #000000;\"><em>Nd\u00ebrkoh\u00eb q\u00eb bota po shkon drejt nj\u00eb ekonomie krejt tjet\u00ebr, drejt nj\u00eb zhvillimi krejt tjet\u00ebr dhe normal nuk mund t\u00eb kuptosh se \u00e7do t\u00eb thon\u00eb\u00a0fondet e zhvillimit, ose trust-fund, investimet n\u00eb burs\u00eb, sepse Shqip\u00ebria nuk ekziston as n\u00eb burs\u00eb. Dhe tani do t\u00eb ekzistoj\u00eb n\u00eb burs\u00eb nga bebja n\u00eb bebe, n\u00eb m\u00ebnyr\u00eb q\u00eb f\u00ebmij\u00ebt tan\u00eb t\u00eb mos ikin nga Shqip\u00ebria.<\/em><\/span><\/p>\n<p><span style=\"color: #000000;\"><em>Me t\u00eb v\u00ebrtet\u00eb un\u00eb, Moza, e t\u00eb gjith\u00eb nuk p\u00ebrfitojm\u00eb nga kjo, por do t\u00eb p\u00ebrfitojn\u00eb f\u00ebmij\u00ebt e f\u00ebmij\u00ebve tan\u00eb. Kjo \u00ebsht\u00eb nj\u00eb nga q\u00ebllimet kryesore, ripopullimi i Shqip\u00ebris\u00eb dhe t\u00eb ndalojm\u00eb shpopullimin.<\/em><\/span><\/p>\n<p><span style=\"color: #000000;\"><em>Sepse nj\u00eb nga arsyet pse t\u00eb rinjt\u00eb ikin nga vendi \u00ebsht\u00eb se ata nuk kan\u00eb m\u00eb asnj\u00eb garanci p\u00ebr veten e tyre apo p\u00ebr familjen e tyre.\u201d-<\/em> deklaroi Kryemadhi.<\/span><\/p>\n<p><span style=\"color: #000000;\"><a style=\"color: #000000;\" href=\"https:\/\/hashtag.al\/wp-content\/uploads\/2021\/01\/Monika-K.jpg\"><img loading=\"lazy\" decoding=\"async\" class=\"aligncenter size-full wp-image-426246\" src=\"https:\/\/hashtag.al\/wp-content\/uploads\/2021\/01\/Monika-K.jpg\" alt=\"\" width=\"981\" height=\"535\" srcset=\"https:\/\/www.hashtag.al\/wp-content\/uploads\/2021\/01\/Monika-K.jpg 981w, https:\/\/www.hashtag.al\/wp-content\/uploads\/2021\/01\/Monika-K-300x164.jpg 300w, https:\/\/www.hashtag.al\/wp-content\/uploads\/2021\/01\/Monika-K-768x419.jpg 768w\" sizes=\"auto, (max-width: 981px) 100vw, 981px\" \/><\/a><\/span><\/p>\n","protected":false,"gt_translate_keys":[{"key":"rendered","format":"html"}]},"excerpt":{"rendered":"<p>Kryetarja e LSI-s\u00eb Monika Kryemadhi \u00ebsht\u00eb takuar sot me grat\u00eb n\u00eb Elbasan, me t\u00eb cilat ka ndar\u00eb prioritetet e programit t\u00eb partis\u00eb s\u00eb saj. Zonja Kryemadhi shpjegoi dhe n\u00eb ve\u00e7anti programin \u201cBebja n\u00eb bebe\u201d ku f\u00ebmij\u00ebt e porsalindur do mb\u00ebshteten me nga 1 mij\u00eb euro. Kryemadhi ka sqaruar se kjo nuk ka t\u00eb b\u00ebj\u00eb me [&hellip;]<\/p>\n","protected":false,"gt_translate_keys":[{"key":"rendered","format":"html"}]},"author":30,"featured_media":426245,"comment_status":"open","ping_status":"open","sticky":false,"template":"","format":"standard","meta":{"footnotes":""},"categories":[65,13],"tags":[],"class_list":["post-426244","post","type-post","status-publish","format-standard","has-post-thumbnail","hentry","category-lajme","category-te-fundit"],"gt_translate_keys":[{"key":"link","format":"url"}],"_links":{"self":[{"href":"https:\/\/www.hashtag.al\/index.php\/wp-json\/wp\/v2\/posts\/426244","targetHints":{"allow":["GET"]}}],"collection":[{"href":"https:\/\/www.hashtag.al\/index.php\/wp-json\/wp\/v2\/posts"}],"about":[{"href":"https:\/\/www.hashtag.al\/index.php\/wp-json\/wp\/v2\/types\/post"}],"author":[{"embeddable":true,"href":"https:\/\/www.hashtag.al\/index.php\/wp-json\/wp\/v2\/users\/30"}],"replies":[{"embeddable":true,"href":"https:\/\/www.hashtag.al\/index.php\/wp-json\/wp\/v2\/comments?post=426244"}],"version-history":[{"count":0,"href":"https:\/\/www.hashtag.al\/index.php\/wp-json\/wp\/v2\/posts\/426244\/revisions"}],"wp:featuredmedia":[{"embeddable":true,"href":"https:\/\/www.hashtag.al\/index.php\/wp-json\/wp\/v2\/media\/426245"}],"wp:attachment":[{"href":"https:\/\/www.hashtag.al\/index.php\/wp-json\/wp\/v2\/media?parent=426244"}],"wp:term":[{"taxonomy":"category","embeddable":true,"href":"https:\/\/www.hashtag.al\/index.php\/wp-json\/wp\/v2\/categories?post=426244"},{"taxonomy":"post_tag","embeddable":true,"href":"https:\/\/www.hashtag.al\/index.php\/wp-json\/wp\/v2\/tags?post=426244"}],"curies":[{"name":"wp","href":"https:\/\/api.w.org\/{rel}","templated":true}]}}