{"id":426242,"date":"2021-01-28T09:21:41","date_gmt":"2021-01-28T08:21:41","guid":{"rendered":"https:\/\/hashtag.al\/?p=426242"},"modified":"2021-01-28T09:21:41","modified_gmt":"2021-01-28T08:21:41","slug":"adoleshentja-denoncon-25-vjecaren-me-ftoi-ne-shtepi-dhe-abuzoi-me-mua","status":"publish","type":"post","link":"https:\/\/www.hashtag.al\/index.php\/2021\/01\/28\/adoleshentja-denoncon-25-vjecaren-me-ftoi-ne-shtepi-dhe-abuzoi-me-mua\/","title":{"rendered":"Adoleshentja denoncon 25-vje\u00e7aren: M\u00eb ftoi n\u00eb sht\u00ebpi dhe abuzoi me mua","gt_translate_keys":[{"key":"rendered","format":"text"}]},"content":{"rendered":"<p><a href=\"https:\/\/hashtag.al\/wp-content\/uploads\/2020\/06\/abuzim-seksual-ngacmim.jpg\"><img loading=\"lazy\" decoding=\"async\" class=\"aligncenter size-full wp-image-382299\" src=\"https:\/\/hashtag.al\/wp-content\/uploads\/2020\/06\/abuzim-seksual-ngacmim.jpg\" alt=\"\" width=\"640\" height=\"355\" srcset=\"https:\/\/www.hashtag.al\/wp-content\/uploads\/2020\/06\/abuzim-seksual-ngacmim.jpg 640w, https:\/\/www.hashtag.al\/wp-content\/uploads\/2020\/06\/abuzim-seksual-ngacmim-300x166.jpg 300w\" sizes=\"auto, (max-width: 640px) 100vw, 640px\" \/><\/a><\/p>\n<p><span style=\"color: #000000;\">Nj\u00eb rast i r\u00ebnd\u00eb \u00ebsht\u00eb regjistruar n\u00eb Vor\u00eb, ku nj\u00eb 16-vje\u00e7are ka akuzuar nj\u00eb 25-vje\u00e7are p\u00ebr abuzim seksual.<\/span><\/p>\n<p><span style=\"color: #000000;\">Sipas televizionit \u201cNews 24\u201d e mitura pretendon se 25-vje\u00e7arja ka abuzuar seksualisht me t\u00eb dhe m\u00eb pas e ka detyruar t\u00eb dhunoj\u00eb veten.<\/span><\/p>\n<p><span style=\"color: #000000;\">E mitura thot\u00eb se 25-vje\u00e7arja e ka mashtruar duke e ftuar n\u00eb banes\u00ebn e saj. Ajo thot\u00eb n\u00eb prani t\u00eb prind\u00ebrve dhe psikologes se ngjarja ka ndodhur 2 muaj m\u00eb par\u00eb, por vet\u00ebm tani ka marr\u00eb guximin p\u00ebr ta denoncuar rastin.<\/span><\/p>\n<p><span style=\"color: #000000;\">E akuzuara \u00ebsht\u00eb shpallur n\u00eb k\u00ebrkim nga policia.<\/span><\/p>\n","protected":false,"gt_translate_keys":[{"key":"rendered","format":"html"}]},"excerpt":{"rendered":"<p>Nj\u00eb rast i r\u00ebnd\u00eb \u00ebsht\u00eb regjistruar n\u00eb Vor\u00eb, ku nj\u00eb 16-vje\u00e7are ka akuzuar nj\u00eb 25-vje\u00e7are p\u00ebr abuzim seksual. Sipas televizionit \u201cNews 24\u201d e mitura pretendon se 25-vje\u00e7arja ka abuzuar seksualisht me t\u00eb dhe m\u00eb pas e ka detyruar t\u00eb dhunoj\u00eb veten. E mitura thot\u00eb se 25-vje\u00e7arja e ka mashtruar duke e ftuar n\u00eb banes\u00ebn e [&hellip;]<\/p>\n","protected":false,"gt_translate_keys":[{"key":"rendered","format":"html"}]},"author":30,"featured_media":382299,"comment_status":"open","ping_status":"open","sticky":false,"template":"","format":"standard","meta":{"footnotes":""},"categories":[65,13],"tags":[],"class_list":["post-426242","post","type-post","status-publish","format-standard","has-post-thumbnail","hentry","category-lajme","category-te-fundit"],"gt_translate_keys":[{"key":"link","format":"url"}],"_links":{"self":[{"href":"https:\/\/www.hashtag.al\/index.php\/wp-json\/wp\/v2\/posts\/426242","targetHints":{"allow":["GET"]}}],"collection":[{"href":"https:\/\/www.hashtag.al\/index.php\/wp-json\/wp\/v2\/posts"}],"about":[{"href":"https:\/\/www.hashtag.al\/index.php\/wp-json\/wp\/v2\/types\/post"}],"author":[{"embeddable":true,"href":"https:\/\/www.hashtag.al\/index.php\/wp-json\/wp\/v2\/users\/30"}],"replies":[{"embeddable":true,"href":"https:\/\/www.hashtag.al\/index.php\/wp-json\/wp\/v2\/comments?post=426242"}],"version-history":[{"count":0,"href":"https:\/\/www.hashtag.al\/index.php\/wp-json\/wp\/v2\/posts\/426242\/revisions"}],"wp:featuredmedia":[{"embeddable":true,"href":"https:\/\/www.hashtag.al\/index.php\/wp-json\/wp\/v2\/media\/382299"}],"wp:attachment":[{"href":"https:\/\/www.hashtag.al\/index.php\/wp-json\/wp\/v2\/media?parent=426242"}],"wp:term":[{"taxonomy":"category","embeddable":true,"href":"https:\/\/www.hashtag.al\/index.php\/wp-json\/wp\/v2\/categories?post=426242"},{"taxonomy":"post_tag","embeddable":true,"href":"https:\/\/www.hashtag.al\/index.php\/wp-json\/wp\/v2\/tags?post=426242"}],"curies":[{"name":"wp","href":"https:\/\/api.w.org\/{rel}","templated":true}]}}