{"id":425818,"date":"2021-01-26T11:09:48","date_gmt":"2021-01-26T10:09:48","guid":{"rendered":"https:\/\/hashtag.al\/?p=425818"},"modified":"2021-01-26T12:10:43","modified_gmt":"2021-01-26T11:10:43","slug":"gazetarja-qe-publikoi-pergjimet-e-ndranghetes-nuk-jam-intervistuar-ne-asnje-edicion-qendror-lajmesh","status":"publish","type":"post","link":"https:\/\/www.hashtag.al\/index.php\/2021\/01\/26\/gazetarja-qe-publikoi-pergjimet-e-ndranghetes-nuk-jam-intervistuar-ne-asnje-edicion-qendror-lajmesh\/","title":{"rendered":"Gazetarja q\u00eb publikoi p\u00ebrgjimet e Ndranghet\u00ebs: Nuk jam intervistuar n\u00eb asnj\u00eb edicion qendror lajmesh","gt_translate_keys":[{"key":"rendered","format":"text"}]},"content":{"rendered":"<p><a href=\"https:\/\/hashtag.al\/wp-content\/uploads\/2021\/01\/142674470_10225098816284178_5946111451875480677_n.jpg\"><img loading=\"lazy\" decoding=\"async\" class=\"aligncenter size-full wp-image-425819\" src=\"https:\/\/hashtag.al\/wp-content\/uploads\/2021\/01\/142674470_10225098816284178_5946111451875480677_n.jpg\" alt=\"\" width=\"526\" height=\"701\" srcset=\"https:\/\/www.hashtag.al\/wp-content\/uploads\/2021\/01\/142674470_10225098816284178_5946111451875480677_n.jpg 526w, https:\/\/www.hashtag.al\/wp-content\/uploads\/2021\/01\/142674470_10225098816284178_5946111451875480677_n-225x300.jpg 225w\" sizes=\"auto, (max-width: 526px) 100vw, 526px\" \/><\/a><\/p>\n<p><span style=\"color: #000000;\">Disa dit\u00eb m\u00eb par\u00eb, n\u00eb Shqip\u00ebri nis\u00ebn t\u00eb publikohen transkriptet e para t\u00eb nj\u00eb dosjeje masive t\u00eb antimafias italiane prej rreth 1600 faqesh, ku flitet edhe p\u00ebr lidhjet mes klanit mafioz italian Ndrangheta dhe disa biznesmen\u00ebve e politikan\u00ebve italian\u00eb.<\/span><\/p>\n<p><span style=\"color: #000000;\">P\u00ebrgjimet e para u transkriptuan nga Ora News, q\u00eb kishte siguruar materialet e antimafias italiane e m\u00eb pas nis\u00ebn t\u00eb shp\u00ebrndahen sipas interesit edhe n\u00eb pak media t\u00eb tjera.<\/span><\/p>\n<p><span style=\"color: #000000;\">E pjesa d\u00ebrrmuese e mediave n\u00eb vend nuk kan\u00eb publikuar asgj\u00eb nga p\u00ebrgjimet e dosjes s\u00eb antimafias italiane.\u00a0 <\/span><span style=\"color: #000000;\">Ato kan\u00eb publikuar vet\u00ebm reagimet politike t\u00eb nd\u00ebrsjella, akuzat e kund\u00ebrakuzat mes pal\u00ebve politike n\u00eb vend, por jo p\u00ebrgjimet e transkriptuara ku p\u00ebrmenden biznesmeni shqiptar Nik (Besnik Halili) e roli i tij n\u00eb nd\u00ebrmjet\u00ebsimin me qeveritar\u00ebt n\u00eb Shqip\u00ebri p\u00ebr t\u2019i mund\u00ebsuar grupit t\u00eb italian\u00ebve leje nd\u00ebrtimi n\u00eb Tiran\u00eb, tendera pa gar\u00eb n\u00eb disa sektor\u00eb, koncesione etj.<\/span><\/p>\n<p><span style=\"color: #000000;\">Alba Kepi \u00ebsht\u00eb gazetarja e cila gjeti dosjen dhe e publikoi at\u00eb n\u00eb televizionin \u201cOra News\u201d.<\/span><\/p>\n<p><span style=\"color: #000000;\">Ajo shprehet kritike ndaj m\u00ebnyr\u00ebs se si koleg\u00eb t\u00eb saj e kan\u00eb raportuar dhe komentuar pun\u00ebn e saj voluminoze, nd\u00ebrsa shprehet se edhe pse ishte ajo q\u00eb siguroi dosjen nuk \u00ebsht\u00eb ftuar t\u00eb flas\u00eb mbi t\u00eb nga asnj\u00eb edicion qendror.<\/span><\/p>\n<p><em><span style=\"color: #000000;\">&#8220;Ju ftoj t\u00eb ndiqni kronikat e Ora News mbi lajmet m\u00eb t\u00eb fundit t\u00eb skandalit t\u00eb pastrimit e riciklimit t\u00eb parave t\u00eb mafias kalabreze n\u00eb Shqip\u00ebri. Lexoj &#8220;bullshit e sajesa&#8221; t\u00eb koleg\u00ebve gazetar\u00eb q\u00eb nuk e kan\u00eb iden\u00eb se \u00e7&#8217;\u00ebsht\u00eb mafia! E PYES; Si kan\u00eb kurajo t\u00eb flasin p\u00ebr di\u00e7ka q\u00eb nuk din\u00eb e s&#8217;kan\u00eb lexuar. Kaq e fort\u00eb \u00ebsht\u00eb deliri i madh\u00ebshtis\u00eb apo \u00ebsht\u00eb &#8220;pakti me djallin&#8221; q\u00eb i shtyn t\u00eb flasin e t\u00eb shkruajn\u00eb KUTURU. E fatkeq\u00ebsisht jan\u00eb ata m\u00eb t\u00eb &#8220;dekoruarit&#8221; e m\u00eb t\u00eb ekspozuarit televizisht. Profesionalizmi e besueshm\u00ebria fitohet me paan\u00ebsi e tregohet me at\u00eb \u00e7ka sjell mbi tavolin\u00ebn e pun\u00ebs e jo me hamend\u00ebsimet e miqve shqiptar\u00eb&#8230; Un\u00eb jam person e gazetare e lir\u00eb, e ju ftoj t\u00eb ndiqni materialet investigative t\u00eb Ora News e cila qe media e par\u00eb q\u00eb p\u00ebrcolli skandalin me prova t\u00eb dokumentuara q\u00eb n\u00eb or\u00ebn 7.00 t\u00eb m\u00ebngjesit t\u00eb ekzekutimit t\u00eb operacionit. E deri m\u00eb sot me gjith\u00eb pun\u00ebn kolosale q\u00eb po b\u00ebj prej dit\u00ebsh, nuk jam intervistuar n\u00eb asnj\u00eb edicion qendror lajmesh, dhe pse shoh se me pun\u00ebn time ndizen reflektor\u00eb t\u00eb atyre q\u00eb pun\u00ebn e investigimin duhet ta nisnin n\u00eb Shqip\u00ebri, q\u00eb at\u00eb m\u00ebngjes kur raportova r\u00ebnd\u00ebsin\u00eb e k\u00ebtij operacioni, e jo t\u00eb &#8216;kuturizonin&#8217; investigimet e antimafias.<\/span><\/em><\/p>\n<p><span style=\"color: #000000;\"><em>\u00a0Po ashtu si\u00e7 dokumentova skandalin Tahiri, q\u00eb e bllokuan duke e l\u00ebn\u00eb n\u00eb stand by p\u00ebr disa dit\u00eb rradhazi, apo skandalin e plehrave t\u00eb Tiran\u00ebs me mafian e Veron\u00ebs, q\u00eb e bllokuan sapo nxorra shum\u00eb dosje t\u00eb tjera lidhur me to, apo skandalin e gomoneve q\u00eb niseshin nga Shqip\u00ebria drejt Italis\u00eb, raportet eskluzive e intervista eskluzive me njer\u00ebzit m\u00eb t\u00eb mir\u00eb t\u00eb drejt\u00ebsis\u00eb europiane.&#8221;<\/em>&#8211; shkruan Kepi n\u00eb nj\u00eb postim n\u00eb Facebook.<\/span><\/p>\n<p><span style=\"color: #000000;\">Gazetarja shprehet se nj\u00eb pjes\u00eb e mir\u00eb e koleg\u00ebve t\u00eb saj n\u00eb Shqip\u00ebri jan\u00eb t\u00eb p\u00ebrlyer dhe nuk jan\u00eb t\u00eb lir\u00eb t\u2019i p\u00ebrcjellin lajmet.<\/span><\/p>\n<p><span style=\"color: #000000;\"><em>\u201cT\u00eb \u2018dekoruarve\u2019 i ftoj t\u00eb punojn\u00eb e t\u00eb rr\u00ebfejn\u00eb se \u00e7far\u00eb ka ndodhur n\u00eb Shqip\u00ebri me miqt\u00eb e mafioz\u00ebve e medaljet t&#8217;i fitojne pa miqt\u00eb \u2018shqiptar\u00eb\u2019, \u2018kush\u00ebrinjt\u00eb\u2019, \u2018v\u00ebllez\u00ebrit\u2019, \u2018motrat\u2019. NAT\u00cbN t\u00eb nderuar! Nuk kam m\u00eb besim n\u00eb asgj\u00eb! #manonmollo. Me sinqeritetin e dashuris\u00eb s\u00eb profesionit e pa delirin e madh\u00ebshtis\u00eb, POR ve\u00e7 t\u00eb respektit e seriozitetit p\u00ebr njer\u00ebzit q\u00eb kam punuar me vite p\u00ebr k\u00ebt\u00eb operacion them; Shkofshi n\u00eb djall e bashk\u00eb me paktin e djallit! Andate a lavorare!!!&#8230; aty ku \u00ebsht\u00eb miniera e lajmeve q\u00eb nuk jeni t\u00eb lir\u00eb t&#8217;i percillni sepse jeni t\u00eb p\u00ebrlyer!\u201d<\/em>&#8211; shkruan gazetarja.<\/span><\/p>\n<p><span style=\"color: #000000;\">P\u00ebrgjimet e Antimafias italiane kan\u00eb nxjerr\u00eb n\u00eb pah pazaret q\u00eb personazhe t\u00eb krimit n\u00eb shtetin fqinj b\u00ebjn\u00eb p\u00ebr t\u00eb fituar leje nd\u00ebrtimi n\u00eb Tiran\u00eb. N\u00eb materialet e siguruara nga Kepi dhe t\u00eb publikuara n\u00eb \u201cOra News\u201d thuhet se sip\u00ebrmarr\u00ebsit italian\u00eb n\u00ebn hetim flasin p\u00ebr kontakte t\u00eb af\u00ebrta me kryetarin e bashkis\u00eb s\u00eb Tiran\u00ebs, si dhe p\u00ebr faktin se mund t\u00eb investojn\u00eb n\u00eb nd\u00ebrtimin e nj\u00eb grada\u00e7ele shum\u00ebkat\u00ebshe q\u00eb shiten deri n\u00eb 3 mij\u00eb euro metri katror, duke ofruar si ryshfet 20 p\u00ebr qind t\u00eb vler\u00ebs.\u00a0<\/span><\/p>\n<p><span style=\"color: #000000;\">N\u00eb dosjen masive prej m\u00eb shum\u00eb se 1000 faqesh t\u00eb p\u00ebrgjimeve t\u00eb antimafias italiane flitet p\u00ebr tendera n\u00eb sektor\u00eb t\u00eb ndrysh\u00ebm, koncesione, leje nd\u00ebrtimi n\u00eb Tiran\u00eb, investime n\u00eb sh\u00ebndet\u00ebsi e p\u00ebr t\u00eb gjitha k\u00ebto del garant si ur\u00eb lidh\u00ebse biznesmeni shqipar \u2018Nik\u2019 q\u00eb ka lidhje me kreun e bashkis\u00eb, me ministrat e zyrtar\u00ebt e qeveris\u00eb Rama.<\/span><\/p>\n","protected":false,"gt_translate_keys":[{"key":"rendered","format":"html"}]},"excerpt":{"rendered":"<p>Disa dit\u00eb m\u00eb par\u00eb, n\u00eb Shqip\u00ebri nis\u00ebn t\u00eb publikohen transkriptet e para t\u00eb nj\u00eb dosjeje masive t\u00eb antimafias italiane prej rreth 1600 faqesh, ku flitet edhe p\u00ebr lidhjet mes klanit mafioz italian Ndrangheta dhe disa biznesmen\u00ebve e politikan\u00ebve italian\u00eb. P\u00ebrgjimet e para u transkriptuan nga Ora News, q\u00eb kishte siguruar materialet e antimafias italiane e [&hellip;]<\/p>\n","protected":false,"gt_translate_keys":[{"key":"rendered","format":"html"}]},"author":30,"featured_media":425835,"comment_status":"open","ping_status":"open","sticky":false,"template":"","format":"standard","meta":{"footnotes":""},"categories":[65,13],"tags":[],"class_list":["post-425818","post","type-post","status-publish","format-standard","has-post-thumbnail","hentry","category-lajme","category-te-fundit"],"gt_translate_keys":[{"key":"link","format":"url"}],"_links":{"self":[{"href":"https:\/\/www.hashtag.al\/index.php\/wp-json\/wp\/v2\/posts\/425818","targetHints":{"allow":["GET"]}}],"collection":[{"href":"https:\/\/www.hashtag.al\/index.php\/wp-json\/wp\/v2\/posts"}],"about":[{"href":"https:\/\/www.hashtag.al\/index.php\/wp-json\/wp\/v2\/types\/post"}],"author":[{"embeddable":true,"href":"https:\/\/www.hashtag.al\/index.php\/wp-json\/wp\/v2\/users\/30"}],"replies":[{"embeddable":true,"href":"https:\/\/www.hashtag.al\/index.php\/wp-json\/wp\/v2\/comments?post=425818"}],"version-history":[{"count":0,"href":"https:\/\/www.hashtag.al\/index.php\/wp-json\/wp\/v2\/posts\/425818\/revisions"}],"wp:featuredmedia":[{"embeddable":true,"href":"https:\/\/www.hashtag.al\/index.php\/wp-json\/wp\/v2\/media\/425835"}],"wp:attachment":[{"href":"https:\/\/www.hashtag.al\/index.php\/wp-json\/wp\/v2\/media?parent=425818"}],"wp:term":[{"taxonomy":"category","embeddable":true,"href":"https:\/\/www.hashtag.al\/index.php\/wp-json\/wp\/v2\/categories?post=425818"},{"taxonomy":"post_tag","embeddable":true,"href":"https:\/\/www.hashtag.al\/index.php\/wp-json\/wp\/v2\/tags?post=425818"}],"curies":[{"name":"wp","href":"https:\/\/api.w.org\/{rel}","templated":true}]}}