{"id":425588,"date":"2021-01-25T10:43:29","date_gmt":"2021-01-25T09:43:29","guid":{"rendered":"https:\/\/hashtag.al\/?p=425588"},"modified":"2021-01-25T10:52:24","modified_gmt":"2021-01-25T09:52:24","slug":"taulant-balla-eurodeputeti-i-permendur-ne-pergjimet-e-ndrangheta-s-eshte-mik-i-lulzim-bashes","status":"publish","type":"post","link":"https:\/\/www.hashtag.al\/index.php\/2021\/01\/25\/taulant-balla-eurodeputeti-i-permendur-ne-pergjimet-e-ndrangheta-s-eshte-mik-i-lulzim-bashes\/","title":{"rendered":"Taulant Balla: Eurodeputeti i p\u00ebrmendur n\u00eb p\u00ebrgjimet e Ndrangheta-s \u00ebsht\u00eb mik i Lulzim Bash\u00ebs","gt_translate_keys":[{"key":"rendered","format":"text"}]},"content":{"rendered":"<p><a href=\"https:\/\/hashtag.al\/wp-content\/uploads\/2021\/01\/balla-1.jpg\"><img loading=\"lazy\" decoding=\"async\" class=\"aligncenter size-full wp-image-425589\" src=\"https:\/\/hashtag.al\/wp-content\/uploads\/2021\/01\/balla-1.jpg\" alt=\"\" width=\"780\" height=\"440\" srcset=\"https:\/\/www.hashtag.al\/wp-content\/uploads\/2021\/01\/balla-1.jpg 780w, https:\/\/www.hashtag.al\/wp-content\/uploads\/2021\/01\/balla-1-300x169.jpg 300w, https:\/\/www.hashtag.al\/wp-content\/uploads\/2021\/01\/balla-1-768x433.jpg 768w\" sizes=\"auto, (max-width: 780px) 100vw, 780px\" \/><\/a><\/p>\n<p><span style=\"color: #000000;\">Kryeministri Edi Rama mblodhi sot drejtuesit politik t\u00eb 12 qarqeve n\u00eb selin\u00eb e PS-s\u00eb. Pas p\u00ebrfundimit t\u00eb k\u00ebsaj mbledhjeje, doli n\u00eb nj\u00eb deklarat\u00eb p\u00ebr mediet numri 2 i k\u00ebsaj force politike, Taulant Balla.<\/span><\/p>\n<p><span style=\"color: #000000;\">Ai tha se n\u00eb mbledhje u diskutua p\u00ebr fushat\u00ebn zgjedhore, pasi zgjedhjet po afrojn\u00eb.<\/span><\/p>\n<p><span style=\"color: #000000;\">Por mes t\u00eb tjerash, ai foli dhe p\u00ebr p\u00ebrgjimet e anti-mafias italiane. Ai hodhi akuza ndaj kryeopozitarit Lulzim Basha, duke th\u00ebn\u00eb se eurodeputeti q\u00eb p\u00ebrmendet n\u00eb p\u00ebrgjime \u00ebsht\u00eb nj\u00eb mik i vjet\u00ebr i tij.<\/span><\/p>\n<p><em><span style=\"color: #000000;\">&#8220;Un\u00eb ju e dini jam kryetar i delegacionit shqiptar n\u00eb Parlamentin Europian dhe mund t&#8217;ju them me bindje t\u00eb plot\u00eb q\u00eb eurodeputeti q\u00eb p\u00ebrmendet \u00ebsht\u00eb mik i vjet\u00ebr i Lulzim Bash\u00ebs. Shkoni pyeteni at\u00eb, se e ka pritur n\u00eb zyr\u00eb ai e ka takuar dhe n\u00eb Bruksel, dhe n\u00eb Rom\u00eb. <\/span><\/em><\/p>\n<p><em><span style=\"color: #000000;\">N\u00ebse hyni n\u00eb k\u00ebto historira, ata q\u00eb jan\u00eb p\u00ebrmendur realisht me emra i keni n\u00eb Presidenc\u00eb dhe miq t\u00eb kryetarit t\u00eb opozit\u00ebs. P\u00ebr t\u00eb tjerat, duroni dhe d\u00ebgjoni.<\/span><\/em><br \/>\n<span style=\"color: #000000;\"><em>Ajo q\u00eb un\u00eb p\u00ebrsh\u00ebndes \u00ebsht\u00eb fakti q\u00eb SPAK do t\u00eb b\u00ebj\u00eb verifikime p\u00ebrkat\u00ebse dhe do duhet t\u2019i shkoj deri n\u00eb fund k\u00ebsaj \u00e7\u00ebshtje, kjo \u00ebsht\u00eb po hetohet nga drejt\u00ebsis\u00eb fqinje\u201d<\/em>, tha Balla.<\/span><\/p>\n<p><span style=\"color: #000000;\">Ai e ka fjal\u00ebn p\u00ebr eurodeputetin Lorenzo Cesa.<\/span><\/p>\n<p><span style=\"color: #000000;\">Nd\u00ebrkoh\u00eb lidhur me tematik\u00ebn p\u00ebr t\u00eb cil\u00ebn u zhvillua mbledhja e sotme e PS-s\u00eb, Balla tha se PS i ka pothuajse gati listat e kandidat\u00ebve p\u00ebr deputet\u00eb dhe se ky \u00ebsht\u00eb nj\u00eb proces q\u00eb po ec\u00ebn shum\u00eb mir\u00eb.<\/span><\/p>\n<p><em><span style=\"color: #000000;\">\u00a0\u201cShtabi elektoral ka qen\u00eb n\u00eb kontakt t\u00eb vazhduesh\u00ebm edhe n\u00eb takimet q\u00eb raportohet vijueshm\u00ebria e fushat\u00ebs si dhe p\u00ebrp\u00ebrgatitjet p\u00ebr fitoren e 25 prillit dhe kjo e sotmja ishte nj\u00eb mbledhje raportuese, kemi hyr\u00eb n\u00eb periudh\u00ebn parazgjedhjeve dhe jemi t\u00eb detyruar t\u00eb respektojm\u00eb kodin zgjedhor .<\/span><\/em><br \/>\n<em><span style=\"color: #000000;\">Sot do mir\u00ebpresim delegacionin e ODHIR p\u00ebr t\u00eb vazhduar komunikimin p\u00ebr zgjedhje t\u00eb lira, se per ne \u00ebsht\u00eb e r\u00ebnd\u00ebsishme q\u00eb PD t\u2019i pranoj\u00eb rezultatet e zgjedhjeve.<\/span><\/em><\/p>\n<p><em><span style=\"color: #000000;\">Sa p\u00ebr pyetjen e procesit e t\u00eb kandidatur\u00ebve biem dakord q\u00eb PS ka b\u00ebr\u00eb proces shum\u00eb planesh p\u00ebr k\u00ebt\u00eb, jam krenar q\u00eb kemi p\u00ebrmbyllur platform\u00ebn \u2018deputeti q\u00eb duam\u2019: ku u dham\u00eb mund\u00ebsi profesionist\u00ebve nga m\u00ebsues, fermer\u00eb, t\u00eb konkurrojn\u00eb dhe tashm\u00eb kemi arritur n\u00eb nj\u00eb grup shum\u00eb t\u00eb mir\u00eb, q\u00eb kan\u00eb vendosur t\u00eb jen\u00eb me ne, kjo ka qen\u00eb nj\u00eb pik\u00eb e diskutimeve t\u00eb sotme.<\/span><\/em><\/p>\n<p><em><span style=\"color: #000000;\">Jam i sigurt se n\u00eb t\u00eb gjith\u00eb qarqet do kemi p\u00ebrfaq\u00ebsues nga ky proces. kemi p\u00ebrmbyllur nj\u00eb proces tjet\u00ebr, p\u00ebr t\u00eb vler\u00ebsuar ekipin aktual t\u00eb deputetve ku mor\u00ebm feedback pozitiv, ku PS do diskutoj\u00eb dhe list\u00ebn p\u00ebrfundimtare.<\/span><\/em><\/p>\n<p><em><span style=\"color: #000000;\">P\u00ebr shkak t\u00eb dritares dhe mund\u00ebsis\u00eb q\u00eb ka ofruar kodi zgjedhor lista e kandidat\u00ebve do jet\u00eb uniform\u00eb n\u00eb t\u00eb gjitha qarqet, n\u00eb shum\u00eb lista n\u00eb shum\u00eb qarqe lista do ndryshoj\u00eb p\u00ebr shkak t\u00eb preferenc\u00ebs s\u00eb qytetar\u00ebve.<\/span><\/em><br \/>\n<span style=\"color: #000000;\"><em>Ne i kemi pothuajse gati, po po b\u00ebjm\u00eb konsultime q\u00eb ta kemi sa m\u00eb t\u00eb p\u00ebrfaq\u00ebsuar. Ku \u00ebsht\u00eb nj\u00eb proces q\u00eb po ec\u00ebn shum\u00eb mir\u00eb\u201d,<\/em> deklaroi Balla.<\/span><\/p>\n","protected":false,"gt_translate_keys":[{"key":"rendered","format":"html"}]},"excerpt":{"rendered":"<p>Kryeministri Edi Rama mblodhi sot drejtuesit politik t\u00eb 12 qarqeve n\u00eb selin\u00eb e PS-s\u00eb. Pas p\u00ebrfundimit t\u00eb k\u00ebsaj mbledhjeje, doli n\u00eb nj\u00eb deklarat\u00eb p\u00ebr mediet numri 2 i k\u00ebsaj force politike, Taulant Balla. Ai tha se n\u00eb mbledhje u diskutua p\u00ebr fushat\u00ebn zgjedhore, pasi zgjedhjet po afrojn\u00eb. Por mes t\u00eb tjerash, ai foli dhe p\u00ebr [&hellip;]<\/p>\n","protected":false,"gt_translate_keys":[{"key":"rendered","format":"html"}]},"author":30,"featured_media":425589,"comment_status":"open","ping_status":"open","sticky":false,"template":"","format":"standard","meta":{"footnotes":""},"categories":[65,13],"tags":[],"class_list":["post-425588","post","type-post","status-publish","format-standard","has-post-thumbnail","hentry","category-lajme","category-te-fundit"],"gt_translate_keys":[{"key":"link","format":"url"}],"_links":{"self":[{"href":"https:\/\/www.hashtag.al\/index.php\/wp-json\/wp\/v2\/posts\/425588","targetHints":{"allow":["GET"]}}],"collection":[{"href":"https:\/\/www.hashtag.al\/index.php\/wp-json\/wp\/v2\/posts"}],"about":[{"href":"https:\/\/www.hashtag.al\/index.php\/wp-json\/wp\/v2\/types\/post"}],"author":[{"embeddable":true,"href":"https:\/\/www.hashtag.al\/index.php\/wp-json\/wp\/v2\/users\/30"}],"replies":[{"embeddable":true,"href":"https:\/\/www.hashtag.al\/index.php\/wp-json\/wp\/v2\/comments?post=425588"}],"version-history":[{"count":0,"href":"https:\/\/www.hashtag.al\/index.php\/wp-json\/wp\/v2\/posts\/425588\/revisions"}],"wp:featuredmedia":[{"embeddable":true,"href":"https:\/\/www.hashtag.al\/index.php\/wp-json\/wp\/v2\/media\/425589"}],"wp:attachment":[{"href":"https:\/\/www.hashtag.al\/index.php\/wp-json\/wp\/v2\/media?parent=425588"}],"wp:term":[{"taxonomy":"category","embeddable":true,"href":"https:\/\/www.hashtag.al\/index.php\/wp-json\/wp\/v2\/categories?post=425588"},{"taxonomy":"post_tag","embeddable":true,"href":"https:\/\/www.hashtag.al\/index.php\/wp-json\/wp\/v2\/tags?post=425588"}],"curies":[{"name":"wp","href":"https:\/\/api.w.org\/{rel}","templated":true}]}}