{"id":425561,"date":"2021-01-25T08:58:27","date_gmt":"2021-01-25T07:58:27","guid":{"rendered":"https:\/\/hashtag.al\/?p=425561"},"modified":"2021-01-25T08:58:27","modified_gmt":"2021-01-25T07:58:27","slug":"perplasi-per-vdekje-kembesorin-dhe-u-largua-arrestohet-22-vjecari-ne-pogradec","status":"publish","type":"post","link":"https:\/\/www.hashtag.al\/index.php\/2021\/01\/25\/perplasi-per-vdekje-kembesorin-dhe-u-largua-arrestohet-22-vjecari-ne-pogradec\/","title":{"rendered":"P\u00ebrplasi p\u00ebr vdekje k\u00ebmb\u00ebsorin dhe u largua, arrestohet 22-vje\u00e7ari n\u00eb Pogradec","gt_translate_keys":[{"key":"rendered","format":"text"}]},"content":{"rendered":"<p><a href=\"https:\/\/hashtag.al\/wp-content\/uploads\/2021\/01\/Pogradec1-770x433.jpg\"><img loading=\"lazy\" decoding=\"async\" class=\"aligncenter size-full wp-image-425562\" src=\"https:\/\/hashtag.al\/wp-content\/uploads\/2021\/01\/Pogradec1-770x433.jpg\" alt=\"\" width=\"770\" height=\"433\" srcset=\"https:\/\/www.hashtag.al\/wp-content\/uploads\/2021\/01\/Pogradec1-770x433.jpg 770w, https:\/\/www.hashtag.al\/wp-content\/uploads\/2021\/01\/Pogradec1-770x433-300x169.jpg 300w, https:\/\/www.hashtag.al\/wp-content\/uploads\/2021\/01\/Pogradec1-770x433-768x432.jpg 768w\" sizes=\"auto, (max-width: 770px) 100vw, 770px\" \/><\/a><\/p>\n<p><span style=\"color: #000000;\">Nj\u00eb 22-vje\u00e7ar \u00ebsht\u00eb arrestuar n\u00eb Pogradec, pas nj\u00eb aksidenti q\u00eb ndodhi mbr\u00ebmjen e kaluar n\u00eb fshatin Bu\u00e7imas.<\/span><\/p>\n<p><span style=\"color: #000000;\">I riu po drejtonte nj\u00eb mjet tip \u201cBenz\u201d kur p\u00ebrplasi nj\u00eb k\u00ebmb\u00ebsor me inicialet P.Gj, i cili p\u00ebr fat t\u00eb keq nd\u00ebrroi jet\u00eb.<\/span><\/p>\n<p><span style=\"color: #000000;\">Shoferi fillimisht u largua nga vendngjarja n\u00eb drejtim t\u00eb Kor\u00e7\u00ebs, por m\u00eb pas u lokalizua dhe u kap nga forcat e rendit.<\/span><\/p>\n<p><strong><span style=\"color: #000000;\">Njoftimi i policis\u00eb:<\/span><\/strong><\/p>\n<p><span style=\"color: #000000;\">Policia e Pogradecit ka identifikuar dhe arrestuar drejtuesin e mjetit, i cili mbr\u00ebmjen e djeshme, pasi aksidentoi me pasoj\u00eb vdekjen nj\u00eb shtetas n\u00eb fshatin Bu\u00e7imas, u largua nga vendngjarja.<\/span><\/p>\n<p><span style=\"color: #000000;\">Specialist\u00ebt e Sektorit t\u00eb Policis\u00eb Rrugore n\u00eb DVP Kor\u00e7\u00eb, n\u00eb vijim t\u00eb veprimeve hetimore dhe procedurale t\u00eb kryera p\u00ebr zbardhjen e rrethanave dhe dokumentimin e ngjarjes s\u00eb ndodhur m\u00eb dat\u00eb 24.01.2021, n\u00eb fshatin Bu\u00e7imas, Pogradec, ku u aksidentua me pasoj\u00eb vdekje k\u00ebmb\u00ebsori P. Gj., b\u00ebn\u00eb t\u00eb mundur identifikimin dhe kapjen e autorit t\u00eb dyshuar s\u00eb bashku me mjetin tip \u201cBenz\u201d, t\u00eb cilin ky shtetas drejtonte.<\/span><\/p>\n<p><span style=\"color: #000000;\">N\u00eb p\u00ebrfundim t\u00eb veprimeve, u arrestua n\u00eb flagranc\u00eb p\u00ebr veprat penale \u201cShkelja e rregullave t\u00eb qarkullimit rrugor\u201d dhe \u201cLargimi nga vendi i aksidentit\u201d, shtetasi E. J., 22 vje\u00e7, banues n\u00eb fshatin R\u00ebmenj, Pogradec.<\/span><\/p>\n<p><span style=\"color: #000000;\">Materialet i kaluan Prokuroris\u00eb pran\u00eb Gjykat\u00ebs s\u00eb Shkall\u00ebs s\u00eb Par\u00eb Pogradec p\u00ebr veprime t\u00eb m\u00ebtejshme.<\/span><\/p>\n<p><a href=\"https:\/\/hashtag.al\/wp-content\/uploads\/2021\/01\/Pogradec2.jpg\"><img loading=\"lazy\" decoding=\"async\" class=\"aligncenter size-full wp-image-425563\" src=\"https:\/\/hashtag.al\/wp-content\/uploads\/2021\/01\/Pogradec2.jpg\" alt=\"\" width=\"1280\" height=\"720\" srcset=\"https:\/\/www.hashtag.al\/wp-content\/uploads\/2021\/01\/Pogradec2.jpg 1280w, https:\/\/www.hashtag.al\/wp-content\/uploads\/2021\/01\/Pogradec2-300x169.jpg 300w, https:\/\/www.hashtag.al\/wp-content\/uploads\/2021\/01\/Pogradec2-768x432.jpg 768w, https:\/\/www.hashtag.al\/wp-content\/uploads\/2021\/01\/Pogradec2-1024x576.jpg 1024w\" sizes=\"auto, (max-width: 1280px) 100vw, 1280px\" \/><\/a><\/p>\n","protected":false,"gt_translate_keys":[{"key":"rendered","format":"html"}]},"excerpt":{"rendered":"<p>Nj\u00eb 22-vje\u00e7ar \u00ebsht\u00eb arrestuar n\u00eb Pogradec, pas nj\u00eb aksidenti q\u00eb ndodhi mbr\u00ebmjen e kaluar n\u00eb fshatin Bu\u00e7imas. I riu po drejtonte nj\u00eb mjet tip \u201cBenz\u201d kur p\u00ebrplasi nj\u00eb k\u00ebmb\u00ebsor me inicialet P.Gj, i cili p\u00ebr fat t\u00eb keq nd\u00ebrroi jet\u00eb. Shoferi fillimisht u largua nga vendngjarja n\u00eb drejtim t\u00eb Kor\u00e7\u00ebs, por m\u00eb pas u lokalizua [&hellip;]<\/p>\n","protected":false,"gt_translate_keys":[{"key":"rendered","format":"html"}]},"author":30,"featured_media":425563,"comment_status":"open","ping_status":"open","sticky":false,"template":"","format":"standard","meta":{"footnotes":""},"categories":[65,13],"tags":[],"class_list":["post-425561","post","type-post","status-publish","format-standard","has-post-thumbnail","hentry","category-lajme","category-te-fundit"],"gt_translate_keys":[{"key":"link","format":"url"}],"_links":{"self":[{"href":"https:\/\/www.hashtag.al\/index.php\/wp-json\/wp\/v2\/posts\/425561","targetHints":{"allow":["GET"]}}],"collection":[{"href":"https:\/\/www.hashtag.al\/index.php\/wp-json\/wp\/v2\/posts"}],"about":[{"href":"https:\/\/www.hashtag.al\/index.php\/wp-json\/wp\/v2\/types\/post"}],"author":[{"embeddable":true,"href":"https:\/\/www.hashtag.al\/index.php\/wp-json\/wp\/v2\/users\/30"}],"replies":[{"embeddable":true,"href":"https:\/\/www.hashtag.al\/index.php\/wp-json\/wp\/v2\/comments?post=425561"}],"version-history":[{"count":0,"href":"https:\/\/www.hashtag.al\/index.php\/wp-json\/wp\/v2\/posts\/425561\/revisions"}],"wp:featuredmedia":[{"embeddable":true,"href":"https:\/\/www.hashtag.al\/index.php\/wp-json\/wp\/v2\/media\/425563"}],"wp:attachment":[{"href":"https:\/\/www.hashtag.al\/index.php\/wp-json\/wp\/v2\/media?parent=425561"}],"wp:term":[{"taxonomy":"category","embeddable":true,"href":"https:\/\/www.hashtag.al\/index.php\/wp-json\/wp\/v2\/categories?post=425561"},{"taxonomy":"post_tag","embeddable":true,"href":"https:\/\/www.hashtag.al\/index.php\/wp-json\/wp\/v2\/tags?post=425561"}],"curies":[{"name":"wp","href":"https:\/\/api.w.org\/{rel}","templated":true}]}}