{"id":425396,"date":"2021-01-24T11:40:44","date_gmt":"2021-01-24T10:40:44","guid":{"rendered":"https:\/\/hashtag.al\/?p=425396"},"modified":"2021-01-24T11:40:44","modified_gmt":"2021-01-24T10:40:44","slug":"akademia-e-mjekesise-ne-france-ndalon-bisedat-ne-trena-dhe-autobuse-perhapet-covidi","status":"publish","type":"post","link":"https:\/\/www.hashtag.al\/index.php\/2021\/01\/24\/akademia-e-mjekesise-ne-france-ndalon-bisedat-ne-trena-dhe-autobuse-perhapet-covidi\/","title":{"rendered":"Akademia e Mjek\u00ebsis\u00eb n\u00eb Franc\u00eb ndalon bisedat n\u00eb trena dhe autobus\u00eb: P\u00ebrhapet Covidi","gt_translate_keys":[{"key":"rendered","format":"text"}]},"content":{"rendered":"<p><a href=\"https:\/\/hashtag.al\/wp-content\/uploads\/2021\/01\/autobus.jpg\"><img loading=\"lazy\" decoding=\"async\" class=\"aligncenter size-full wp-image-425397\" src=\"https:\/\/hashtag.al\/wp-content\/uploads\/2021\/01\/autobus.jpg\" alt=\"\" width=\"980\" height=\"551\" srcset=\"https:\/\/www.hashtag.al\/wp-content\/uploads\/2021\/01\/autobus.jpg 980w, https:\/\/www.hashtag.al\/wp-content\/uploads\/2021\/01\/autobus-300x169.jpg 300w, https:\/\/www.hashtag.al\/wp-content\/uploads\/2021\/01\/autobus-768x432.jpg 768w\" sizes=\"auto, (max-width: 980px) 100vw, 980px\" \/><\/a><\/p>\n<p><span style=\"color: #000000;\">Akademia Komb\u00ebtare e Mjek\u00ebsis\u00eb Franceze u ka b\u00ebr\u00eb thirrje njer\u00ebzve t\u00eb heqin dor\u00eb nga bisedat n\u00ebp\u00ebr autobus\u00eb dhe trena, ku distancimi shoq\u00ebror \u00ebsht\u00eb i pamundur.<\/span><\/p>\n<p><span style=\"color: #000000;\">Ministri i sh\u00ebndet\u00ebsis\u00eb i vendit m\u00eb her\u00ebt u k\u00ebrkoi t\u00eb gjith\u00ebve t\u00eb vendosnin n\u00eb fytyr\u00eb maska \u200b\u200bme cil\u00ebsi m\u00eb t\u00eb mir\u00eb.<\/span><\/p>\n<p><span style=\"color: #000000;\"><em>&#8220;Veshja e detyrueshme e maskave n\u00eb transportin publik, ku distanca fizike nuk mund t\u00eb respektohet, duhet t\u00eb shoq\u00ebrohet me nj\u00eb mas\u00eb paraprake shum\u00eb t\u00eb thjesht\u00eb: shmangni bisedat dhe b\u00ebrjen e thirrjeve telefonike.&#8221;-<\/em> tha Akademia n\u00eb nj\u00eb deklarat\u00eb, citon <span style=\"color: #0000ff;\"><a style=\"color: #0000ff;\" href=\"https:\/\/www.rt.com\/news\/513435-france-covid19-no-talking\/?fbclid=IwAR1G9D0zhheI-M9AMMlCWK_RO74DOe7zKpawwTh1wpHmP2ramKHYdQPS1OI\">RT<\/a><\/span>.<\/span><\/p>\n<p><span style=\"color: #000000;\">Akademia rifreskoi rekomandimet e saj mutacioneve t\u00eb koronavirusit q\u00eb u zbuluan n\u00eb Britani dhe Afrik\u00ebn e Jugut.<\/span><\/p>\n<p><span style=\"color: #000000;\">K\u00ebshilli i Lart\u00eb i Sh\u00ebndetit Publik, i cili k\u00ebshillon qeverin\u00eb Franceze, rekomandoi m\u00eb her\u00ebt nj\u00eb rritje t\u00eb k\u00ebrkes\u00ebs minimale t\u00eb distanc\u00ebs sociale nga nj\u00eb n\u00eb dy metra.<\/span><\/p>\n<p><span style=\"color: #000000;\">Akademia argumentoi se masa \u00ebsht\u00eb e arsyeshme, por jopraktike, dhe sugjeroi q\u00eb fokusimi t\u00eb p\u00ebrqendrohej te maskat dhe higjiena personale n\u00eb vend t\u00eb tyre.<\/span><\/p>\n<p><span style=\"color: #000000;\">Lajmi vjen nd\u00ebrsa ministri francez i Sh\u00ebndet\u00ebsis\u00eb Olivier Veran, u b\u00ebri thirrje t\u00eb gjith\u00ebve q\u00eb t\u00eb mbajn\u00eb maska \u200b\u200bm\u00eb cil\u00ebsore t\u00eb tipit respirator FFP2, t\u00eb cilat mbrojn\u00eb m\u00eb mir\u00eb nga viruset e ajrit sesa maskat e zakonshme prej lecke.<\/span><\/p>\n<p><span style=\"color: #000000;\">Sipas raporteve, qeveria franceze po shqyrton b\u00ebrjen e k\u00ebtyre maskave t\u00eb detyrueshme, duke ndjekur shembujt e Gjermanis\u00eb dhe Austris\u00eb, ku njer\u00ebziit jan\u00eb k\u00ebshilluar t\u00eb mbajn\u00eb maska kururgjikale dhe m\u00eb cil\u00ebsore n\u00eb supermarket dhe transport publik.<\/span><\/p>\n","protected":false,"gt_translate_keys":[{"key":"rendered","format":"html"}]},"excerpt":{"rendered":"<p>Akademia Komb\u00ebtare e Mjek\u00ebsis\u00eb Franceze u ka b\u00ebr\u00eb thirrje njer\u00ebzve t\u00eb heqin dor\u00eb nga bisedat n\u00ebp\u00ebr autobus\u00eb dhe trena, ku distancimi shoq\u00ebror \u00ebsht\u00eb i pamundur. Ministri i sh\u00ebndet\u00ebsis\u00eb i vendit m\u00eb her\u00ebt u k\u00ebrkoi t\u00eb gjith\u00ebve t\u00eb vendosnin n\u00eb fytyr\u00eb maska \u200b\u200bme cil\u00ebsi m\u00eb t\u00eb mir\u00eb. &#8220;Veshja e detyrueshme e maskave n\u00eb transportin publik, ku [&hellip;]<\/p>\n","protected":false,"gt_translate_keys":[{"key":"rendered","format":"html"}]},"author":30,"featured_media":425397,"comment_status":"open","ping_status":"open","sticky":false,"template":"","format":"standard","meta":{"footnotes":""},"categories":[6,13],"tags":[],"class_list":["post-425396","post","type-post","status-publish","format-standard","has-post-thumbnail","hentry","category-nderkombetare","category-te-fundit"],"gt_translate_keys":[{"key":"link","format":"url"}],"_links":{"self":[{"href":"https:\/\/www.hashtag.al\/index.php\/wp-json\/wp\/v2\/posts\/425396","targetHints":{"allow":["GET"]}}],"collection":[{"href":"https:\/\/www.hashtag.al\/index.php\/wp-json\/wp\/v2\/posts"}],"about":[{"href":"https:\/\/www.hashtag.al\/index.php\/wp-json\/wp\/v2\/types\/post"}],"author":[{"embeddable":true,"href":"https:\/\/www.hashtag.al\/index.php\/wp-json\/wp\/v2\/users\/30"}],"replies":[{"embeddable":true,"href":"https:\/\/www.hashtag.al\/index.php\/wp-json\/wp\/v2\/comments?post=425396"}],"version-history":[{"count":0,"href":"https:\/\/www.hashtag.al\/index.php\/wp-json\/wp\/v2\/posts\/425396\/revisions"}],"wp:featuredmedia":[{"embeddable":true,"href":"https:\/\/www.hashtag.al\/index.php\/wp-json\/wp\/v2\/media\/425397"}],"wp:attachment":[{"href":"https:\/\/www.hashtag.al\/index.php\/wp-json\/wp\/v2\/media?parent=425396"}],"wp:term":[{"taxonomy":"category","embeddable":true,"href":"https:\/\/www.hashtag.al\/index.php\/wp-json\/wp\/v2\/categories?post=425396"},{"taxonomy":"post_tag","embeddable":true,"href":"https:\/\/www.hashtag.al\/index.php\/wp-json\/wp\/v2\/tags?post=425396"}],"curies":[{"name":"wp","href":"https:\/\/api.w.org\/{rel}","templated":true}]}}