{"id":425271,"date":"2021-01-23T17:54:30","date_gmt":"2021-01-23T16:54:30","guid":{"rendered":"https:\/\/hashtag.al\/?p=425271"},"modified":"2021-01-23T18:04:12","modified_gmt":"2021-01-23T17:04:12","slug":"dokumenti-pergjimet-e-antimafias-italiane-kreret-e-ndrangheta-s-flasin-per-njeriun-e-besuar-te-metes-me-telefonoi-ilir-kulla-keshilltari-i-presidentit","status":"publish","type":"post","link":"https:\/\/www.hashtag.al\/index.php\/2021\/01\/23\/dokumenti-pergjimet-e-antimafias-italiane-kreret-e-ndrangheta-s-flasin-per-njeriun-e-besuar-te-metes-me-telefonoi-ilir-kulla-keshilltari-i-presidentit\/","title":{"rendered":"DOKUMENTI\/ P\u00ebrgjimet e antimafias italiane, krer\u00ebt e &#8216;Ndrangheta-s&#8217; flasin p\u00ebr njeriun e besuar t\u00eb Met\u00ebs: M\u00eb telefonoi Ilir Kulla, k\u00ebshilltari i presidentit","gt_translate_keys":[{"key":"rendered","format":"text"}]},"content":{"rendered":"<p><img loading=\"lazy\" decoding=\"async\" class=\"aligncenter wp-image-425275 size-full\" src=\"https:\/\/hashtag.al\/wp-content\/uploads\/2021\/01\/ilir-kulla-ilir-meta.jpg\" alt=\"\" width=\"1024\" height=\"795\" \/><\/p>\n<p><span style=\"color: #000000;\">N\u00eb dosjen e plot\u00eb t\u00eb siguruar nga Report Tv, &#8216;Princi&#8217; i Ndranghetas, Antonio Gallo, n\u00eb nj\u00eb bised\u00eb t\u00eb tetorit 2018 me ish-zyrtarin e Guardia Di Finazas Ercole D\u2019Alessandro, p\u00ebrmendet me em\u00ebr Ilir Kulla, k\u00ebshilltari i Presidentit t\u00eb Republik\u00ebs, Ilir Meta. Madje krer\u00ebt e grupit mafioz flasin edhe p\u00ebr Presidentin Meta.<\/span><\/p>\n<p><span style=\"color: #000000;\">N\u00eb p\u00ebrgjimet e publikuara p\u00ebr hetimet e antimafias italiane p\u00ebr grupin mafioz &#8216;Ndrangheta&#8217; dalin t\u00eb tjera detaje t\u00eb r\u00ebnda p\u00ebr lidhjen e organizat\u00ebs kriminale me politikan\u00eb n\u00eb Shqip\u00ebri.<\/span><\/p>\n<p><span style=\"color: #000000;\">N\u00eb dosjen e plot\u00eb t\u00eb siguruar nga Report Tv, &#8216;Princi&#8217; i Ndranghetas, Antonio Gallo, n\u00eb nj\u00eb bised\u00eb t\u00eb tetorit 2018 me ish-zyrtarin e Guardia Di Finanzia-s Ercole D\u2019Alessandro, p\u00ebrmendet me em\u00ebr Ilir Kulla, k\u00ebshilltari i Presidentit t\u00eb Republik\u00ebs, Ilir Meta. Madje krer\u00ebt e grupit mafioz flasin edhe p\u00ebr Presidentin Meta.<\/span><\/p>\n<p><span style=\"color: #000000;\">N\u00eb bised\u00ebn me Gallo, D\u2019Alessandro thot\u00eb se i ka telefonuar Ilir Kulla.<\/span><\/p>\n<p><span style=\"color: #000000;\"><span style=\"color: #ff0000;\">D\u2019ALESSANDRO Ercole<\/span>:<em> Tani q\u00eb jemi atje, m\u00eb t\u00eb v\u00ebrtet\u00eb, m\u00eb ka telefonuar Kulla&#8230; \u00ebsht\u00eb presidenti.\u00a0 Ky, Ilir Kulla, K\u00ebshilltar i Presidentit te Shqip\u00ebris\u00eb&#8230; Mund t\u00eb informohesh&#8230; N\u00eb Itali me Presidentin, mb\u00ebrrijn\u00eb n\u00eb Rom\u00eb. Tani po marr nj\u00eb takim me ke?\u201d Me Cafier De Rahon. Do t\u00eb takohet me Cafier De Raho. E kupton. Por sinqerisht, t\u00eb shkosh dhe t\u00eb punosh p\u00ebr Tomasso Brutton\u2026 jo<\/em><\/span><\/p>\n<p><span style=\"color: #000000;\">N\u00eb p\u00ebrgjimet e antimafias ky episod nuk \u00ebsht\u00eb i vetmi ku p\u00ebrmendet kreu i Shtetit, Ilir Meta. N\u00eb p\u00ebrgjimet e publikuara nga Report Tv t\u00eb dosjes hetimore t\u00eb prokuroris\u00eb italiane pas megaoperacionit nga antimafia italiane ku u hetuan 47 persona si t\u00eb p\u00ebrfshir\u00eb n\u00eb grupin mafioz italian &#8220;Ndrangheta&#8221;, n\u00eb nj\u00eb sekuenc\u00eb t\u00eb p\u00ebrgjimeve, n\u00eb bised\u00ebn mes Antonio Gallo q\u00eb njihej edhe me nofk\u00ebn &#8220;Princi&#8221; dhe Ercolle D&#8217;Alessandro, p\u00ebrmendet edhe &#8216;Presidenti i Shqiptar\u00ebve&#8217;.<\/span><\/p>\n<p><span style=\"color: #000000;\"><em>&#8220;Ju vet\u00ebm duhet t\u00eb dini se \u00e7far\u00eb po b\u00ebj, sepse n\u00ebse nj\u00eb dit\u00eb ju prezantoj me Presidentin e Republik\u00ebs s\u00eb Shqiptar\u00ebve, do ta prezantoj me ju, por nuk do t&#8217;ia prezantoj Tommaso Bruttos apo Saverio Bruttos&#8230;&#8221;<\/em>, i thoshte Ercole D\u2019Aleksandro, Antonio Gallo-s.<\/span><\/p>\n<p><span style=\"color: #000000;\">Por sot nga Durr\u00ebsi, Presidenti Meta ka zgjedhur t\u00eb komentoj\u00eb k\u00ebto p\u00ebrgjime duke th\u00ebn\u00eb se problematika e pastrimit t\u00eb parave \u00ebsht\u00eb e njohur nga t\u00eb gjith\u00eb.<\/span><\/p>\n<p><span style=\"color: #000000;\"><em>&#8220;T\u00eb gjitha \u00e7\u00ebshtjet t\u00eb cilat i referohen zhvillimit m\u00eb t\u00eb fundit n\u00eb Itali padyshim q\u00eb duhet t\u00eb ndiqet menj\u00ebher\u00eb nga institucionet&#8221;<\/em>, tha nd\u00ebr t\u00eb tjera Meta.\u00a0<\/span><\/p>\n<p><span style=\"color: #000000;\">Kujtojm\u00eb se kjo nuk \u00ebsht\u00eb hera e par\u00eb q\u00eb K\u00ebshilltari i Met\u00ebs, Ilir Kulla p\u00ebrfshihet n\u00eb skandale t\u00eb r\u00ebnda q\u00eb kan\u00eb t\u00eb b\u00ebjn\u00eb me Italin\u00eb.<\/span><\/p>\n<p><span style=\"color: #000000;\">Para disa koh\u00ebsh, mediat italiane publikuan nj\u00eb lajm ku thuhej se 1400 konteiner\u00eb me mbetje toksike ishin nisur drejt vendit ton\u00eb p\u00ebr t\u2019u groposur. Prapa k\u00ebtij lajmi, q\u00eb rezultoi t\u00eb ishte nj\u00eb njoftim i rrem\u00eb \u00ebsht\u00eb aluduar se q\u00ebndront\u00eb pik\u00ebrisht Ilir Kulla<\/span><\/p>\n<p><span style=\"color: #000000;\">Skandali i lajmit t\u00eb rrem\u00eb se 1400 konteinere plot me mbeturina toksike q\u00eb kishin ardhur nga Italia dhe t\u00eb groposura n\u00eb Shqip\u00ebri, e fabrikuar n\u00eb shkurt t\u00eb 2017 nga ish-senatori italian Sergio De Gregorio (aktualisht n\u00eb burg) me k\u00ebrkes\u00eb t\u00eb k\u00ebshilltarit personal t\u00eb Presidentit Ilir Meta fshihte nj\u00eb histori korrupsioni e lidhur me nj\u00eb projekt p\u00ebr menaxhimin e landfilleve (vendgrumbullimit) t\u00eb mbeturinave q\u00eb do t\u00eb realizohej n\u00eb Shqip\u00ebri. <\/span><\/p>\n<p><span style=\"color: #000000;\">K\u00ebt\u00eb e thot\u00eb prokuroria e Antimafias s\u00eb Rom\u00ebs e cila at\u00eb koh\u00eb vuri n\u00eb pranga Sergio De Gregorio-n dhe tet\u00eb persona t\u00eb tjer\u00eb, mes t\u00eb cil\u00ebve edhe Giuseppina De Iudicibus, bashk\u00ebpronare e portalit \u201cPianeta Italia News\u201d q\u00eb publikoi lajmet false mbi Shqip\u00ebrin\u00eb.<\/span><\/p>\n<p><span style=\"color: #000000;\"><strong><span style=\"color: #ff0000;\">VINI RE<\/span><\/strong>: Ky material \u00ebsht\u00eb pron\u00ebsi intelektuale e <a href=\"https:\/\/shqiptarja.com\/lajm\/dokumenti-pergjimet-e-antimafias-italiane-kreret-e-ndranghetas-flasin-per-njeriun-e-besuar-te-ilir-metes-me-ka-telefonuar-ilir-kulla-keshilltari-i-presidentit?r=kh1\"><span style=\"color: #0000ff;\">Shqiptarja.com<\/span><\/a><\/span><\/p>\n<p><img loading=\"lazy\" decoding=\"async\" class=\"aligncenter size-full wp-image-425272\" src=\"https:\/\/hashtag.al\/wp-content\/uploads\/2021\/01\/kullameta.jpg\" alt=\"\" width=\"778\" height=\"720\" srcset=\"https:\/\/www.hashtag.al\/wp-content\/uploads\/2021\/01\/kullameta.jpg 778w, https:\/\/www.hashtag.al\/wp-content\/uploads\/2021\/01\/kullameta-300x278.jpg 300w, https:\/\/www.hashtag.al\/wp-content\/uploads\/2021\/01\/kullameta-768x711.jpg 768w\" sizes=\"auto, (max-width: 778px) 100vw, 778px\" \/><\/p>\n","protected":false,"gt_translate_keys":[{"key":"rendered","format":"html"}]},"excerpt":{"rendered":"<p>N\u00eb dosjen e plot\u00eb t\u00eb siguruar nga Report Tv, &#8216;Princi&#8217; i Ndranghetas, Antonio Gallo, n\u00eb nj\u00eb bised\u00eb t\u00eb tetorit 2018 me ish-zyrtarin e Guardia Di Finazas Ercole D\u2019Alessandro, p\u00ebrmendet me em\u00ebr Ilir Kulla, k\u00ebshilltari i Presidentit t\u00eb Republik\u00ebs, Ilir Meta. Madje krer\u00ebt e grupit mafioz flasin edhe p\u00ebr Presidentin Meta. N\u00eb p\u00ebrgjimet e publikuara p\u00ebr [&hellip;]<\/p>\n","protected":false,"gt_translate_keys":[{"key":"rendered","format":"html"}]},"author":51,"featured_media":425275,"comment_status":"open","ping_status":"open","sticky":false,"template":"","format":"standard","meta":{"footnotes":""},"categories":[65,13],"tags":[],"class_list":["post-425271","post","type-post","status-publish","format-standard","has-post-thumbnail","hentry","category-lajme","category-te-fundit"],"gt_translate_keys":[{"key":"link","format":"url"}],"_links":{"self":[{"href":"https:\/\/www.hashtag.al\/index.php\/wp-json\/wp\/v2\/posts\/425271","targetHints":{"allow":["GET"]}}],"collection":[{"href":"https:\/\/www.hashtag.al\/index.php\/wp-json\/wp\/v2\/posts"}],"about":[{"href":"https:\/\/www.hashtag.al\/index.php\/wp-json\/wp\/v2\/types\/post"}],"author":[{"embeddable":true,"href":"https:\/\/www.hashtag.al\/index.php\/wp-json\/wp\/v2\/users\/51"}],"replies":[{"embeddable":true,"href":"https:\/\/www.hashtag.al\/index.php\/wp-json\/wp\/v2\/comments?post=425271"}],"version-history":[{"count":0,"href":"https:\/\/www.hashtag.al\/index.php\/wp-json\/wp\/v2\/posts\/425271\/revisions"}],"wp:featuredmedia":[{"embeddable":true,"href":"https:\/\/www.hashtag.al\/index.php\/wp-json\/wp\/v2\/media\/425275"}],"wp:attachment":[{"href":"https:\/\/www.hashtag.al\/index.php\/wp-json\/wp\/v2\/media?parent=425271"}],"wp:term":[{"taxonomy":"category","embeddable":true,"href":"https:\/\/www.hashtag.al\/index.php\/wp-json\/wp\/v2\/categories?post=425271"},{"taxonomy":"post_tag","embeddable":true,"href":"https:\/\/www.hashtag.al\/index.php\/wp-json\/wp\/v2\/tags?post=425271"}],"curies":[{"name":"wp","href":"https:\/\/api.w.org\/{rel}","templated":true}]}}