{"id":425236,"date":"2021-01-23T15:33:35","date_gmt":"2021-01-23T14:33:35","guid":{"rendered":"https:\/\/hashtag.al\/?p=425236"},"modified":"2021-01-23T15:55:23","modified_gmt":"2021-01-23T14:55:23","slug":"veliaj-reagon-per-pergjimet-e-anti-mafias-italiane-deshirat-e-mafiozeve-dhe-pd-se-u-bashkuan-ne-gojen-e-trafikantes-se-apartamenteve-prokuroria-te-hetoje","status":"publish","type":"post","link":"https:\/\/www.hashtag.al\/index.php\/2021\/01\/23\/veliaj-reagon-per-pergjimet-e-anti-mafias-italiane-deshirat-e-mafiozeve-dhe-pd-se-u-bashkuan-ne-gojen-e-trafikantes-se-apartamenteve-prokuroria-te-hetoje\/","title":{"rendered":"Veliaj pas p\u00ebrgjimeve t\u00eb anti-mafias italiane: D\u00ebshirat e mafioz\u00ebve dhe PD-s\u00eb u bashkuan n\u00eb goj\u00ebn e trafikantes s\u00eb apartamenteve","gt_translate_keys":[{"key":"rendered","format":"text"}]},"content":{"rendered":"<p><img loading=\"lazy\" decoding=\"async\" class=\"aligncenter size-full wp-image-425121\" src=\"https:\/\/hashtag.al\/wp-content\/uploads\/2021\/01\/Erion-Veliaj-1100x620.jpg\" alt=\"\" width=\"1100\" height=\"620\" srcset=\"https:\/\/www.hashtag.al\/wp-content\/uploads\/2021\/01\/Erion-Veliaj-1100x620.jpg 1100w, https:\/\/www.hashtag.al\/wp-content\/uploads\/2021\/01\/Erion-Veliaj-1100x620-300x169.jpg 300w, https:\/\/www.hashtag.al\/wp-content\/uploads\/2021\/01\/Erion-Veliaj-1100x620-768x433.jpg 768w, https:\/\/www.hashtag.al\/wp-content\/uploads\/2021\/01\/Erion-Veliaj-1100x620-1024x577.jpg 1024w\" sizes=\"auto, (max-width: 1100px) 100vw, 1100px\" \/><\/p>\n<p><span style=\"color: #000000;\">Kryetari i Bashkis\u00eb s\u00eb Tiran\u00ebs ka reaguar zyrtarisht p\u00ebrmes Drejtoris\u00eb s\u00eb Informacionit n\u00eb institucionin q\u00eb drejton mbi p\u00ebrmendjen e emrit t\u00eb tij n\u00eb p\u00ebrgjimet e anti-mafias italiane mes pjes\u00ebtar\u00ebve t\u00eb Ndraghet\u00ebs.<\/span><\/p>\n<p><span style=\"color: #000000;\">N\u00eb reagimin e tij Veliaj nuk l\u00eb pa p\u00ebrmendur as opozit\u00ebn ku thot\u00eb se \u201cd\u00ebshirat e mafioz\u00ebve dhe PD-s\u00eb jan\u00eb bashkuar n\u00eb goj\u00ebn e nj\u00eb trafikanteje t\u00eb njohur apartamentesh\u201d.<\/span><\/p>\n<p><span style=\"color: #000000;\">Veliaj i ka b\u00ebr\u00eb thirrje prokuroris\u00eb t\u00eb hetoj\u00eb k\u00ebdo q\u00eb tenton t\u00eb p\u00ebrmend\u00eb Bashkin\u00eb e Tiran\u00ebs.<\/span><\/p>\n<p><span style=\"color: #000000;\">P\u00ebr eksponenten e PD-s\u00eb Grida Duma, kryebashkiaku thot\u00eb se do p\u00ebrballet n\u00eb gjykat\u00eb p\u00ebr shpifje.<\/span><\/p>\n<p><span style=\"color: #000000;\">\u201c<em>Po ndjek p\u00ebrmes shtypit, se si d\u00ebshirat e disa mafioz\u00ebve italian\u00eb p\u00ebr t\u00eb b\u00ebr\u00eb plane biznesi p\u00ebr Shqip\u00ebrin\u00eb dhe d\u00ebshirat e PD-s\u00eb q\u00eb k\u00ebto plane t\u00eb jen\u00eb t\u00eb v\u00ebrteta, na jan\u00eb bashkuar n\u00eb goj\u00ebn e nj\u00eb trafikanteje t\u00eb njohur apartamentesh.<\/em><\/span><\/p>\n<p><span style=\"color: #000000;\"><em>Kushdo q\u00eb nd\u00ebrton n\u00eb Bashkin\u00eb e Tiran\u00ebs ka nj\u00eb em\u00ebr dhe mbiem\u00ebr, kurse lejet e nd\u00ebrtimit kan\u00eb dosje transparente p\u00ebr m\u00ebnyr\u00ebn e financimit. D\u00ebshirat e mafias italiane p\u00ebr t\u2019u futur n\u00eb industrin\u00eb e nd\u00ebrtimit jan\u00eb d\u00ebshira t\u00eb tyre dhe t\u00eb PD-s\u00eb. Ne nuk ndalojm\u00eb d\u00ebshira, por veprime konkrete!<\/em><\/span><\/p>\n<p><span style=\"color: #000000;\"><em>E v\u00ebrteta \u00ebsht\u00eb se asnj\u00eb leje e Bashkis\u00eb s\u00eb Tiran\u00ebs nuk \u00ebsht\u00eb e ndikuar nga grupe interesash, t\u00eb lidhura me biznese t\u00eb paverfikueshme. E vetmja gj\u00eb e paverifikuar p\u00ebr ne, mbetet se si Grida Duma u b\u00eb investitore pallatesh vite m\u00eb par\u00eb, duke p\u00ebrfunduar n\u00eb gjyqe p\u00ebr mashtrime dhe duke l\u00ebn\u00eb burgjeve partner\u00ebt e saj n\u00eb biznes.<\/em><\/span><\/p>\n<p><span style=\"color: #000000;\"><em>I b\u00ebj thirrje Prokuroris\u00eb q\u00eb t\u00eb hetoj\u00eb cilindo q\u00eb tenton t\u00eb flas\u00eb n\u00eb em\u00ebr t\u00eb Bashkis\u00eb s\u00eb Tiran\u00ebs apo t\u00eb \u00e7do institucioni tjet\u00ebr lidhur me histori t\u00eb tilla.<\/em><\/span><\/p>\n<p><span style=\"color: #000000;\"><em>Nd\u00ebrkoh\u00eb, Grida Duma do t\u00eb duhet ta provoj\u00eb n\u00eb gjykat\u00eb shpifjen e saj t\u00eb radh\u00ebs, nj\u00ebsoj si 7 her\u00ebt e tjera kur zyrtar\u00ebt e PD-s\u00eb jan\u00eb gjykuar e shpallur si shpif\u00ebs nga drejt\u00ebsia<\/em>!\u201d-thuhet n\u00eb deklarat\u00eb.<\/span><\/p>\n","protected":false,"gt_translate_keys":[{"key":"rendered","format":"html"}]},"excerpt":{"rendered":"<p>Kryetari i Bashkis\u00eb s\u00eb Tiran\u00ebs ka reaguar zyrtarisht p\u00ebrmes Drejtoris\u00eb s\u00eb Informacionit n\u00eb institucionin q\u00eb drejton mbi p\u00ebrmendjen e emrit t\u00eb tij n\u00eb p\u00ebrgjimet e anti-mafias italiane mes pjes\u00ebtar\u00ebve t\u00eb Ndraghet\u00ebs. N\u00eb reagimin e tij Veliaj nuk l\u00eb pa p\u00ebrmendur as opozit\u00ebn ku thot\u00eb se \u201cd\u00ebshirat e mafioz\u00ebve dhe PD-s\u00eb jan\u00eb bashkuar n\u00eb goj\u00ebn e [&hellip;]<\/p>\n","protected":false,"gt_translate_keys":[{"key":"rendered","format":"html"}]},"author":32,"featured_media":425121,"comment_status":"open","ping_status":"open","sticky":false,"template":"","format":"standard","meta":{"footnotes":""},"categories":[65,13],"tags":[],"class_list":["post-425236","post","type-post","status-publish","format-standard","has-post-thumbnail","hentry","category-lajme","category-te-fundit"],"gt_translate_keys":[{"key":"link","format":"url"}],"_links":{"self":[{"href":"https:\/\/www.hashtag.al\/index.php\/wp-json\/wp\/v2\/posts\/425236","targetHints":{"allow":["GET"]}}],"collection":[{"href":"https:\/\/www.hashtag.al\/index.php\/wp-json\/wp\/v2\/posts"}],"about":[{"href":"https:\/\/www.hashtag.al\/index.php\/wp-json\/wp\/v2\/types\/post"}],"author":[{"embeddable":true,"href":"https:\/\/www.hashtag.al\/index.php\/wp-json\/wp\/v2\/users\/32"}],"replies":[{"embeddable":true,"href":"https:\/\/www.hashtag.al\/index.php\/wp-json\/wp\/v2\/comments?post=425236"}],"version-history":[{"count":0,"href":"https:\/\/www.hashtag.al\/index.php\/wp-json\/wp\/v2\/posts\/425236\/revisions"}],"wp:featuredmedia":[{"embeddable":true,"href":"https:\/\/www.hashtag.al\/index.php\/wp-json\/wp\/v2\/media\/425121"}],"wp:attachment":[{"href":"https:\/\/www.hashtag.al\/index.php\/wp-json\/wp\/v2\/media?parent=425236"}],"wp:term":[{"taxonomy":"category","embeddable":true,"href":"https:\/\/www.hashtag.al\/index.php\/wp-json\/wp\/v2\/categories?post=425236"},{"taxonomy":"post_tag","embeddable":true,"href":"https:\/\/www.hashtag.al\/index.php\/wp-json\/wp\/v2\/tags?post=425236"}],"curies":[{"name":"wp","href":"https:\/\/api.w.org\/{rel}","templated":true}]}}