{"id":425049,"date":"2021-01-22T14:05:34","date_gmt":"2021-01-22T13:05:34","guid":{"rendered":"https:\/\/hashtag.al\/?p=425049"},"modified":"2021-01-22T14:05:34","modified_gmt":"2021-01-22T13:05:34","slug":"spartak-braho-shpallet-qytetar-nderi-ne-skrapar","status":"publish","type":"post","link":"https:\/\/www.hashtag.al\/index.php\/2021\/01\/22\/spartak-braho-shpallet-qytetar-nderi-ne-skrapar\/","title":{"rendered":"Spartak Braho shpallet \u201cQytetar Nderi\u201d n\u00eb Skrapar","gt_translate_keys":[{"key":"rendered","format":"text"}]},"content":{"rendered":"<p><a href=\"https:\/\/hashtag.al\/wp-content\/uploads\/2019\/08\/braho-spartak26gusht.jpg\"><img loading=\"lazy\" decoding=\"async\" class=\"aligncenter size-full wp-image-317870\" src=\"https:\/\/hashtag.al\/wp-content\/uploads\/2019\/08\/braho-spartak26gusht.jpg\" alt=\"\" width=\"2048\" height=\"1646\" \/><\/a><\/p>\n<p><span style=\"color: #000000;\">Spartak Braho \u00ebsht\u00eb shpallur \u201cQytetar Nderi i Skraparit\u201d. Vendimi u mor dit\u00ebn e sotme unanimisht nga K\u00ebshilli i Bashkis\u00eb s\u00eb Skraparit.<\/span><\/p>\n<p><span style=\"color: #000000;\">N\u00eb vendim thuhet se ky titull nderi dhe vler\u00ebsim i lart\u00eb i jepet me motivacionin: <em>\u201cN\u00eb vler\u00ebsim t\u00eb veprimtaris\u00eb s\u00eb tij t\u00eb shquar si deputet i Kuvendit t\u00eb Shqip\u00ebris\u00eb n\u00eb disa legjislatura, si publicist dhe veprimtar i devotsh\u00ebm shoq\u00ebror n\u00eb mbrojtje t\u00eb vlerave historike t\u00eb Luft\u00ebs Antifashiste Nacional \u00c7lirimtare dhe t\u00eb r\u00ebn\u00ebve n\u00eb k\u00ebt\u00eb luft\u00eb, promovimit t\u00eb vazhduesh\u00ebm t\u00eb atdhetarizmit p\u00ebrmes lart\u00ebsimit t\u00eb figurave t\u00eb shquara t\u00eb Skraparit e m\u00eb gjer\u00eb, si dhe traditave q\u00eb i kan\u00eb dh\u00ebn\u00eb nder dhe dinjitet n\u00eb \u00e7do koh\u00eb krahin\u00ebs s\u00eb Skraparit.\u201d<\/em><\/span><\/p>\n<p><span style=\"color: #000000;\">Propozimi p\u00ebr t\u2019i dh\u00ebn\u00eb Brahos k\u00ebt\u00eb titull thuhet se \u00ebsht\u00eb b\u00ebra nga disa shoqata patriotike t\u00eb luft\u00ebs, akademiku Xhevahir Spahiu, Prefekti i Beratit dhe deputet\u00ebt e qarkut t\u00eb Beratit.<\/span><\/p>\n","protected":false,"gt_translate_keys":[{"key":"rendered","format":"html"}]},"excerpt":{"rendered":"<p>Spartak Braho \u00ebsht\u00eb shpallur \u201cQytetar Nderi i Skraparit\u201d. Vendimi u mor dit\u00ebn e sotme unanimisht nga K\u00ebshilli i Bashkis\u00eb s\u00eb Skraparit. N\u00eb vendim thuhet se ky titull nderi dhe vler\u00ebsim i lart\u00eb i jepet me motivacionin: \u201cN\u00eb vler\u00ebsim t\u00eb veprimtaris\u00eb s\u00eb tij t\u00eb shquar si deputet i Kuvendit t\u00eb Shqip\u00ebris\u00eb n\u00eb disa legjislatura, si publicist [&hellip;]<\/p>\n","protected":false,"gt_translate_keys":[{"key":"rendered","format":"html"}]},"author":30,"featured_media":317870,"comment_status":"open","ping_status":"open","sticky":false,"template":"","format":"standard","meta":{"footnotes":""},"categories":[65,13],"tags":[],"class_list":["post-425049","post","type-post","status-publish","format-standard","has-post-thumbnail","hentry","category-lajme","category-te-fundit"],"gt_translate_keys":[{"key":"link","format":"url"}],"_links":{"self":[{"href":"https:\/\/www.hashtag.al\/index.php\/wp-json\/wp\/v2\/posts\/425049","targetHints":{"allow":["GET"]}}],"collection":[{"href":"https:\/\/www.hashtag.al\/index.php\/wp-json\/wp\/v2\/posts"}],"about":[{"href":"https:\/\/www.hashtag.al\/index.php\/wp-json\/wp\/v2\/types\/post"}],"author":[{"embeddable":true,"href":"https:\/\/www.hashtag.al\/index.php\/wp-json\/wp\/v2\/users\/30"}],"replies":[{"embeddable":true,"href":"https:\/\/www.hashtag.al\/index.php\/wp-json\/wp\/v2\/comments?post=425049"}],"version-history":[{"count":0,"href":"https:\/\/www.hashtag.al\/index.php\/wp-json\/wp\/v2\/posts\/425049\/revisions"}],"wp:featuredmedia":[{"embeddable":true,"href":"https:\/\/www.hashtag.al\/index.php\/wp-json\/wp\/v2\/media\/317870"}],"wp:attachment":[{"href":"https:\/\/www.hashtag.al\/index.php\/wp-json\/wp\/v2\/media?parent=425049"}],"wp:term":[{"taxonomy":"category","embeddable":true,"href":"https:\/\/www.hashtag.al\/index.php\/wp-json\/wp\/v2\/categories?post=425049"},{"taxonomy":"post_tag","embeddable":true,"href":"https:\/\/www.hashtag.al\/index.php\/wp-json\/wp\/v2\/tags?post=425049"}],"curies":[{"name":"wp","href":"https:\/\/api.w.org\/{rel}","templated":true}]}}