{"id":424921,"date":"2021-01-21T19:59:26","date_gmt":"2021-01-21T18:59:26","guid":{"rendered":"https:\/\/hashtag.al\/?p=424921"},"modified":"2021-01-21T19:59:26","modified_gmt":"2021-01-21T18:59:26","slug":"meta-takon-ballancen-per-ankesat-e-banoreve-qe-preken-nga-rruga-vlore-orikum","status":"publish","type":"post","link":"https:\/\/www.hashtag.al\/index.php\/2021\/01\/21\/meta-takon-ballancen-per-ankesat-e-banoreve-qe-preken-nga-rruga-vlore-orikum\/","title":{"rendered":"Meta takon Ballanc\u00ebn p\u00ebr ankesat e banor\u00ebve q\u00eb preken nga rruga Vlor\u00eb-Orikum","gt_translate_keys":[{"key":"rendered","format":"text"}]},"content":{"rendered":"<p><img loading=\"lazy\" decoding=\"async\" class=\"aligncenter size-full wp-image-424922\" src=\"https:\/\/hashtag.al\/wp-content\/uploads\/2021\/01\/meta-ballanca.jpg\" alt=\"\" width=\"1212\" height=\"820\" srcset=\"https:\/\/www.hashtag.al\/wp-content\/uploads\/2021\/01\/meta-ballanca.jpg 1212w, https:\/\/www.hashtag.al\/wp-content\/uploads\/2021\/01\/meta-ballanca-300x203.jpg 300w, https:\/\/www.hashtag.al\/wp-content\/uploads\/2021\/01\/meta-ballanca-768x520.jpg 768w, https:\/\/www.hashtag.al\/wp-content\/uploads\/2021\/01\/meta-ballanca-1024x693.jpg 1024w\" sizes=\"auto, (max-width: 1212px) 100vw, 1212px\" \/><\/p>\n<p><span style=\"color: #000000;\">Presidenti i Republik\u00ebs, Ilir Meta, ka zhvilluar nj\u00eb takim Avokaten e Popullit, Erinda Ballanca me k\u00ebrkes\u00eb t\u00eb tij, pas peticioneve dhe shqet\u00ebsimeve t\u00eb banor\u00ebve t\u00eb Radhim\u00ebs, Orikumit, Tragjasit dhe Dukatit.<\/span><\/p>\n<p><span style=\"color: #000000;\">Presidenti thekson se jan\u00eb shkelur t\u00eb drejtat themelore n\u00eb procesin e hartimit t\u00eb projektit infrakstrukturor \u201cRehabilitimi dhe nd\u00ebrtimi i objekteve n\u00eb af\u00ebrsi t\u00eb rrug\u00ebs bregdetare Vlor\u00eb-Orikum\u201d (Rikualifikimi i Vij\u00ebs Bregdetare Vlor\u00eb \u2013 Radhim\u00eb- Orikum), si dhe trajtimit t\u00eb pronave t\u00eb tyre t\u00eb ndodhura n\u00eb k\u00ebt\u00eb aks rrugor.<\/span><\/p>\n<p><span style=\"color: #000000;\">Avokatja Ballanca informoi Kreun e Shtetit se edhe pran\u00eb Avokatit t\u00eb Popullit jan\u00eb parashtruar deri m\u00eb tani mbi 60 ankesa nga banor\u00ebt lidhur me k\u00ebt\u00eb projekt dhe se ky institucion, ka filluar nj\u00eb hetim administrativ p\u00ebr k\u00ebt\u00eb \u00e7\u00ebshtje.<\/span><\/p>\n<p><span style=\"color: #000000;\">\u201c<em>Shum\u00eb shpejt do t\u00eb b\u00ebhet vler\u00ebsimi final dhe hartimi i nj\u00eb Raporti P\u00ebrfundimtar n\u00eb lidhje me k\u00ebto problematika, q\u00eb jan\u00eb n\u00eb shqyrtim prej Avokatit t\u00eb Popullit dhe q\u00eb banor\u00ebt i kan\u00eb ngritur s\u00eb fundmi edhe tek Presidenti i Republik\u00ebs<\/em>\u201d\u2013 sqaroi znj.Ballanca.<\/span><\/p>\n<p><span style=\"color: #000000;\">Kreu i Shtetit n\u00ebnvizon se, n\u00ebse Qeveria dhe pushteti vendor, shmangin respektimin e t\u00eb drejtave t\u00eb qytetar\u00ebve, \u00ebsht\u00eb detyra e institucioneve t\u00eb pavarura dhe e Gjykat\u00ebs, t\u00eb kryejn\u00eb vler\u00ebsimin e \u00e7do pretendimi sipas fushave t\u00eb tyre t\u00eb p\u00ebrgjegj\u00ebsis\u00eb.<\/span><\/p>\n<p><span style=\"color: #000000;\">\u201c<em>Qytetar\u00ebve u nevojitet transparenc\u00eb, pasi \u00e7do projekt infrastrukturor i nj\u00eb r\u00ebnd\u00ebsie kaq t\u00eb madhe duhet t\u00eb jet\u00eb i mir\u00ebmenduar, i konsultuar sipas k\u00ebrkesave t\u00eb ligjit dhe duhet t\u00eb respektoj\u00eb t\u00eb drejtat themelore kushtetuese t\u00eb banor\u00ebve dhe pronar\u00ebve.\u00a0<\/em><\/span><\/p>\n<p><span style=\"color: #000000;\"><em>Avokati i Popullit \u00ebsht\u00eb pjes\u00eb e atyre institucioneve t\u00eb ve\u00e7anta, q\u00eb me pun\u00ebn e tij, b\u00ebn t\u00eb mundur t\u00eb garantohet funksionimi i shtetit ligjor, n\u00eb respektim t\u00eb t\u00eb drejtave t\u00eb njeriut. Ndaj pritshm\u00ebrit\u00eb dhe shpresat q\u00eb kan\u00eb qytetar\u00ebt tek ky institucion, duhen justifikuar me pun\u00eb objektive dhe t\u00eb pavarur<\/em>\u201d\u2013 theksoi Presidenti Meta.<\/span><\/p>\n","protected":false,"gt_translate_keys":[{"key":"rendered","format":"html"}]},"excerpt":{"rendered":"<p>Presidenti i Republik\u00ebs, Ilir Meta, ka zhvilluar nj\u00eb takim Avokaten e Popullit, Erinda Ballanca me k\u00ebrkes\u00eb t\u00eb tij, pas peticioneve dhe shqet\u00ebsimeve t\u00eb banor\u00ebve t\u00eb Radhim\u00ebs, Orikumit, Tragjasit dhe Dukatit. Presidenti thekson se jan\u00eb shkelur t\u00eb drejtat themelore n\u00eb procesin e hartimit t\u00eb projektit infrakstrukturor \u201cRehabilitimi dhe nd\u00ebrtimi i objekteve n\u00eb af\u00ebrsi t\u00eb rrug\u00ebs bregdetare [&hellip;]<\/p>\n","protected":false,"gt_translate_keys":[{"key":"rendered","format":"html"}]},"author":32,"featured_media":424922,"comment_status":"open","ping_status":"open","sticky":false,"template":"","format":"standard","meta":{"footnotes":""},"categories":[65,13],"tags":[],"class_list":["post-424921","post","type-post","status-publish","format-standard","has-post-thumbnail","hentry","category-lajme","category-te-fundit"],"gt_translate_keys":[{"key":"link","format":"url"}],"_links":{"self":[{"href":"https:\/\/www.hashtag.al\/index.php\/wp-json\/wp\/v2\/posts\/424921","targetHints":{"allow":["GET"]}}],"collection":[{"href":"https:\/\/www.hashtag.al\/index.php\/wp-json\/wp\/v2\/posts"}],"about":[{"href":"https:\/\/www.hashtag.al\/index.php\/wp-json\/wp\/v2\/types\/post"}],"author":[{"embeddable":true,"href":"https:\/\/www.hashtag.al\/index.php\/wp-json\/wp\/v2\/users\/32"}],"replies":[{"embeddable":true,"href":"https:\/\/www.hashtag.al\/index.php\/wp-json\/wp\/v2\/comments?post=424921"}],"version-history":[{"count":0,"href":"https:\/\/www.hashtag.al\/index.php\/wp-json\/wp\/v2\/posts\/424921\/revisions"}],"wp:featuredmedia":[{"embeddable":true,"href":"https:\/\/www.hashtag.al\/index.php\/wp-json\/wp\/v2\/media\/424922"}],"wp:attachment":[{"href":"https:\/\/www.hashtag.al\/index.php\/wp-json\/wp\/v2\/media?parent=424921"}],"wp:term":[{"taxonomy":"category","embeddable":true,"href":"https:\/\/www.hashtag.al\/index.php\/wp-json\/wp\/v2\/categories?post=424921"},{"taxonomy":"post_tag","embeddable":true,"href":"https:\/\/www.hashtag.al\/index.php\/wp-json\/wp\/v2\/tags?post=424921"}],"curies":[{"name":"wp","href":"https:\/\/api.w.org\/{rel}","templated":true}]}}