{"id":424882,"date":"2021-01-21T16:19:00","date_gmt":"2021-01-21T15:19:00","guid":{"rendered":"https:\/\/hashtag.al\/?p=424882"},"modified":"2021-01-21T16:21:09","modified_gmt":"2021-01-21T15:21:09","slug":"sa-eshte-perqindja-e-te-vaksinuarve-ne-shqiperi-ndaj-covid-19-tabela-krahasuese","status":"publish","type":"post","link":"https:\/\/www.hashtag.al\/index.php\/2021\/01\/21\/sa-eshte-perqindja-e-te-vaksinuarve-ne-shqiperi-ndaj-covid-19-tabela-krahasuese\/","title":{"rendered":"Sa \u00ebsht\u00eb p\u00ebrqindja e t\u00eb vaksinuarve ndaj Covid-19, Shqip\u00ebria me ritme t\u00eb ngadal\u00ebta (Tabela krahasuese)","gt_translate_keys":[{"key":"rendered","format":"text"}]},"content":{"rendered":"<p><img loading=\"lazy\" decoding=\"async\" class=\"aligncenter size-full wp-image-424884\" src=\"https:\/\/hashtag.al\/wp-content\/uploads\/2021\/01\/vaksinarama.jpg\" alt=\"\" width=\"1237\" height=\"823\" srcset=\"https:\/\/www.hashtag.al\/wp-content\/uploads\/2021\/01\/vaksinarama.jpg 1237w, https:\/\/www.hashtag.al\/wp-content\/uploads\/2021\/01\/vaksinarama-300x200.jpg 300w, https:\/\/www.hashtag.al\/wp-content\/uploads\/2021\/01\/vaksinarama-768x511.jpg 768w, https:\/\/www.hashtag.al\/wp-content\/uploads\/2021\/01\/vaksinarama-1024x681.jpg 1024w\" sizes=\"auto, (max-width: 1237px) 100vw, 1237px\" \/><\/p>\n<p><span style=\"color: #000000;\">Shqip\u00ebria \u00ebsht\u00eb nj\u00eb nga vendet me p\u00ebrqindjen m\u00eb t\u00eb ul\u00ebt t\u00eb vaksinimit n\u00eb Europ\u00eb e Ballkan.<\/span><\/p>\n<p><span style=\"color: #000000;\">Me 483 dozat e para q\u00eb jan\u00eb b\u00ebr\u00eb n\u00eb vend nga 975 gjithsej, ne jemi n\u00eb shifrat e rreth 0.16% t\u00eb popullsis\u00eb t\u00eb vaksinuar deri tani.<\/span><\/p>\n<p><span style=\"color: #000000;\">N\u00eb fillim t\u00eb janarit, kryeministri Rama njoftonte se kishte arritur nj\u00eb kontrat\u00eb me kompanin\u00eb Pfizer p\u00ebr rreth 500 mij\u00eb doza, t\u00eb cilat do dor\u00ebzohen sipas nj\u00eb grafiku brenda fundit t\u00eb k\u00ebtij viti. <\/span><\/p>\n<p><span style=\"color: #000000;\">Pak dit\u00eb m\u00eb pas, Rama u shfaq s\u00ebrish n\u00eb media duke njoftuar se kishte arritur t\u00eb siguronte nj\u00eb sasi emergjente prej 975 dozash t\u00eb vaksin\u00ebs s\u00eb Pfizer, duke mos treguar vendin e BE-s\u00eb q\u00eb sipas tij i kishte dhuruar.<\/span><\/p>\n<p><span style=\"color: #000000;\">Brenda janarit pritet q\u00eb n\u00eb vend t\u00eb mb\u00ebrrijn\u00eb 10 mij\u00eb e 530 dozat e para. Me t\u00eb dh\u00ebnat e deritanishme, kemi vaksinuar 0.16% t\u00eb popullat\u00ebs.<\/span><\/p>\n<p><span style=\"color: #000000;\">Disa nga vendet fqinje kan\u00eb nj\u00eb p\u00ebrqindje m\u00eb t\u00eb lart\u00eb vaksinimi, si\u00e7 tregohet nga tabela bashk\u00ebngjitur me Turqin\u00eb, Greqin\u00eb e Serbin\u00eb q\u00eb kan\u00eb ecur me ritme m\u00eb t\u00eb shpejta. Por ka edhe vende si Mali i Zi e Maqedonia e Veriut q\u00eb nuk e kan\u00eb nisur ende procesin, por sipas autoriteteve pritet q\u00eb vaksinimi t\u00eb nis\u00eb k\u00ebto dit\u00eb.<\/span><\/p>\n<p><span style=\"color: #000000;\">Kontrata e plot\u00eb mes Shqip\u00ebris\u00eb e kompanis\u00eb Pfizer u publikua ekskluzivisht nga <a href=\"https:\/\/gogo.al\/ekskluzive-kontrata-sekrete-e-qeverise-me-pfizer-per-vaksinat\/\"><span style=\"color: #0000ff;\">Gogo.al<\/span> <\/a>dy dit\u00eb m\u00eb par\u00eb. Aty jepen holl\u00ebsit\u00eb e sakta t\u00eb marr\u00ebveshjes prej 52 faqesh duke p\u00ebrfshir\u00eb koh\u00ebn e d\u00ebrgesave, \u00e7mimet, kushtet e administrimit e siguris\u00eb s\u00eb vaksin\u00ebs e t\u00eb tjera holl\u00ebsi.<\/span><\/p>\n<p><img loading=\"lazy\" decoding=\"async\" class=\"aligncenter size-full wp-image-424883\" src=\"https:\/\/hashtag.al\/wp-content\/uploads\/2021\/01\/WhatsApp-Image-2021-01-21-at-15.35.24.jpeg\" alt=\"\" width=\"526\" height=\"451\" srcset=\"https:\/\/www.hashtag.al\/wp-content\/uploads\/2021\/01\/WhatsApp-Image-2021-01-21-at-15.35.24.jpeg 526w, https:\/\/www.hashtag.al\/wp-content\/uploads\/2021\/01\/WhatsApp-Image-2021-01-21-at-15.35.24-300x257.jpeg 300w\" sizes=\"auto, (max-width: 526px) 100vw, 526px\" \/><\/p>\n","protected":false,"gt_translate_keys":[{"key":"rendered","format":"html"}]},"excerpt":{"rendered":"<p>Shqip\u00ebria \u00ebsht\u00eb nj\u00eb nga vendet me p\u00ebrqindjen m\u00eb t\u00eb ul\u00ebt t\u00eb vaksinimit n\u00eb Europ\u00eb e Ballkan. Me 483 dozat e para q\u00eb jan\u00eb b\u00ebr\u00eb n\u00eb vend nga 975 gjithsej, ne jemi n\u00eb shifrat e rreth 0.16% t\u00eb popullsis\u00eb t\u00eb vaksinuar deri tani. N\u00eb fillim t\u00eb janarit, kryeministri Rama njoftonte se kishte arritur nj\u00eb kontrat\u00eb me [&hellip;]<\/p>\n","protected":false,"gt_translate_keys":[{"key":"rendered","format":"html"}]},"author":51,"featured_media":424884,"comment_status":"open","ping_status":"open","sticky":false,"template":"","format":"standard","meta":{"footnotes":""},"categories":[65,13],"tags":[],"class_list":["post-424882","post","type-post","status-publish","format-standard","has-post-thumbnail","hentry","category-lajme","category-te-fundit"],"gt_translate_keys":[{"key":"link","format":"url"}],"_links":{"self":[{"href":"https:\/\/www.hashtag.al\/index.php\/wp-json\/wp\/v2\/posts\/424882","targetHints":{"allow":["GET"]}}],"collection":[{"href":"https:\/\/www.hashtag.al\/index.php\/wp-json\/wp\/v2\/posts"}],"about":[{"href":"https:\/\/www.hashtag.al\/index.php\/wp-json\/wp\/v2\/types\/post"}],"author":[{"embeddable":true,"href":"https:\/\/www.hashtag.al\/index.php\/wp-json\/wp\/v2\/users\/51"}],"replies":[{"embeddable":true,"href":"https:\/\/www.hashtag.al\/index.php\/wp-json\/wp\/v2\/comments?post=424882"}],"version-history":[{"count":0,"href":"https:\/\/www.hashtag.al\/index.php\/wp-json\/wp\/v2\/posts\/424882\/revisions"}],"wp:featuredmedia":[{"embeddable":true,"href":"https:\/\/www.hashtag.al\/index.php\/wp-json\/wp\/v2\/media\/424884"}],"wp:attachment":[{"href":"https:\/\/www.hashtag.al\/index.php\/wp-json\/wp\/v2\/media?parent=424882"}],"wp:term":[{"taxonomy":"category","embeddable":true,"href":"https:\/\/www.hashtag.al\/index.php\/wp-json\/wp\/v2\/categories?post=424882"},{"taxonomy":"post_tag","embeddable":true,"href":"https:\/\/www.hashtag.al\/index.php\/wp-json\/wp\/v2\/tags?post=424882"}],"curies":[{"name":"wp","href":"https:\/\/api.w.org\/{rel}","templated":true}]}}