{"id":424689,"date":"2021-01-20T19:46:35","date_gmt":"2021-01-20T18:46:35","guid":{"rendered":"https:\/\/hashtag.al\/?p=424689"},"modified":"2021-01-20T19:51:41","modified_gmt":"2021-01-20T18:51:41","slug":"egjipti-dhe-katari-rivendosin-marredheniet-diplomatike","status":"publish","type":"post","link":"https:\/\/www.hashtag.al\/index.php\/2021\/01\/20\/egjipti-dhe-katari-rivendosin-marredheniet-diplomatike\/","title":{"rendered":"Egjipti dhe Katari rivendosin marr\u00ebdh\u00ebniet diplomatike","gt_translate_keys":[{"key":"rendered","format":"text"}]},"content":{"rendered":"<p><img loading=\"lazy\" decoding=\"async\" class=\"aligncenter size-full wp-image-424695\" src=\"https:\/\/hashtag.al\/wp-content\/uploads\/2021\/01\/sisi.png\" alt=\"\" width=\"1072\" height=\"583\" srcset=\"https:\/\/www.hashtag.al\/wp-content\/uploads\/2021\/01\/sisi.png 1072w, https:\/\/www.hashtag.al\/wp-content\/uploads\/2021\/01\/sisi-300x163.png 300w, https:\/\/www.hashtag.al\/wp-content\/uploads\/2021\/01\/sisi-768x418.png 768w, https:\/\/www.hashtag.al\/wp-content\/uploads\/2021\/01\/sisi-1024x557.png 1024w\" sizes=\"auto, (max-width: 1072px) 100vw, 1072px\" \/><\/p>\n<p><span style=\"color: #000000;\">Egjipti dhe Katari kan\u00eb r\u00ebn\u00eb dakord t\u00eb rifillojn\u00eb marr\u00ebdh\u00ebniet diplomatike, tha t\u00eb m\u00ebrkur\u00ebn ministria e jashtme egjiptiane, duke e b\u00ebr\u00eb Kajron t\u00eb par\u00ebn q\u00eb e b\u00ebri zyrtarisht k\u00ebt\u00eb n\u00ebn nj\u00eb marr\u00ebveshje arabe p\u00ebr t&#8217;i dh\u00ebn\u00eb fund nj\u00eb mosmarr\u00ebveshjeje t\u00eb gjat\u00eb me Dohan.<\/span><\/p>\n<p><span style=\"color: #000000;\">Arabia Saudite, Emiratet e Bashkuara Arabe, Bahreini dhe Egjipti ran\u00eb dakord n\u00eb fillim t\u00eb k\u00ebtij muaji p\u00ebr t\u00eb rivendosur lidhjet diplomatike, tregtare dhe t\u00eb udh\u00ebtimit t\u00eb nd\u00ebrprera n\u00eb vitin 2017 p\u00ebr shkak t\u00eb akuzave q\u00eb Katari mb\u00ebshteti terrorizmin, nj\u00eb akuz\u00eb q\u00eb Doha e mohon.<\/span><\/p>\n<p><span style=\"color: #000000;\">&#8220;Republika Arabe e Egjiptit dhe Shteti i Katarit shk\u00ebmbyen, sot, 20 janar 2021, dy memorandume zyrtare, n\u00eb saj\u00eb t\u00eb t\u00eb cilave t\u00eb dy vendet ran\u00eb dakord t\u00eb rifillojn\u00eb marr\u00ebdh\u00ebniet diplomatike,&#8221; tha nj\u00eb deklarat\u00eb e Ministris\u00eb s\u00eb Jashtme.<\/span><\/p>\n<p><span style=\"color: #000000;\">Nuk kishte asnj\u00eb koment t\u00eb menj\u00ebhersh\u00ebm nga zyrtar\u00ebt e Katarit.<\/span><\/p>\n<p><span style=\"color: #000000;\">T\u00eb Shtun\u00ebn, ministri i jasht\u00ebm i Arabis\u00eb Saudite tha se mbret\u00ebria pret t\u00eb rihap\u00eb ambasad\u00ebn e saj n\u00eb Katar brenda dit\u00ebsh dhe marr\u00ebdh\u00ebniet e plota diplomatike midis t\u00eb dyve do t\u00eb rinisin.<\/span><\/p>\n<p><span style=\"color: #000000;\">Emiratet e Bashkuara Arabe, t\u00eb cilat ndoq\u00ebn Riadin n\u00eb rihapjen e t\u00eb gjitha pikave t\u00eb hyrjes n\u00eb Katar, kan\u00eb th\u00ebn\u00eb q\u00eb rivendosja e lidhjeve diplomatike do t\u00eb marr\u00eb koh\u00eb. Bahreini ka rihapur hap\u00ebsir\u00ebn e tij ajrore n\u00eb Katar, ashtu si Egjipti.<\/span><\/p>\n<p><span style=\"color: #000000;\">Marr\u00ebveshja e mb\u00ebshtetur nga SHBA p\u00ebr t&#8217;i dh\u00ebn\u00eb fund mosmarr\u00ebveshjes ishte nj\u00eb nga nj\u00eb seri marr\u00ebveshjesh t\u00eb Lindjes s\u00eb Mesme nga administrata e ish Presidentit t\u00eb SHBA Donald Trump q\u00eb synojn\u00eb nd\u00ebrtimin e nj\u00eb fronti t\u00eb bashkuar kund\u00ebr Iranit.<\/span><\/p>\n<p><span style=\"color: #000000;\">Kur u njoftua bojkoti, Egjipti dhe aleat\u00ebt e tij i b\u00ebn\u00eb thirrje Katarit t\u00eb nd\u00ebrpres\u00eb lidhjet me V\u00ebllaz\u00ebrin\u00eb Myslimane, midis k\u00ebrkesave t\u00eb tjera. Doha tha se embargoja synonte t\u00eb kufizonte sovranitetin e saj.<\/span><\/p>\n<p><span style=\"color: #000000;\">Grupi islamik u nxor jasht\u00eb ligjit n\u00eb Egjipt pasi shefi i at\u00ebhersh\u00ebm i ushtris\u00eb Abdel Fattah al-Sisi drejtoi p\u00ebrmbysjen e Mohamed Mursi t\u00eb V\u00ebllaz\u00ebris\u00eb nga presidenca n\u00eb 2013, p\u00ebrpara se t\u00eb zgjidhej vet\u00eb president vitin e ardhsh\u00ebm.<\/span><\/p>\n","protected":false,"gt_translate_keys":[{"key":"rendered","format":"html"}]},"excerpt":{"rendered":"<p>Egjipti dhe Katari kan\u00eb r\u00ebn\u00eb dakord t\u00eb rifillojn\u00eb marr\u00ebdh\u00ebniet diplomatike, tha t\u00eb m\u00ebrkur\u00ebn ministria e jashtme egjiptiane, duke e b\u00ebr\u00eb Kajron t\u00eb par\u00ebn q\u00eb e b\u00ebri zyrtarisht k\u00ebt\u00eb n\u00ebn nj\u00eb marr\u00ebveshje arabe p\u00ebr t&#8217;i dh\u00ebn\u00eb fund nj\u00eb mosmarr\u00ebveshjeje t\u00eb gjat\u00eb me Dohan. Arabia Saudite, Emiratet e Bashkuara Arabe, Bahreini dhe Egjipti ran\u00eb dakord n\u00eb fillim [&hellip;]<\/p>\n","protected":false,"gt_translate_keys":[{"key":"rendered","format":"html"}]},"author":32,"featured_media":424695,"comment_status":"open","ping_status":"open","sticky":false,"template":"","format":"standard","meta":{"footnotes":""},"categories":[6,13],"tags":[],"class_list":["post-424689","post","type-post","status-publish","format-standard","has-post-thumbnail","hentry","category-nderkombetare","category-te-fundit"],"gt_translate_keys":[{"key":"link","format":"url"}],"_links":{"self":[{"href":"https:\/\/www.hashtag.al\/index.php\/wp-json\/wp\/v2\/posts\/424689","targetHints":{"allow":["GET"]}}],"collection":[{"href":"https:\/\/www.hashtag.al\/index.php\/wp-json\/wp\/v2\/posts"}],"about":[{"href":"https:\/\/www.hashtag.al\/index.php\/wp-json\/wp\/v2\/types\/post"}],"author":[{"embeddable":true,"href":"https:\/\/www.hashtag.al\/index.php\/wp-json\/wp\/v2\/users\/32"}],"replies":[{"embeddable":true,"href":"https:\/\/www.hashtag.al\/index.php\/wp-json\/wp\/v2\/comments?post=424689"}],"version-history":[{"count":0,"href":"https:\/\/www.hashtag.al\/index.php\/wp-json\/wp\/v2\/posts\/424689\/revisions"}],"wp:featuredmedia":[{"embeddable":true,"href":"https:\/\/www.hashtag.al\/index.php\/wp-json\/wp\/v2\/media\/424695"}],"wp:attachment":[{"href":"https:\/\/www.hashtag.al\/index.php\/wp-json\/wp\/v2\/media?parent=424689"}],"wp:term":[{"taxonomy":"category","embeddable":true,"href":"https:\/\/www.hashtag.al\/index.php\/wp-json\/wp\/v2\/categories?post=424689"},{"taxonomy":"post_tag","embeddable":true,"href":"https:\/\/www.hashtag.al\/index.php\/wp-json\/wp\/v2\/tags?post=424689"}],"curies":[{"name":"wp","href":"https:\/\/api.w.org\/{rel}","templated":true}]}}