{"id":424369,"date":"2021-01-19T10:43:25","date_gmt":"2021-01-19T09:43:25","guid":{"rendered":"https:\/\/hashtag.al\/?p=424369"},"modified":"2021-01-19T10:52:17","modified_gmt":"2021-01-19T09:52:17","slug":"plagoset-me-thike-vellai-i-gjyqtares-se-kpa-se-natasha-mulaj","status":"publish","type":"post","link":"https:\/\/www.hashtag.al\/index.php\/2021\/01\/19\/plagoset-me-thike-vellai-i-gjyqtares-se-kpa-se-natasha-mulaj\/","title":{"rendered":"Plagoset me thik\u00eb v\u00ebllai i gjyqtares s\u00eb KPA-s\u00eb, Natasha Mulaj","gt_translate_keys":[{"key":"rendered","format":"text"}]},"content":{"rendered":"<div id=\"attachment_424370\" style=\"width: 1034px\" class=\"wp-caption aligncenter\"><a style=\"color: #000000;\" href=\"https:\/\/hashtag.al\/wp-content\/uploads\/2021\/01\/Natasha-Mulaj.jpg\"><img loading=\"lazy\" decoding=\"async\" aria-describedby=\"caption-attachment-424370\" class=\"wp-image-424370 size-full\" src=\"https:\/\/hashtag.al\/wp-content\/uploads\/2021\/01\/Natasha-Mulaj.jpg\" alt=\"\" width=\"1024\" height=\"749\" srcset=\"https:\/\/www.hashtag.al\/wp-content\/uploads\/2021\/01\/Natasha-Mulaj.jpg 1024w, https:\/\/www.hashtag.al\/wp-content\/uploads\/2021\/01\/Natasha-Mulaj-300x219.jpg 300w, https:\/\/www.hashtag.al\/wp-content\/uploads\/2021\/01\/Natasha-Mulaj-768x562.jpg 768w\" sizes=\"auto, (max-width: 1024px) 100vw, 1024px\" \/><\/a><p id=\"caption-attachment-424370\" class=\"wp-caption-text\"><\/span> <span style=\"color: #000000;\"><em><strong>Natasha Mulaj<\/strong><\/em><\/span><\/p><\/div>\n<p><span style=\"color: #000000;\">Plagoset me thik\u00eb Admir Mulaj, v\u00ebllai i gjyqtares s\u00eb Kolegjit t\u00eb Posa\u00e7\u00ebm t\u00eb Apelimit, Natasha Mulaj.<\/span><\/p>\n<p><span style=\"color: #000000;\">Televizioni \u201cABC News\u201d raporton se ngjarja ka ndodhur pak dit\u00eb m\u00eb par\u00eb, megjithat\u00eb edhe pse kan\u00eb kaluar disa dit\u00eb mbi k\u00ebt\u00eb ngjarje ende nuk ka asnj\u00eb njoftim zyrtar nga policia.<\/span><\/p>\n<p><span style=\"color: #000000;\">Ngjarja ka ndodhur n\u00eb zon\u00ebn e Fark\u00ebs nd\u00ebrsa ai po b\u00ebnte vrap pran\u00eb liqenit. Mulaj i ka th\u00ebn\u00eb policis\u00eb se nuk e njeh personin q\u00eb e ka goditur.<\/span><\/p>\n<div id=\"attachment_424372\" style=\"width: 790px\" class=\"wp-caption aligncenter\"><a style=\"color: #000000;\" href=\"https:\/\/hashtag.al\/wp-content\/uploads\/2021\/01\/Admir-Mulaj.jpg\"><img loading=\"lazy\" decoding=\"async\" aria-describedby=\"caption-attachment-424372\" class=\"size-full wp-image-424372\" src=\"https:\/\/hashtag.al\/wp-content\/uploads\/2021\/01\/Admir-Mulaj.jpg\" alt=\"\" width=\"780\" height=\"440\" srcset=\"https:\/\/www.hashtag.al\/wp-content\/uploads\/2021\/01\/Admir-Mulaj.jpg 780w, https:\/\/www.hashtag.al\/wp-content\/uploads\/2021\/01\/Admir-Mulaj-300x169.jpg 300w, https:\/\/www.hashtag.al\/wp-content\/uploads\/2021\/01\/Admir-Mulaj-768x433.jpg 768w\" sizes=\"auto, (max-width: 780px) 100vw, 780px\" \/><\/a><p id=\"caption-attachment-424372\" class=\"wp-caption-text\"><\/span> <span style=\"color: #000000;\"><strong><em>Admir Mulaj<\/em><\/strong><\/span><\/p><\/div>\n<p><span style=\"color: #000000;\">Admir Mulaj, \u00ebsht\u00eb nd\u00ebrtues pallatesh n\u00eb kryeqytet.\u00a0N\u00eb vitin 2019, ai \u00ebsht\u00eb denoncuar si p\u00ebrfshir\u00eb n\u00eb nj\u00eb skem\u00eb mashtrimi, nga nj\u00eb biznesmeni nga Vlora, Eduard Dauti.<\/span><\/p>\n<p><span style=\"color: #000000;\">Ky i fundit pretendonte se ka paguar shum\u00ebn prej 241 mij\u00eb e 600 euro, por nuk e ka marr\u00eb apartamentin. Edhe\u00a0edhe vet\u00eb nd\u00ebrtuesi Mulaj ka paditur n\u00eb prokurori biznesmenin nga Vlora p\u00ebr akuz\u00ebn e &#8220;mashtrimit&#8221;.<\/span><\/p>\n","protected":false,"gt_translate_keys":[{"key":"rendered","format":"html"}]},"excerpt":{"rendered":"<p>Plagoset me thik\u00eb Admir Mulaj, v\u00ebllai i gjyqtares s\u00eb Kolegjit t\u00eb Posa\u00e7\u00ebm t\u00eb Apelimit, Natasha Mulaj. Televizioni \u201cABC News\u201d raporton se ngjarja ka ndodhur pak dit\u00eb m\u00eb par\u00eb, megjithat\u00eb edhe pse kan\u00eb kaluar disa dit\u00eb mbi k\u00ebt\u00eb ngjarje ende nuk ka asnj\u00eb njoftim zyrtar nga policia. Ngjarja ka ndodhur n\u00eb zon\u00ebn e Fark\u00ebs nd\u00ebrsa ai [&hellip;]<\/p>\n","protected":false,"gt_translate_keys":[{"key":"rendered","format":"html"}]},"author":30,"featured_media":424372,"comment_status":"open","ping_status":"open","sticky":false,"template":"","format":"standard","meta":{"footnotes":""},"categories":[65,13],"tags":[],"class_list":["post-424369","post","type-post","status-publish","format-standard","has-post-thumbnail","hentry","category-lajme","category-te-fundit"],"gt_translate_keys":[{"key":"link","format":"url"}],"_links":{"self":[{"href":"https:\/\/www.hashtag.al\/index.php\/wp-json\/wp\/v2\/posts\/424369","targetHints":{"allow":["GET"]}}],"collection":[{"href":"https:\/\/www.hashtag.al\/index.php\/wp-json\/wp\/v2\/posts"}],"about":[{"href":"https:\/\/www.hashtag.al\/index.php\/wp-json\/wp\/v2\/types\/post"}],"author":[{"embeddable":true,"href":"https:\/\/www.hashtag.al\/index.php\/wp-json\/wp\/v2\/users\/30"}],"replies":[{"embeddable":true,"href":"https:\/\/www.hashtag.al\/index.php\/wp-json\/wp\/v2\/comments?post=424369"}],"version-history":[{"count":0,"href":"https:\/\/www.hashtag.al\/index.php\/wp-json\/wp\/v2\/posts\/424369\/revisions"}],"wp:featuredmedia":[{"embeddable":true,"href":"https:\/\/www.hashtag.al\/index.php\/wp-json\/wp\/v2\/media\/424372"}],"wp:attachment":[{"href":"https:\/\/www.hashtag.al\/index.php\/wp-json\/wp\/v2\/media?parent=424369"}],"wp:term":[{"taxonomy":"category","embeddable":true,"href":"https:\/\/www.hashtag.al\/index.php\/wp-json\/wp\/v2\/categories?post=424369"},{"taxonomy":"post_tag","embeddable":true,"href":"https:\/\/www.hashtag.al\/index.php\/wp-json\/wp\/v2\/tags?post=424369"}],"curies":[{"name":"wp","href":"https:\/\/api.w.org\/{rel}","templated":true}]}}