{"id":423817,"date":"2021-01-16T13:06:21","date_gmt":"2021-01-16T12:06:21","guid":{"rendered":"https:\/\/hashtag.al\/?p=423817"},"modified":"2021-01-16T13:08:29","modified_gmt":"2021-01-16T12:08:29","slug":"kush-eshte-armin-laschet-politikani-qe-do-te-zevendesoje-angela-merkelin-ne-drejtimin-e-cdu-se","status":"publish","type":"post","link":"https:\/\/www.hashtag.al\/index.php\/2021\/01\/16\/kush-eshte-armin-laschet-politikani-qe-do-te-zevendesoje-angela-merkelin-ne-drejtimin-e-cdu-se\/","title":{"rendered":"Kush \u00ebsht\u00eb Armin Laschet, politikani q\u00eb do t\u00eb z\u00ebvend\u00ebsoj\u00eb Angela Merkelin n\u00eb drejtimin e CDU-s\u00eb","gt_translate_keys":[{"key":"rendered","format":"text"}]},"content":{"rendered":"<p><a href=\"https:\/\/hashtag.al\/wp-content\/uploads\/2021\/01\/Laschet.jpg\"><img loading=\"lazy\" decoding=\"async\" class=\"aligncenter size-full wp-image-423818\" src=\"https:\/\/hashtag.al\/wp-content\/uploads\/2021\/01\/Laschet.jpg\" alt=\"\" width=\"1160\" height=\"773\" srcset=\"https:\/\/www.hashtag.al\/wp-content\/uploads\/2021\/01\/Laschet.jpg 1160w, https:\/\/www.hashtag.al\/wp-content\/uploads\/2021\/01\/Laschet-300x200.jpg 300w, https:\/\/www.hashtag.al\/wp-content\/uploads\/2021\/01\/Laschet-768x512.jpg 768w, https:\/\/www.hashtag.al\/wp-content\/uploads\/2021\/01\/Laschet-1024x682.jpg 1024w\" sizes=\"auto, (max-width: 1160px) 100vw, 1160px\" \/><\/a><\/p>\n<p><span style=\"color: #000000;\">Angela Merkel, e cila ka qen\u00eb kancelare q\u00eb nga viti 2005, nuk do t\u00eb k\u00ebrkoj\u00eb nj\u00eb mandat t\u00eb pest\u00eb. Sot n\u00eb vend t\u00eb saj, partia CDU zgjodhi n\u00eb vend t\u00eb saj si kryetar, Armin Laschet.<\/span><\/p>\n<p><span style=\"color: #000000;\">Laschet mundi Friedrich Merz, nj\u00eb konservator dhe rival i Merkelit, n\u00eb kongresin e zhvilluar online k\u00ebt\u00eb t\u00eb shtun\u00eb nga Bashkimi Demokristian (CDU).<\/span><\/p>\n<p><span style=\"color: #000000;\">Politikani 59-vje\u00e7ar fitoi me 521 vota kundrejt 466 t\u00eb Merz. Kandidati i tret\u00eb Norbert Roettgen, u eliminua n\u00eb raundin e par\u00eb t\u00eb votimit.<\/span><\/p>\n<p><span style=\"color: #000000;\">Fitorja e sotme jo detyrimisht do t\u00eb thot\u00eb se ai do t\u00eb jet\u00eb kandidati p\u00ebr kancelar n\u00eb zgjedhjet e Gjermanis\u00eb q\u00eb pritet t\u00eb mbahen m\u00eb 26 shtator, shkruan <span style=\"color: #0000ff;\"><a style=\"color: #0000ff;\" href=\"https:\/\/www.cnbc.com\/2021\/01\/16\/armin-laschet-picked-as-new-chairman-of-germanys-ruling-cdu-party-.html\">The Guardian<\/a><\/span>. Megjithat\u00eb fjala e tij do t\u00eb ket\u00eb nj\u00eb pesh\u00eb t\u00eb madhe se cili do t\u00eb jet\u00eb kandidati.<\/span><\/p>\n<p><span style=\"color: #000000;\">P\u00ebrve\u00e7 Laschet, udh\u00ebheq\u00ebsi i CSU-s\u00eb Markus Soeder, i cili \u00ebsht\u00eb dhe guvernatori i Bavaris\u00eb, konsiderohet gjer\u00ebsisht si nj\u00eb kandidat i mundsh\u00ebm. Disa konsiderojn\u00eb gjithashtu ministrin e Sh\u00ebndet\u00ebsis\u00eb Jens Spahn, q\u00eb kandidon p\u00ebr t\u00eb qen\u00eb n\u00ebnkryetari i CDU-s\u00eb n\u00ebn Laschet.<\/span><\/p>\n<p><strong><span style=\"color: #000000;\">Por kush \u00ebsht\u00eb kryetari i ri i CDU-s\u00eb?<\/span><\/strong><\/p>\n<p><span style=\"color: #000000;\">Armin Laschet ka lindur n\u00eb vitin 1961, n\u00eb Burtscheid (nj\u00eb periferi n\u00eb af\u00ebrsi t\u00eb kufirit me Belgjik\u00ebn dhe Holand\u00ebn) n\u00eb nj\u00eb familje katolike.<\/span><\/p>\n<p><span style=\"color: #000000;\">Babai i tij ishte mbik\u00ebqyr\u00ebs n\u00eb nj\u00eb minier\u00eb t\u00eb qymyrit t\u00eb zi dhe m\u00eb von\u00eb u b\u00eb m\u00ebsues dhe drejtor i nj\u00eb shkolle fillore. Laschet studioi p\u00ebr drejt\u00ebsi n\u00eb universitetet e Bonit dhe Mynihut, duke kaluar provimin e par\u00eb shtet\u00ebror n\u00eb vitin 1987. Ai m\u00eb von\u00eb studioi gazetari nga viti 1986 n\u00eb 1988.<\/span><\/p>\n<p><span style=\"color: #000000;\">Armin Laschet u zgjodh p\u00ebr her\u00eb t\u00eb par\u00eb n\u00eb Bundestag (Parlamenti Gjerman) n\u00eb vitin 1994. P\u00ebrzgjedhja e tij n\u00eb krye t\u00eb CDU-s\u00eb shihet si nj\u00eb vazhdim i politikave t\u00eb Merkelit, pasi ai \u00ebsht\u00eb zotuar t\u00eb mbaj\u00eb CDU-n\u00eb t\u00eb bashkuar.<\/span><\/p>\n<p><a href=\"https:\/\/hashtag.al\/wp-content\/uploads\/2021\/01\/Merkel-1.jpg\"><img loading=\"lazy\" decoding=\"async\" class=\"aligncenter size-full wp-image-423813\" src=\"https:\/\/hashtag.al\/wp-content\/uploads\/2021\/01\/Merkel-1.jpg\" alt=\"\" width=\"700\" height=\"394\" srcset=\"https:\/\/www.hashtag.al\/wp-content\/uploads\/2021\/01\/Merkel-1.jpg 700w, https:\/\/www.hashtag.al\/wp-content\/uploads\/2021\/01\/Merkel-1-300x169.jpg 300w\" sizes=\"auto, (max-width: 700px) 100vw, 700px\" \/><\/a><\/p>\n<p><strong><span style=\"color: #000000;\">\u00c7far\u00eb do t\u00eb thot\u00eb p\u00ebr CDU-n\u00eb zgjedhja e Laschet<\/span><\/strong><\/p>\n<p><span style=\"color: #000000;\">Me t\u00eb si kryetar, CDU-ja ka t\u00eb ngjar\u00eb t\u00eb p\u00ebrqendrohet n\u00eb m\u00eb shum\u00eb politika t\u00eb ndryshimit t\u00eb klim\u00ebs dhe tema mjedisore. Ai ka nj\u00eb formim t\u00eb fort\u00eb katolik i cili i sjell mb\u00ebshtetje nga qarqet e krishtera brenda partis\u00eb.<\/span><\/p>\n<p><span style=\"color: #000000;\">Laschet \u00ebsht\u00eb nj\u00eb avokat i trajnuar dhe ka punuar edhe si gazetar n\u00eb koh\u00ebn e ribashkimit gjerman midis viteve 1986 dhe 1991. Ai shihet si shum\u00eb liberal dhe \u00ebsht\u00eb i njohur p\u00ebr komunitetin e emigrant\u00ebve, n\u00eb shtetin e tij t\u00eb lindjes.<\/span><\/p>\n<p><span style=\"color: #000000;\">N\u00ebse ai do t\u00eb shpallet dhe kandidati i CDU-s\u00eb p\u00ebr kancelar n\u00eb zgjedhjet e shtatorit, ai mund t\u00eb jet\u00eb i hapur p\u00ebr koalicione t\u00eb ndryshme. Ndarja e pushtetit po kthehet n\u00eb nj\u00eb tradite t\u00eb re n\u00eb politik\u00ebn gjermane. Ai ka hedhur iden\u00eb e nj\u00eb qeverie s\u00eb bashku me liberal\u00ebt, FDP-n\u00eb, n\u00eb nj\u00eb p\u00ebrpjekje p\u00ebr t\u00eb fituar pjes\u00eb t\u00eb komunitetit t\u00eb biznesit brenda CDU-s\u00eb. Por ai gjithashtu mendohet se do t\u00eb jet\u00eb i p\u00ebrshtatsh\u00ebm edhe p\u00ebr nj\u00eb koalicion me t\u00eb Gjelbrit, pasi ai ka folur mir\u00eb me partin\u00eb dhe favorizon \u00e7\u00ebshtjet e mjedisit.<strong>\/Hashtag.al<\/strong><\/span><\/p>\n","protected":false,"gt_translate_keys":[{"key":"rendered","format":"html"}]},"excerpt":{"rendered":"<p>Angela Merkel, e cila ka qen\u00eb kancelare q\u00eb nga viti 2005, nuk do t\u00eb k\u00ebrkoj\u00eb nj\u00eb mandat t\u00eb pest\u00eb. Sot n\u00eb vend t\u00eb saj, partia CDU zgjodhi n\u00eb vend t\u00eb saj si kryetar, Armin Laschet. Laschet mundi Friedrich Merz, nj\u00eb konservator dhe rival i Merkelit, n\u00eb kongresin e zhvilluar online k\u00ebt\u00eb t\u00eb shtun\u00eb nga Bashkimi [&hellip;]<\/p>\n","protected":false,"gt_translate_keys":[{"key":"rendered","format":"html"}]},"author":30,"featured_media":423818,"comment_status":"open","ping_status":"open","sticky":false,"template":"","format":"standard","meta":{"footnotes":""},"categories":[22,6,13],"tags":[],"class_list":["post-423817","post","type-post","status-publish","format-standard","has-post-thumbnail","hentry","category-ballina","category-nderkombetare","category-te-fundit"],"gt_translate_keys":[{"key":"link","format":"url"}],"_links":{"self":[{"href":"https:\/\/www.hashtag.al\/index.php\/wp-json\/wp\/v2\/posts\/423817","targetHints":{"allow":["GET"]}}],"collection":[{"href":"https:\/\/www.hashtag.al\/index.php\/wp-json\/wp\/v2\/posts"}],"about":[{"href":"https:\/\/www.hashtag.al\/index.php\/wp-json\/wp\/v2\/types\/post"}],"author":[{"embeddable":true,"href":"https:\/\/www.hashtag.al\/index.php\/wp-json\/wp\/v2\/users\/30"}],"replies":[{"embeddable":true,"href":"https:\/\/www.hashtag.al\/index.php\/wp-json\/wp\/v2\/comments?post=423817"}],"version-history":[{"count":0,"href":"https:\/\/www.hashtag.al\/index.php\/wp-json\/wp\/v2\/posts\/423817\/revisions"}],"wp:featuredmedia":[{"embeddable":true,"href":"https:\/\/www.hashtag.al\/index.php\/wp-json\/wp\/v2\/media\/423818"}],"wp:attachment":[{"href":"https:\/\/www.hashtag.al\/index.php\/wp-json\/wp\/v2\/media?parent=423817"}],"wp:term":[{"taxonomy":"category","embeddable":true,"href":"https:\/\/www.hashtag.al\/index.php\/wp-json\/wp\/v2\/categories?post=423817"},{"taxonomy":"post_tag","embeddable":true,"href":"https:\/\/www.hashtag.al\/index.php\/wp-json\/wp\/v2\/tags?post=423817"}],"curies":[{"name":"wp","href":"https:\/\/api.w.org\/{rel}","templated":true}]}}