{"id":423811,"date":"2021-01-16T12:38:08","date_gmt":"2021-01-16T11:38:08","guid":{"rendered":"https:\/\/hashtag.al\/?p=423811"},"modified":"2021-01-16T12:42:33","modified_gmt":"2021-01-16T11:42:33","slug":"armin-laschet-zgjidhet-si-kryetari-i-ri-i-cdu-se","status":"publish","type":"post","link":"https:\/\/www.hashtag.al\/index.php\/2021\/01\/16\/armin-laschet-zgjidhet-si-kryetari-i-ri-i-cdu-se\/","title":{"rendered":"Armin Laschet zgjidhet si kryetari i ri i CDU-s\u00eb","gt_translate_keys":[{"key":"rendered","format":"text"}]},"content":{"rendered":"<p><a href=\"https:\/\/hashtag.al\/wp-content\/uploads\/2021\/01\/55906642_303.jpg\"><img loading=\"lazy\" decoding=\"async\" class=\"aligncenter size-full wp-image-423812\" src=\"https:\/\/hashtag.al\/wp-content\/uploads\/2021\/01\/55906642_303.jpg\" alt=\"\" width=\"700\" height=\"394\" srcset=\"https:\/\/www.hashtag.al\/wp-content\/uploads\/2021\/01\/55906642_303.jpg 700w, https:\/\/www.hashtag.al\/wp-content\/uploads\/2021\/01\/55906642_303-300x169.jpg 300w\" sizes=\"auto, (max-width: 700px) 100vw, 700px\" \/><\/a><\/p>\n<p><span style=\"color: #000000;\">Armin Laschet \u00ebsht\u00eb kryetari i ri i demokristian\u00ebve t\u00eb Gjermanis\u00eb (CDU). Si\u00e7 shkruan <span style=\"color: #0000ff;\"><a style=\"color: #0000ff;\" href=\"https:\/\/www.dw.com\/en\/armin-laschet-angela-merkel-loyalist-is-new-cdu-leader\/a-56239045\">Deutsche Welle<\/a><\/span>, ai u zgjodh n\u00eb nj\u00eb balotazh kund\u00ebr Friedrich Merz me 521 vota pro dhe 466.<\/span><\/p>\n<p><span style=\"color: #000000;\">N\u00eb gar\u00eb ishte edhe kandidati tjet\u00ebr Norbert R\u00f6ttgen, i cili humbi q\u00eb n\u00eb raundin e par\u00eb.<\/span><\/p>\n<p><span style=\"color: #000000;\">59-vje\u00e7ari Laschet, q\u00eb nga viti 2017 ka qen\u00eb kryeministri i landit m\u00eb t\u00eb populluar t\u00eb Gjermanis\u00eb Nordrhein-Westfalen.<\/span><\/p>\n<p><span style=\"color: #000000;\">N\u00eb fjallimin e tij t\u00eb fitores, Laschet u zotua t\u00eb b\u00ebnte gjith\u00e7ka q\u00eb partia t\u00eb dilte mir\u00eb n\u00eb zgjedhjet e ardhshme rajonale dhe t\u00eb mbaj\u00eb pozicionin e kancelarit.<\/span><\/p>\n<p><span style=\"color: #000000;\">Ai gjithashtu falenderoi dhe vler\u00ebsoi kandidat\u00ebt e tjer\u00eb p\u00ebr nj\u00eb gar\u00eb <em>&#8220;t\u00eb ndershme&#8221;<\/em>. Kandidati i cili doli i dyti, Friedrich Merz e p\u00ebrg\u00ebzoi Laschet dhe i uroi &#8220;<em>suksese<\/em>&#8221; si kryetar i partis\u00eb.<\/span><\/p>\n<p><span style=\"color: #000000;\"><em>&#8220;\u00cbsht\u00eb nj\u00eb vit i r\u00ebnd\u00ebsish\u00ebm ky q\u00eb kemi p\u00ebrpara, do t\u00eb jet\u00eb nj\u00eb koh\u00eb jasht\u00ebzakonisht e mundimshme n\u00eb jav\u00ebt dhe muajt e ardhsh\u00ebm p\u00ebr t\u00eb gjith\u00eb ne.&#8221;<\/em>&#8211; tha Merz. Merz fitoi raundin e par\u00eb t\u00eb votimit me 385 vota kundrejt 380 t\u00eb Laschet dhe 224 t\u00eb R\u00f6ttgen.<\/span><\/p>\n<p><span style=\"color: #000000;\">N\u00eb fjalimin p\u00ebrpara votimit t\u00eb sot\u00ebm, Laschet theksoi r\u00ebnd\u00ebsin\u00eb e unitetit. Sipas tij, CDU nuk ka nevoj\u00eb p\u00ebr nj\u00eb CEO p\u00ebr ta drejtuar at\u00eb, por p\u00ebr nj\u00eb kapiten ekipi q\u00eb do t\u00eb udh\u00ebheq\u00eb duke mbajtur partin\u00eb s\u00eb bashku.<\/span><\/p>\n<p><a href=\"https:\/\/hashtag.al\/wp-content\/uploads\/2021\/01\/Merkel-1.jpg\"><img loading=\"lazy\" decoding=\"async\" class=\"aligncenter size-full wp-image-423813\" src=\"https:\/\/hashtag.al\/wp-content\/uploads\/2021\/01\/Merkel-1.jpg\" alt=\"\" width=\"700\" height=\"394\" srcset=\"https:\/\/www.hashtag.al\/wp-content\/uploads\/2021\/01\/Merkel-1.jpg 700w, https:\/\/www.hashtag.al\/wp-content\/uploads\/2021\/01\/Merkel-1-300x169.jpg 300w\" sizes=\"auto, (max-width: 700px) 100vw, 700px\" \/><\/a><\/p>\n","protected":false,"gt_translate_keys":[{"key":"rendered","format":"html"}]},"excerpt":{"rendered":"<p>Armin Laschet \u00ebsht\u00eb kryetari i ri i demokristian\u00ebve t\u00eb Gjermanis\u00eb (CDU). Si\u00e7 shkruan Deutsche Welle, ai u zgjodh n\u00eb nj\u00eb balotazh kund\u00ebr Friedrich Merz me 521 vota pro dhe 466. N\u00eb gar\u00eb ishte edhe kandidati tjet\u00ebr Norbert R\u00f6ttgen, i cili humbi q\u00eb n\u00eb raundin e par\u00eb. 59-vje\u00e7ari Laschet, q\u00eb nga viti 2017 ka qen\u00eb kryeministri [&hellip;]<\/p>\n","protected":false,"gt_translate_keys":[{"key":"rendered","format":"html"}]},"author":30,"featured_media":423813,"comment_status":"open","ping_status":"open","sticky":false,"template":"","format":"standard","meta":{"footnotes":""},"categories":[22,6,13],"tags":[],"class_list":["post-423811","post","type-post","status-publish","format-standard","has-post-thumbnail","hentry","category-ballina","category-nderkombetare","category-te-fundit"],"gt_translate_keys":[{"key":"link","format":"url"}],"_links":{"self":[{"href":"https:\/\/www.hashtag.al\/index.php\/wp-json\/wp\/v2\/posts\/423811","targetHints":{"allow":["GET"]}}],"collection":[{"href":"https:\/\/www.hashtag.al\/index.php\/wp-json\/wp\/v2\/posts"}],"about":[{"href":"https:\/\/www.hashtag.al\/index.php\/wp-json\/wp\/v2\/types\/post"}],"author":[{"embeddable":true,"href":"https:\/\/www.hashtag.al\/index.php\/wp-json\/wp\/v2\/users\/30"}],"replies":[{"embeddable":true,"href":"https:\/\/www.hashtag.al\/index.php\/wp-json\/wp\/v2\/comments?post=423811"}],"version-history":[{"count":0,"href":"https:\/\/www.hashtag.al\/index.php\/wp-json\/wp\/v2\/posts\/423811\/revisions"}],"wp:featuredmedia":[{"embeddable":true,"href":"https:\/\/www.hashtag.al\/index.php\/wp-json\/wp\/v2\/media\/423813"}],"wp:attachment":[{"href":"https:\/\/www.hashtag.al\/index.php\/wp-json\/wp\/v2\/media?parent=423811"}],"wp:term":[{"taxonomy":"category","embeddable":true,"href":"https:\/\/www.hashtag.al\/index.php\/wp-json\/wp\/v2\/categories?post=423811"},{"taxonomy":"post_tag","embeddable":true,"href":"https:\/\/www.hashtag.al\/index.php\/wp-json\/wp\/v2\/tags?post=423811"}],"curies":[{"name":"wp","href":"https:\/\/api.w.org\/{rel}","templated":true}]}}