{"id":423711,"date":"2021-01-15T18:34:41","date_gmt":"2021-01-15T17:34:41","guid":{"rendered":"https:\/\/hashtag.al\/?p=423711"},"modified":"2021-01-15T18:34:41","modified_gmt":"2021-01-15T17:34:41","slug":"nderron-jete-pese-dite-pas-vaksines-se-pfizer-i-moshuari-ne-belgjike-nisin-hetimet","status":"publish","type":"post","link":"https:\/\/www.hashtag.al\/index.php\/2021\/01\/15\/nderron-jete-pese-dite-pas-vaksines-se-pfizer-i-moshuari-ne-belgjike-nisin-hetimet\/","title":{"rendered":"Nd\u00ebrron jet\u00eb pes\u00eb dit\u00eb pas vaksin\u00ebs s\u00eb Pfizer i moshuari n\u00eb Belgjik\u00eb, nisin hetimet","gt_translate_keys":[{"key":"rendered","format":"text"}]},"content":{"rendered":"<p><img loading=\"lazy\" decoding=\"async\" class=\"aligncenter size-full wp-image-423712\" src=\"https:\/\/hashtag.al\/wp-content\/uploads\/2021\/01\/pfizer2-1.jpg\" alt=\"\" width=\"725\" height=\"367\" srcset=\"https:\/\/www.hashtag.al\/wp-content\/uploads\/2021\/01\/pfizer2-1.jpg 725w, https:\/\/www.hashtag.al\/wp-content\/uploads\/2021\/01\/pfizer2-1-300x152.jpg 300w\" sizes=\"auto, (max-width: 725px) 100vw, 725px\" \/><\/p>\n<p><span style=\"color: #000000;\">Nj\u00eb qytetar belg ka vdekur pes\u00eb dit\u00eb pasi kishte b\u00ebr\u00eb vaksin\u00ebn e Pfizer \/ BioNTech kund\u00ebr COVID-19, tha n\u00eb nj\u00eb deklarat\u00eb Agjencia Federale p\u00ebr Barnat dhe Produktet Sh\u00ebndet\u00ebsore (FAMHP), duke shtuar se nj\u00eb hetim ka filluar.<\/span><\/p>\n<p><span style=\"color: #000000;\"><em>&#8220;M\u00eb 14 Janar 2021, FAMHP u informua p\u00ebr vdekjen e nj\u00eb 82-vje\u00e7ari me probleme sh\u00ebndet\u00ebsore, pes\u00eb dit\u00eb pas vaksinimit. Rasti do t\u00eb hetohet m\u00eb tej p\u00ebr t\u00eb p\u00ebrcaktuar n\u00ebse ekziston nj\u00eb lidhje shkak\u00ebsore midis vaksinimit dhe vdekjes s\u00eb individit.&#8221;<\/em> &#8211; tha agjencia n\u00eb nj\u00eb deklarat\u00eb t\u00eb enjten.<\/span><\/p>\n<p><span style=\"color: #000000;\">Nj\u00eb hetim po vijon gjithashtu n\u00eb Norvegji pasi t\u00eb pakt\u00ebn 13 persona vdiq\u00ebn pasi b\u00ebn\u00eb vaksin\u00ebn Pfizer \/ BioNTech kund\u00ebr koronavirusit t\u00eb ri, tha t\u00eb enjten Agjencia Norvegjeze e Barnave.<\/span><\/p>\n<p><span style=\"color: #000000;\">Disa vende evropiane, p\u00ebrfshir\u00eb Holand\u00ebn dhe Bullgarin\u00eb, kan\u00eb raportuar raste t\u00eb individ\u00ebve q\u00eb vuajn\u00eb efekte an\u00ebsore, t\u00eb tilla si \u00ebnjtje rreth syve dhe skuqje, pasi kan\u00eb marr\u00eb vaksin\u00ebn e Pfizer \/ BioNTech kund\u00ebr s\u00ebmundjes s\u00eb koronavirusit.<\/span><\/p>\n","protected":false,"gt_translate_keys":[{"key":"rendered","format":"html"}]},"excerpt":{"rendered":"<p>Nj\u00eb qytetar belg ka vdekur pes\u00eb dit\u00eb pasi kishte b\u00ebr\u00eb vaksin\u00ebn e Pfizer \/ BioNTech kund\u00ebr COVID-19, tha n\u00eb nj\u00eb deklarat\u00eb Agjencia Federale p\u00ebr Barnat dhe Produktet Sh\u00ebndet\u00ebsore (FAMHP), duke shtuar se nj\u00eb hetim ka filluar. &#8220;M\u00eb 14 Janar 2021, FAMHP u informua p\u00ebr vdekjen e nj\u00eb 82-vje\u00e7ari me probleme sh\u00ebndet\u00ebsore, pes\u00eb dit\u00eb pas vaksinimit. [&hellip;]<\/p>\n","protected":false,"gt_translate_keys":[{"key":"rendered","format":"html"}]},"author":51,"featured_media":423712,"comment_status":"open","ping_status":"open","sticky":false,"template":"","format":"standard","meta":{"footnotes":""},"categories":[6],"tags":[],"class_list":["post-423711","post","type-post","status-publish","format-standard","has-post-thumbnail","hentry","category-nderkombetare"],"gt_translate_keys":[{"key":"link","format":"url"}],"_links":{"self":[{"href":"https:\/\/www.hashtag.al\/index.php\/wp-json\/wp\/v2\/posts\/423711","targetHints":{"allow":["GET"]}}],"collection":[{"href":"https:\/\/www.hashtag.al\/index.php\/wp-json\/wp\/v2\/posts"}],"about":[{"href":"https:\/\/www.hashtag.al\/index.php\/wp-json\/wp\/v2\/types\/post"}],"author":[{"embeddable":true,"href":"https:\/\/www.hashtag.al\/index.php\/wp-json\/wp\/v2\/users\/51"}],"replies":[{"embeddable":true,"href":"https:\/\/www.hashtag.al\/index.php\/wp-json\/wp\/v2\/comments?post=423711"}],"version-history":[{"count":0,"href":"https:\/\/www.hashtag.al\/index.php\/wp-json\/wp\/v2\/posts\/423711\/revisions"}],"wp:featuredmedia":[{"embeddable":true,"href":"https:\/\/www.hashtag.al\/index.php\/wp-json\/wp\/v2\/media\/423712"}],"wp:attachment":[{"href":"https:\/\/www.hashtag.al\/index.php\/wp-json\/wp\/v2\/media?parent=423711"}],"wp:term":[{"taxonomy":"category","embeddable":true,"href":"https:\/\/www.hashtag.al\/index.php\/wp-json\/wp\/v2\/categories?post=423711"},{"taxonomy":"post_tag","embeddable":true,"href":"https:\/\/www.hashtag.al\/index.php\/wp-json\/wp\/v2\/tags?post=423711"}],"curies":[{"name":"wp","href":"https:\/\/api.w.org\/{rel}","templated":true}]}}