{"id":423628,"date":"2021-01-15T13:43:28","date_gmt":"2021-01-15T12:43:28","guid":{"rendered":"https:\/\/hashtag.al\/?p=423628"},"modified":"2021-01-15T14:13:02","modified_gmt":"2021-01-15T13:13:02","slug":"voltana-ademi-te-demshperblehen-banoret-e-permbytur","status":"publish","type":"post","link":"https:\/\/www.hashtag.al\/index.php\/2021\/01\/15\/voltana-ademi-te-demshperblehen-banoret-e-permbytur\/","title":{"rendered":"Voltana Ademi: T\u00eb d\u00ebmshp\u00ebrblehen banor\u00ebt e p\u00ebrmbytur","gt_translate_keys":[{"key":"rendered","format":"text"}]},"content":{"rendered":"<p><a href=\"https:\/\/hashtag.al\/wp-content\/uploads\/2021\/01\/ADEM.jpg\"><img loading=\"lazy\" decoding=\"async\" class=\"aligncenter size-full wp-image-423629\" src=\"https:\/\/hashtag.al\/wp-content\/uploads\/2021\/01\/ADEM.jpg\" alt=\"\" width=\"754\" height=\"388\" srcset=\"https:\/\/www.hashtag.al\/wp-content\/uploads\/2021\/01\/ADEM.jpg 754w, https:\/\/www.hashtag.al\/wp-content\/uploads\/2021\/01\/ADEM-300x154.jpg 300w\" sizes=\"auto, (max-width: 754px) 100vw, 754px\" \/><\/a><\/p>\n<p><span style=\"color: #000000;\">Kryetarja e bashkis\u00eb s\u00eb Shkodr\u00ebs Voltana Ademi, ka dal\u00eb n\u00eb nj\u00eb deklarat\u00eb p\u00ebr mediat ku ka k\u00ebrkuar vler\u00ebsimin e d\u00ebmeve, ndihma si dhe d\u00ebmshp\u00ebrblim nga qeveria.<\/span><\/p>\n<p><span style=\"color: #000000;\">Kryebashkiakja tha se me mij\u00ebra hektar\u00eb tok\u00eb jan\u00eb akoma n\u00ebn uj\u00eb, duke r\u00ebnduar situat\u00ebn pos-p\u00ebrmbytje n\u00eb ato territore ku uji ka filluar t\u00eb largohet.<\/span><\/p>\n<p><span style=\"color: #000000;\">Ajo kujtoi edhe p\u00ebrmbytjet e vitit 2018, ku u shpreh se bashkia kishte b\u00ebr\u00eb vler\u00ebsimin e d\u00ebmeve por qeveria nuk kishte d\u00ebmshp\u00ebrblyer asnj\u00eb lek\u00eb ndon\u00ebse nj\u00eb gj\u00eb e till\u00eb ishte premtuar.<\/span><\/p>\n<p><strong><span style=\"color: #000000;\">DEKLARATA E ADEMIT<\/span><\/strong><\/p>\n<p><span style=\"color: #000000;\">Situata e p\u00ebrmbytjeve n\u00eb Bashkin\u00eb Shkod\u00ebr, n\u00eb territoret e nj\u00ebsive administrative Ana e Malit, Dajc, B\u00ebrdic\u00eb, Velipoj\u00eb vazhdon t\u00eb jet\u00eb e r\u00ebnd\u00eb. Me qindra, mij\u00ebra hektar\u00eb tok\u00eb jan\u00eb akoma n\u00ebn uj\u00eb, duke r\u00ebnduar k\u00ebsisoj edhe situat\u00ebn pos- p\u00ebrmbytje n\u00eb ato territore ku uji ka filluar t\u00eb largohet.<\/span><\/p>\n<p><span style=\"color: #000000;\">Me sip\u00ebrfaqe t\u00eb t\u00ebra tok\u00eb t\u00eb mbjell\u00eb, tashm\u00eb jan\u00eb d\u00ebmtuar dhe k\u00ebrkojn\u00eb nd\u00ebrhyrjen e menj\u00ebhershme t\u00eb shtetit. Bashkia Shkod\u00ebr ka ngritur prej disa dit\u00ebsh grupet e evidentimit t\u00eb cil\u00ebt po punojn\u00eb n\u00eb terren p\u00ebr evidentimin e d\u00ebmeve. Kemi k\u00ebrkuar pran\u00eb Komisionit t\u00eb Emergjencave Civile n\u00eb Prefektur\u00eb, pran\u00eb Ministris\u00eb s\u00eb Bujq\u00ebsis\u00eb, direkt n\u00eb komunikim edhe me ministren, vler\u00ebsimin e t\u00eb gjitha d\u00ebmeve t\u00eb shkaktuara nga p\u00ebrmbytjet p\u00ebr shkak t\u00eb shkarkimeve n\u00eb kaskad\u00ebn n\u00eb Drin gjat\u00eb jav\u00ebs s\u00eb fundit.<\/span><\/p>\n<p><span style=\"color: #000000;\">N\u00eb k\u00ebto momente q\u00eb po flasim, emergjenca vazhdon t\u00eb jet\u00eb p\u00ebr gj\u00ebn\u00eb e gjall\u00eb. K\u00ebrkesa jon\u00eb vazhdon t\u00eb jet\u00eb permanente p\u00ebr sigurimin e mbi 150 ton koncentrat t\u00eb domosdosh\u00ebm p\u00ebr gj\u00ebn\u00eb e gjall\u00eb, p\u00ebr k\u00ebto fshtara, p\u00ebr nj\u00eb periudh\u00eb 10 ditore.<\/span><\/p>\n<p><span style=\"color: #000000;\">Nd\u00ebrkoh\u00eb me vler\u00ebsimin e d\u00ebmeve do t\u00eb verifikojm\u00eb vazhdim\u00ebsin\u00eb e nevoj\u00ebs p\u00ebr sigurimin e ushqimit p\u00ebr gj\u00ebn\u00eb e gjall\u00eb, p\u00ebr periudh\u00ebn e dimrit dhe pranver\u00ebs, pasi b\u00ebhet fjal\u00eb p\u00ebr toka bujq\u00ebsore tashm\u00eb t\u00eb d\u00ebmtuara r\u00ebnd\u00eb, t\u00eb mbjella me foraxhere, jonxh\u00eb, nj\u00ebkoh\u00ebsisht me grur\u00eb por edhe me perime sidomos n\u00eb zon\u00ebn e N\u00ebnshkodr\u00ebs.<\/span><\/p>\n<p><span style=\"color: #000000;\">Duhet t\u00eb kemi n\u00eb konsiderat\u00eb q\u00eb gjat\u00eb periudh\u00ebs s\u00eb pandemis\u00eb, p\u00ebr shkak t\u00eb nj\u00eb pune t\u00eb lavd\u00ebrueshme q\u00eb t\u00eb gjith\u00eb njer\u00ebzit kan\u00eb b\u00ebr\u00eb n\u00eb tokat bujq\u00ebsore, kemi edhe territore m\u00eb t\u00eb m\u00ebdha t\u00eb mbjella. Rrjedhimisht, kemi edhe d\u00ebmtime m\u00eb t\u00eb m\u00ebdha. Nevoja p\u00ebr t\u00eb nd\u00ebrhyr\u00eb \u00ebsht\u00eb e domosdoshme, d\u00ebmshp\u00ebrblimi \u00ebsht\u00eb m\u00ebse i domosdosh\u00ebm.<\/span><\/p>\n<p><span style=\"color: #000000;\">\u00cbsht\u00eb detyrim i qeveris\u00eb shqiptare t\u00eb marr\u00eb masat e menj\u00ebhershme p\u00ebr vler\u00ebsimin e d\u00ebmeve dhe d\u00ebmshp\u00ebrblimin e asaj q\u00eb \u00ebsht\u00eb produkti bujq\u00ebsor tashm\u00eb i shkat\u00ebrruar n\u00eb k\u00ebto nj\u00ebsi administrative.<\/span><\/p>\n<p><span style=\"color: #000000;\">N\u00eb vitin 2018, kemi patur nj\u00eb situat\u00eb t\u00eb ngjashme me k\u00ebt\u00eb q\u00eb kemi kaluar k\u00ebto dit\u00eb. N\u00eb vitin 2018 ne nuk kemi patur asnj\u00eb para t\u00eb dh\u00ebn\u00eb si d\u00ebmshp\u00ebrblim p\u00ebr banor\u00ebt. N\u00eb vitin 2018, ne b\u00ebm\u00eb t\u00eb gjitha evidentimet por asnj\u00eb lek nuk u pagua pavar\u00ebsisht se kjo u premtua.<\/span><\/p>\n<p><span style=\"color: #000000;\">Ne kemi pastruar t\u00eb gjitha kanalet e dyta dhe t\u00eb treta kulluese, n\u00eb t\u00eb gjith\u00eb k\u00ebto territore. B\u00ebhet fjal\u00eb p\u00ebr 85% t\u00eb sistemit t\u00eb kullimit t\u00eb pastruar nga Bashkia Shkod\u00ebr. Me kalimin e lumenjve te kanalet kulluese dhe n\u00eb tokat bujq\u00ebsore gjith\u00e7ka d\u00ebmtohet. Prandaj d\u00ebmshp\u00ebrblimi p\u00ebr fermer\u00ebt \u00ebsht\u00eb m\u00ebse nevoj\u00eb. Nga ana tjet\u00ebr Bashkia Shkod\u00ebr k\u00ebrkon t\u00eb gjith\u00eb d\u00ebmshp\u00ebrblimin p\u00ebr pun\u00ebn e realizuar p\u00ebr pastrimin e kanaleve t\u00eb dyta dhe t\u00eb tr\u00ebta.<\/span><\/p>\n<p><span style=\"color: #000000;\">Investimet e domosdoshme t\u00eb munguara duhet t\u00eb alokohen n\u00eb buxhetin e qeveris\u00eb p\u00ebr hapjen e kanaleve t\u00eb para kullues\u00eb gj\u00eb q\u00eb nuk \u00ebsht\u00eb b\u00ebr\u00eb n\u00eb k\u00ebt\u00eb territor, \u00ebsht\u00eb kompetenc\u00eb e Bordit t\u00eb Kullimit dhe e Ministris\u00eb s\u00eb Bujq\u00ebsis\u00eb. Prandaj nd\u00ebrhyrja e koordinuar, sikurse e b\u00ebn Bashkia Shkod\u00ebr p\u00ebr ta mb\u00ebshtetur procesin e kullimit duhet t\u00eb jet\u00eb vazhdim\u00ebsi e investimeve qoft\u00eb n\u00eb kullim por edhe n\u00eb t\u00eb gjith\u00eb veprat mbrojt\u00ebse, t\u00eb cilat q\u00eb n\u00eb vitin 2013 nuk jan\u00eb realizuar, pavar\u00ebsisht k\u00ebrkesave t\u00eb vazhdueshme jo vet\u00ebm t\u00eb Bashkis\u00eb por sidomos t\u00eb banor\u00ebve t\u00eb k\u00ebtyre zonave t\u00eb p\u00ebrmbytura.<\/span><\/p>\n","protected":false,"gt_translate_keys":[{"key":"rendered","format":"html"}]},"excerpt":{"rendered":"<p>Kryetarja e bashkis\u00eb s\u00eb Shkodr\u00ebs Voltana Ademi, ka dal\u00eb n\u00eb nj\u00eb deklarat\u00eb p\u00ebr mediat ku ka k\u00ebrkuar vler\u00ebsimin e d\u00ebmeve, ndihma si dhe d\u00ebmshp\u00ebrblim nga qeveria. Kryebashkiakja tha se me mij\u00ebra hektar\u00eb tok\u00eb jan\u00eb akoma n\u00ebn uj\u00eb, duke r\u00ebnduar situat\u00ebn pos-p\u00ebrmbytje n\u00eb ato territore ku uji ka filluar t\u00eb largohet. Ajo kujtoi edhe p\u00ebrmbytjet e [&hellip;]<\/p>\n","protected":false,"gt_translate_keys":[{"key":"rendered","format":"html"}]},"author":30,"featured_media":423629,"comment_status":"open","ping_status":"open","sticky":false,"template":"","format":"standard","meta":{"footnotes":""},"categories":[65,13],"tags":[],"class_list":["post-423628","post","type-post","status-publish","format-standard","has-post-thumbnail","hentry","category-lajme","category-te-fundit"],"gt_translate_keys":[{"key":"link","format":"url"}],"_links":{"self":[{"href":"https:\/\/www.hashtag.al\/index.php\/wp-json\/wp\/v2\/posts\/423628","targetHints":{"allow":["GET"]}}],"collection":[{"href":"https:\/\/www.hashtag.al\/index.php\/wp-json\/wp\/v2\/posts"}],"about":[{"href":"https:\/\/www.hashtag.al\/index.php\/wp-json\/wp\/v2\/types\/post"}],"author":[{"embeddable":true,"href":"https:\/\/www.hashtag.al\/index.php\/wp-json\/wp\/v2\/users\/30"}],"replies":[{"embeddable":true,"href":"https:\/\/www.hashtag.al\/index.php\/wp-json\/wp\/v2\/comments?post=423628"}],"version-history":[{"count":0,"href":"https:\/\/www.hashtag.al\/index.php\/wp-json\/wp\/v2\/posts\/423628\/revisions"}],"wp:featuredmedia":[{"embeddable":true,"href":"https:\/\/www.hashtag.al\/index.php\/wp-json\/wp\/v2\/media\/423629"}],"wp:attachment":[{"href":"https:\/\/www.hashtag.al\/index.php\/wp-json\/wp\/v2\/media?parent=423628"}],"wp:term":[{"taxonomy":"category","embeddable":true,"href":"https:\/\/www.hashtag.al\/index.php\/wp-json\/wp\/v2\/categories?post=423628"},{"taxonomy":"post_tag","embeddable":true,"href":"https:\/\/www.hashtag.al\/index.php\/wp-json\/wp\/v2\/tags?post=423628"}],"curies":[{"name":"wp","href":"https:\/\/api.w.org\/{rel}","templated":true}]}}