{"id":423487,"date":"2021-01-14T18:34:42","date_gmt":"2021-01-14T17:34:42","guid":{"rendered":"https:\/\/hashtag.al\/?p=423487"},"modified":"2021-01-14T18:34:42","modified_gmt":"2021-01-14T17:34:42","slug":"policia-vret-te-riun-belg-me-ngjyre-protestuesit-djegin-komisariatin-video","status":"publish","type":"post","link":"https:\/\/www.hashtag.al\/index.php\/2021\/01\/14\/policia-vret-te-riun-belg-me-ngjyre-protestuesit-djegin-komisariatin-video\/","title":{"rendered":"Policia vret t\u00eb riun belg me ngjyr\u00eb, protestuesit djegin komisariatin (Video)","gt_translate_keys":[{"key":"rendered","format":"text"}]},"content":{"rendered":"<p><img loading=\"lazy\" decoding=\"async\" class=\"aligncenter size-full wp-image-423488\" src=\"https:\/\/hashtag.al\/wp-content\/uploads\/2021\/01\/policestationfirebelga.jpg\" alt=\"\" width=\"691\" height=\"430\" srcset=\"https:\/\/www.hashtag.al\/wp-content\/uploads\/2021\/01\/policestationfirebelga.jpg 691w, https:\/\/www.hashtag.al\/wp-content\/uploads\/2021\/01\/policestationfirebelga-300x187.jpg 300w\" sizes=\"auto, (max-width: 691px) 100vw, 691px\" \/><\/p>\n<p>Nj\u00eb demonstrim pas nj\u00eb incidenti n\u00eb t\u00eb cilin nj\u00eb i ri me ngjyrw vdiq pak pasi u ndalua nga policia n\u00eb kryeqytetin belg, Bruksel, ka p\u00ebrfunduar n\u00eb p\u00ebrleshje me forcat e zbatimin tw ligjit nd\u00ebrsa protestuesit e zem\u00ebruar dogj\u00ebn nj\u00eb stacion policie.<\/p>\n<p>Ajo q\u00eb filloi si nj\u00eb protest\u00eb paq\u00ebsore u kthye papritur n\u00eb nj\u00eb grindje t\u00eb dhunshme midis demonstruesve dhe policis\u00eb t\u00eb mart\u00ebn. Disa qindra protestues, p\u00ebrfshir\u00eb t\u00eb af\u00ebrmit dhe miqt\u00eb e nj\u00eb t\u00eb riu t\u00eb vdekur t\u00eb identifikuar si Ibrahima Barrie, shkuan n\u00eb nj\u00eb shesh p\u00ebrpara departamentit t\u00eb policis\u00eb t\u00eb Brukselit-Verior p\u00ebr t\u00eb k\u00ebrkuar p\u00ebrgjigje n\u00eb lidhje me vdekjen e 23-vje\u00e7arit.<\/p>\n<div style=\"width: 848px;\" class=\"wp-video\"><video class=\"wp-video-shortcode\" id=\"video-423487-1\" width=\"848\" height=\"416\" preload=\"metadata\" controls=\"controls\"><source type=\"video\/mp4\" src=\"https:\/\/hashtag.al\/wp-content\/uploads\/2021\/01\/NHRZ0JxK6kr1jQF4.mp4?_=1\" \/><a href=\"https:\/\/hashtag.al\/wp-content\/uploads\/2021\/01\/NHRZ0JxK6kr1jQF4.mp4\">https:\/\/hashtag.al\/wp-content\/uploads\/2021\/01\/NHRZ0JxK6kr1jQF4.mp4<\/a><\/video><\/div>\n<p>Demonstrata u kthye n\u00eb dhun\u00eb, megjithat\u00eb, kur nj\u00eb grup t\u00eb rinjsh filluan t\u00eb vinin n\u00eb sh\u00ebnjest\u00ebr policin\u00eb me fishekzjarre dhe gur\u00eb, nd\u00ebrsa b\u00ebrtisnin: &#8220;polici, vras\u00ebse!&#8221; Sipas disa raporteve, grupi k\u00ebrkoi t\u00eb ndahej nga turma kryesore dhe t\u00eb organizonte nj\u00eb marshim. Sidoqoft\u00eb, protestuesit u lejuan t\u00eb mblidheshin vet\u00ebm n\u00eb shesh dhe policia rrethoi rrug\u00ebt aty pran\u00eb dhe nuk e la grupin t\u00eb kalonte.<\/p>\n<p>Media lokale raportuan se demonstruesit mor\u00ebn materiale nd\u00ebrtimi nga nj\u00eb kantier nd\u00ebrtimi, t\u00eb cilin ata e p\u00ebrdor\u00ebn p\u00ebr t&#8217;u hedhur oficer\u00ebve. Nj\u00eb makin\u00eb policie u d\u00ebmtua dhe disa kontejner\u00eb mbeturinash u dogj\u00ebn gjat\u00eb p\u00ebrleshjeve. Policia u p\u00ebrgjigj duke p\u00ebrdorur uj\u00eb kund\u00ebr protestuesve.<\/p>\n<p>Organizator\u00ebt, Shoqata e Guineasve t\u00eb Rinj t\u00eb Belgjik\u00ebs, u p\u00ebrpoq\u00ebn t\u00eb qet\u00ebsonin gj\u00ebrat, por pa rezultat. Videot e publikuara n\u00eb mediat sociale tregojn\u00eb se policia bllokon rrug\u00ebt me minibusa, me ato q\u00eb duket se jan\u00eb duke djegur barrikada dhe duke shp\u00ebrthyer fishekzjarre n\u00eb sfond.<\/p>\n<div style=\"width: 320px;\" class=\"wp-video\"><video class=\"wp-video-shortcode\" id=\"video-423487-2\" width=\"320\" height=\"600\" preload=\"metadata\" controls=\"controls\"><source type=\"video\/mp4\" src=\"https:\/\/hashtag.al\/wp-content\/uploads\/2021\/01\/IUgrg8dAz2Y-lgz.mp4?_=2\" \/><a href=\"https:\/\/hashtag.al\/wp-content\/uploads\/2021\/01\/IUgrg8dAz2Y-lgz.mp4\">https:\/\/hashtag.al\/wp-content\/uploads\/2021\/01\/IUgrg8dAz2Y-lgz.mp4<\/a><\/video><\/div>\n","protected":false,"gt_translate_keys":[{"key":"rendered","format":"html"}]},"excerpt":{"rendered":"<p>Nj\u00eb demonstrim pas nj\u00eb incidenti n\u00eb t\u00eb cilin nj\u00eb i ri me ngjyrw vdiq pak pasi u ndalua nga policia n\u00eb kryeqytetin belg, Bruksel, ka p\u00ebrfunduar n\u00eb p\u00ebrleshje me forcat e zbatimin tw ligjit nd\u00ebrsa protestuesit e zem\u00ebruar dogj\u00ebn nj\u00eb stacion policie. Ajo q\u00eb filloi si nj\u00eb protest\u00eb paq\u00ebsore u kthye papritur n\u00eb nj\u00eb grindje [&hellip;]<\/p>\n","protected":false,"gt_translate_keys":[{"key":"rendered","format":"html"}]},"author":32,"featured_media":423488,"comment_status":"open","ping_status":"open","sticky":false,"template":"","format":"standard","meta":{"footnotes":""},"categories":[6,13],"tags":[],"class_list":["post-423487","post","type-post","status-publish","format-standard","has-post-thumbnail","hentry","category-nderkombetare","category-te-fundit"],"gt_translate_keys":[{"key":"link","format":"url"}],"_links":{"self":[{"href":"https:\/\/www.hashtag.al\/index.php\/wp-json\/wp\/v2\/posts\/423487","targetHints":{"allow":["GET"]}}],"collection":[{"href":"https:\/\/www.hashtag.al\/index.php\/wp-json\/wp\/v2\/posts"}],"about":[{"href":"https:\/\/www.hashtag.al\/index.php\/wp-json\/wp\/v2\/types\/post"}],"author":[{"embeddable":true,"href":"https:\/\/www.hashtag.al\/index.php\/wp-json\/wp\/v2\/users\/32"}],"replies":[{"embeddable":true,"href":"https:\/\/www.hashtag.al\/index.php\/wp-json\/wp\/v2\/comments?post=423487"}],"version-history":[{"count":0,"href":"https:\/\/www.hashtag.al\/index.php\/wp-json\/wp\/v2\/posts\/423487\/revisions"}],"wp:featuredmedia":[{"embeddable":true,"href":"https:\/\/www.hashtag.al\/index.php\/wp-json\/wp\/v2\/media\/423488"}],"wp:attachment":[{"href":"https:\/\/www.hashtag.al\/index.php\/wp-json\/wp\/v2\/media?parent=423487"}],"wp:term":[{"taxonomy":"category","embeddable":true,"href":"https:\/\/www.hashtag.al\/index.php\/wp-json\/wp\/v2\/categories?post=423487"},{"taxonomy":"post_tag","embeddable":true,"href":"https:\/\/www.hashtag.al\/index.php\/wp-json\/wp\/v2\/tags?post=423487"}],"curies":[{"name":"wp","href":"https:\/\/api.w.org\/{rel}","templated":true}]}}