{"id":423285,"date":"2021-01-13T21:02:21","date_gmt":"2021-01-13T20:02:21","guid":{"rendered":"https:\/\/hashtag.al\/?p=423285"},"modified":"2021-01-13T21:02:21","modified_gmt":"2021-01-13T20:02:21","slug":"papa-vaksinohet-kunder-covid-19","status":"publish","type":"post","link":"https:\/\/www.hashtag.al\/index.php\/2021\/01\/13\/papa-vaksinohet-kunder-covid-19\/","title":{"rendered":"Papa vaksinohet kund\u00ebr Covid-19","gt_translate_keys":[{"key":"rendered","format":"text"}]},"content":{"rendered":"<p><img loading=\"lazy\" decoding=\"async\" class=\"aligncenter size-full wp-image-423286\" src=\"https:\/\/hashtag.al\/wp-content\/uploads\/2021\/01\/papa.jpg\" alt=\"\" width=\"457\" height=\"304\" srcset=\"https:\/\/www.hashtag.al\/wp-content\/uploads\/2021\/01\/papa.jpg 457w, https:\/\/www.hashtag.al\/wp-content\/uploads\/2021\/01\/papa-300x200.jpg 300w\" sizes=\"auto, (max-width: 457px) 100vw, 457px\" \/><\/p>\n<p>Papa Fran\u00e7esku \u00ebsht\u00eb b\u00ebr\u00eb personi i radh\u00ebs i r\u00ebnd\u00ebsish\u00ebm q\u00eb \u00ebsht\u00eb vaksinuar kund\u00ebr Covid-19<\/p>\n<p><a href=\"https:\/\/www.ansa.it\/english\/news\/vatican\/2021\/01\/13\/pope-gets-covid-jab_ec6fdafd-5e85-4238-ba74-7ab444395544.html\">Mediat ialiane<\/a> kan\u00eb publikuar lajmin p\u00ebr vaksinimin e Pap\u00ebs.<\/p>\n<p>Vaksinat e Pfizer\/ BionTech kan\u00eb mb\u00ebrritur tashm\u00eb n\u00eb Vatikan dhe fushata e imunizimit nisi n\u00eb Aula Paolo VI.<\/p>\n<p>Do t\u00eb vaksinohen si qytetar\u00ebt e Vatikanit, q\u00eb jan\u00eb gati 600, ashtu dhe rreth 5 mij\u00eb punonj\u00ebs bashk\u00eb me t\u00eb af\u00ebrmit e tyre. P\u00ebr t\u00eb ruajtur vaksinat, jan\u00eb bler\u00eb frigorifer\u00eb t\u00eb posa\u00e7\u00ebm p\u00ebr temperatura tejet t\u00eb ul\u00ebta.<\/p>\n<p>Vet\u00eb Papa e kishte p\u00ebrmendur k\u00ebt\u00eb gj\u00eb pak dit\u00eb m\u00eb par\u00eb. \u201c Besoj se \u00ebshtq\u00eb etike q\u00eb vaksin\u00ebn ta marrin t\u00eb gjith\u00eb, sepse nuk \u00ebsht\u00eb n\u00eb loj\u00eb vet\u00ebm sh\u00ebndeti yt dhe jeta jote, por edhe ajo e t\u00eb tjer\u00ebve. Nuk e kuptoj p\u00ebrse disa thon\u00eb se vaksina \u00ebsht\u00eb e rrezikshme, kur jan\u00eb vet\u00eb mjek\u00ebt ata q\u00eb ta ofrojn\u00eb\u201d, u shpreh Kreu i Kish\u00ebs Katolike.<\/p>\n","protected":false,"gt_translate_keys":[{"key":"rendered","format":"html"}]},"excerpt":{"rendered":"<p>Papa Fran\u00e7esku \u00ebsht\u00eb b\u00ebr\u00eb personi i radh\u00ebs i r\u00ebnd\u00ebsish\u00ebm q\u00eb \u00ebsht\u00eb vaksinuar kund\u00ebr Covid-19 Mediat ialiane kan\u00eb publikuar lajmin p\u00ebr vaksinimin e Pap\u00ebs. Vaksinat e Pfizer\/ BionTech kan\u00eb mb\u00ebrritur tashm\u00eb n\u00eb Vatikan dhe fushata e imunizimit nisi n\u00eb Aula Paolo VI. Do t\u00eb vaksinohen si qytetar\u00ebt e Vatikanit, q\u00eb jan\u00eb gati 600, ashtu dhe rreth [&hellip;]<\/p>\n","protected":false,"gt_translate_keys":[{"key":"rendered","format":"html"}]},"author":32,"featured_media":423286,"comment_status":"open","ping_status":"open","sticky":false,"template":"","format":"standard","meta":{"footnotes":""},"categories":[6,13],"tags":[],"class_list":["post-423285","post","type-post","status-publish","format-standard","has-post-thumbnail","hentry","category-nderkombetare","category-te-fundit"],"gt_translate_keys":[{"key":"link","format":"url"}],"_links":{"self":[{"href":"https:\/\/www.hashtag.al\/index.php\/wp-json\/wp\/v2\/posts\/423285","targetHints":{"allow":["GET"]}}],"collection":[{"href":"https:\/\/www.hashtag.al\/index.php\/wp-json\/wp\/v2\/posts"}],"about":[{"href":"https:\/\/www.hashtag.al\/index.php\/wp-json\/wp\/v2\/types\/post"}],"author":[{"embeddable":true,"href":"https:\/\/www.hashtag.al\/index.php\/wp-json\/wp\/v2\/users\/32"}],"replies":[{"embeddable":true,"href":"https:\/\/www.hashtag.al\/index.php\/wp-json\/wp\/v2\/comments?post=423285"}],"version-history":[{"count":0,"href":"https:\/\/www.hashtag.al\/index.php\/wp-json\/wp\/v2\/posts\/423285\/revisions"}],"wp:featuredmedia":[{"embeddable":true,"href":"https:\/\/www.hashtag.al\/index.php\/wp-json\/wp\/v2\/media\/423286"}],"wp:attachment":[{"href":"https:\/\/www.hashtag.al\/index.php\/wp-json\/wp\/v2\/media?parent=423285"}],"wp:term":[{"taxonomy":"category","embeddable":true,"href":"https:\/\/www.hashtag.al\/index.php\/wp-json\/wp\/v2\/categories?post=423285"},{"taxonomy":"post_tag","embeddable":true,"href":"https:\/\/www.hashtag.al\/index.php\/wp-json\/wp\/v2\/tags?post=423285"}],"curies":[{"name":"wp","href":"https:\/\/api.w.org\/{rel}","templated":true}]}}