{"id":423137,"date":"2021-01-13T10:01:08","date_gmt":"2021-01-13T09:01:08","guid":{"rendered":"https:\/\/hashtag.al\/?p=423137"},"modified":"2021-01-13T10:01:08","modified_gmt":"2021-01-13T09:01:08","slug":"jep-doreheqjen-ministri-i-ekonomise-dhe-ambientit-ne-kosove","status":"publish","type":"post","link":"https:\/\/www.hashtag.al\/index.php\/2021\/01\/13\/jep-doreheqjen-ministri-i-ekonomise-dhe-ambientit-ne-kosove\/","title":{"rendered":"Jep dor\u00ebheqjen ministri i Ekonomis\u00eb dhe Ambientit n\u00eb Kosov\u00eb","gt_translate_keys":[{"key":"rendered","format":"text"}]},"content":{"rendered":"<p><span style=\"color: #000000;\"><a href=\"https:\/\/hashtag.al\/wp-content\/uploads\/2021\/01\/Blerim-Kuci.jpg\"><img loading=\"lazy\" decoding=\"async\" class=\"aligncenter size-full wp-image-423138\" src=\"https:\/\/hashtag.al\/wp-content\/uploads\/2021\/01\/Blerim-Kuci.jpg\" alt=\"\" width=\"2734\" height=\"1906\" srcset=\"https:\/\/www.hashtag.al\/wp-content\/uploads\/2021\/01\/Blerim-Kuci.jpg 2734w, https:\/\/www.hashtag.al\/wp-content\/uploads\/2021\/01\/Blerim-Kuci-300x209.jpg 300w, https:\/\/www.hashtag.al\/wp-content\/uploads\/2021\/01\/Blerim-Kuci-768x535.jpg 768w, https:\/\/www.hashtag.al\/wp-content\/uploads\/2021\/01\/Blerim-Kuci-1024x714.jpg 1024w\" sizes=\"auto, (max-width: 2734px) 100vw, 2734px\" \/><\/a>Ministri i Ekonomis\u00eb dhe i Ambientit n\u00eb Kosov\u00eb, Blerim Ku\u00e7i ka dh\u00ebn\u00eb dor\u00ebheqjen.<\/span><\/p>\n<p><span style=\"color: #000000;\">Lajmin e ka konfirmuar vet\u00eb Ku\u00e7i, i cili thot\u00eb se ka k\u00ebrkuar q\u00eb t\u00eb lirohet nga detyra p\u00ebr shkak t\u00eb angazhimeve t\u00eb tij n\u00eb fushat\u00ebn parazgjedhore.<\/span><\/p>\n<p><span style=\"color: #000000;\"><em>\u201cUn\u00eb vet kam k\u00ebrkuar t\u00eb lirohem nga detyra, pasi nuk mundem n\u00eb nj\u00eb Ministri kaq t\u00eb r\u00ebnd\u00ebsishme t\u00eb kryej detyrat e mia si minist\u00ebr dhe t\u00eb angazhohem n\u00eb fushat\u00eb\u201d<\/em>, ka th\u00ebn\u00eb Ku\u00e7i p\u00ebr Front Online.<\/span><\/p>\n<p><span style=\"color: #000000;\">Ku\u00e7i \u00ebsht\u00eb pjes\u00eb e partis\u00eb Aleanca p\u00ebr Ardhm\u00ebrin\u00eb e Kosov\u00ebs (AAK), e ish-kryeministrit Ramush Haradinaj.<\/span><\/p>\n<p><span style=\"color: #000000;\">Ku\u00e7i ka deklaruar se nuk do t\u00eb jet\u00eb pjes\u00eb e list\u00ebs s\u00eb AAK-s\u00eb p\u00ebr deputet, por vet\u00ebm pjes\u00eb e Shtabit Zgjedhor.<\/span><\/p>\n","protected":false,"gt_translate_keys":[{"key":"rendered","format":"html"}]},"excerpt":{"rendered":"<p>Ministri i Ekonomis\u00eb dhe i Ambientit n\u00eb Kosov\u00eb, Blerim Ku\u00e7i ka dh\u00ebn\u00eb dor\u00ebheqjen. Lajmin e ka konfirmuar vet\u00eb Ku\u00e7i, i cili thot\u00eb se ka k\u00ebrkuar q\u00eb t\u00eb lirohet nga detyra p\u00ebr shkak t\u00eb angazhimeve t\u00eb tij n\u00eb fushat\u00ebn parazgjedhore. \u201cUn\u00eb vet kam k\u00ebrkuar t\u00eb lirohem nga detyra, pasi nuk mundem n\u00eb nj\u00eb Ministri kaq t\u00eb [&hellip;]<\/p>\n","protected":false,"gt_translate_keys":[{"key":"rendered","format":"html"}]},"author":30,"featured_media":423138,"comment_status":"open","ping_status":"open","sticky":false,"template":"","format":"standard","meta":{"footnotes":""},"categories":[149,13],"tags":[],"class_list":["post-423137","post","type-post","status-publish","format-standard","has-post-thumbnail","hentry","category-kosoverajon","category-te-fundit"],"gt_translate_keys":[{"key":"link","format":"url"}],"_links":{"self":[{"href":"https:\/\/www.hashtag.al\/index.php\/wp-json\/wp\/v2\/posts\/423137","targetHints":{"allow":["GET"]}}],"collection":[{"href":"https:\/\/www.hashtag.al\/index.php\/wp-json\/wp\/v2\/posts"}],"about":[{"href":"https:\/\/www.hashtag.al\/index.php\/wp-json\/wp\/v2\/types\/post"}],"author":[{"embeddable":true,"href":"https:\/\/www.hashtag.al\/index.php\/wp-json\/wp\/v2\/users\/30"}],"replies":[{"embeddable":true,"href":"https:\/\/www.hashtag.al\/index.php\/wp-json\/wp\/v2\/comments?post=423137"}],"version-history":[{"count":0,"href":"https:\/\/www.hashtag.al\/index.php\/wp-json\/wp\/v2\/posts\/423137\/revisions"}],"wp:featuredmedia":[{"embeddable":true,"href":"https:\/\/www.hashtag.al\/index.php\/wp-json\/wp\/v2\/media\/423138"}],"wp:attachment":[{"href":"https:\/\/www.hashtag.al\/index.php\/wp-json\/wp\/v2\/media?parent=423137"}],"wp:term":[{"taxonomy":"category","embeddable":true,"href":"https:\/\/www.hashtag.al\/index.php\/wp-json\/wp\/v2\/categories?post=423137"},{"taxonomy":"post_tag","embeddable":true,"href":"https:\/\/www.hashtag.al\/index.php\/wp-json\/wp\/v2\/tags?post=423137"}],"curies":[{"name":"wp","href":"https:\/\/api.w.org\/{rel}","templated":true}]}}