{"id":423053,"date":"2021-01-12T19:23:32","date_gmt":"2021-01-12T18:23:32","guid":{"rendered":"https:\/\/hashtag.al\/?p=423053"},"modified":"2021-01-12T19:23:32","modified_gmt":"2021-01-12T18:23:32","slug":"qelloi-me-arme-dhe-u-largua-policia-identifikon-autorin-ne-kurbin","status":"publish","type":"post","link":"https:\/\/www.hashtag.al\/index.php\/2021\/01\/12\/qelloi-me-arme-dhe-u-largua-policia-identifikon-autorin-ne-kurbin\/","title":{"rendered":"Q\u00eblloi me arm\u00eb dhe u largua, policia identifikon autorin n\u00eb Kurbin","gt_translate_keys":[{"key":"rendered","format":"text"}]},"content":{"rendered":"<p><img loading=\"lazy\" decoding=\"async\" class=\"aligncenter size-full wp-image-404816\" src=\"https:\/\/hashtag.al\/wp-content\/uploads\/2020\/10\/POLICIA.jpg\" alt=\"\" width=\"512\" height=\"244\" srcset=\"https:\/\/www.hashtag.al\/wp-content\/uploads\/2020\/10\/POLICIA.jpg 512w, https:\/\/www.hashtag.al\/wp-content\/uploads\/2020\/10\/POLICIA-300x143.jpg 300w\" sizes=\"auto, (max-width: 512px) 100vw, 512px\" \/><\/p>\n<p><span style=\"color: #000000;\">Policia ka identifikuar t\u00eb riun i cili dyshohet se ka q\u00eblluar n\u00eb aj\u00ebr n\u00eb Kurbin.<\/span><\/p>\n<p><span style=\"color: #000000;\">Shtetasi A.B 20-vje\u00e7 dyshohet se pas nj\u00eb konflikti t\u00eb \u00e7astit me shtetasin E.P 18 vje\u00e7 ka q\u00eblluar n\u00eb aj\u00ebr dhe m\u00eb pas \u00ebsht\u00eb larguar me shpejt\u00ebsi.<\/span><\/p>\n<p><span style=\"color: #000000;\">\u201c<em>Q\u00eblloi me arm\u00eb zjarri n\u00eb aj\u00ebr pas nj\u00eb konflikti t\u00eb \u00e7astit, identifikohet dhe shpallet n\u00eb k\u00ebrkim autori i dyshuar . M\u00eb dat\u00eb 12.01.2021, n\u00eb fshatin Adriatik, Kurbin shtetasi A.B.,20 vje\u00e7, dyshohet se pas nj\u00eb konflikti t\u00eb \u00e7astit me shtetasin E.P., 18 vje\u00e7 ka q\u00eblluar me arm\u00eb zjarri n\u00eb aj\u00ebr dhe m\u00eb pas \u00ebsht\u00eb larguar me shpejt\u00ebsi.<\/em><\/span><\/p>\n<p><span style=\"color: #000000;\"><em>Pas marrjes s\u00eb informacionit menj\u00ebher\u00eb n\u00eb vendngjarje kan\u00eb mb\u00ebrritur sh\u00ebrbimet e policis\u00eb ku fal\u00eb veprimeve t\u00eb shpejta b\u00ebn\u00eb identifikimin e autorit t\u00eb dyshuar.<\/em><\/span><\/p>\n<p><span style=\"color: #000000;\"><em>Grupi hetimor n\u00ebn drejtimin e Prokuroris\u00eb po vijon pun\u00ebn p\u00ebr zbardhjen e plot\u00eb t\u00eb rrethanave t\u00eb ngjarjes.<\/em><\/span><\/p>\n<p><span style=\"color: #000000;\"><em>Nd\u00ebrkoh\u00eb sh\u00ebrbimet e Policis\u00eb po krehin zon\u00ebn p\u00ebr kapjen e 20 vje\u00e7arit si dhe gjetjen e sekuestrimin e\u00a0 arm\u00ebs s\u00eb zjarrit\u00a0 me t\u00eb cil\u00ebn ka q\u00eblluar n\u00eb aj\u00ebr<\/em>\u201d-njofton policia.<\/span><\/p>\n<p>&nbsp;<\/p>\n","protected":false,"gt_translate_keys":[{"key":"rendered","format":"html"}]},"excerpt":{"rendered":"<p>Policia ka identifikuar t\u00eb riun i cili dyshohet se ka q\u00eblluar n\u00eb aj\u00ebr n\u00eb Kurbin. Shtetasi A.B 20-vje\u00e7 dyshohet se pas nj\u00eb konflikti t\u00eb \u00e7astit me shtetasin E.P 18 vje\u00e7 ka q\u00eblluar n\u00eb aj\u00ebr dhe m\u00eb pas \u00ebsht\u00eb larguar me shpejt\u00ebsi. \u201cQ\u00eblloi me arm\u00eb zjarri n\u00eb aj\u00ebr pas nj\u00eb konflikti t\u00eb \u00e7astit, identifikohet dhe shpallet [&hellip;]<\/p>\n","protected":false,"gt_translate_keys":[{"key":"rendered","format":"html"}]},"author":32,"featured_media":404816,"comment_status":"open","ping_status":"open","sticky":false,"template":"","format":"standard","meta":{"footnotes":""},"categories":[65,13],"tags":[],"class_list":["post-423053","post","type-post","status-publish","format-standard","has-post-thumbnail","hentry","category-lajme","category-te-fundit"],"gt_translate_keys":[{"key":"link","format":"url"}],"_links":{"self":[{"href":"https:\/\/www.hashtag.al\/index.php\/wp-json\/wp\/v2\/posts\/423053","targetHints":{"allow":["GET"]}}],"collection":[{"href":"https:\/\/www.hashtag.al\/index.php\/wp-json\/wp\/v2\/posts"}],"about":[{"href":"https:\/\/www.hashtag.al\/index.php\/wp-json\/wp\/v2\/types\/post"}],"author":[{"embeddable":true,"href":"https:\/\/www.hashtag.al\/index.php\/wp-json\/wp\/v2\/users\/32"}],"replies":[{"embeddable":true,"href":"https:\/\/www.hashtag.al\/index.php\/wp-json\/wp\/v2\/comments?post=423053"}],"version-history":[{"count":0,"href":"https:\/\/www.hashtag.al\/index.php\/wp-json\/wp\/v2\/posts\/423053\/revisions"}],"wp:featuredmedia":[{"embeddable":true,"href":"https:\/\/www.hashtag.al\/index.php\/wp-json\/wp\/v2\/media\/404816"}],"wp:attachment":[{"href":"https:\/\/www.hashtag.al\/index.php\/wp-json\/wp\/v2\/media?parent=423053"}],"wp:term":[{"taxonomy":"category","embeddable":true,"href":"https:\/\/www.hashtag.al\/index.php\/wp-json\/wp\/v2\/categories?post=423053"},{"taxonomy":"post_tag","embeddable":true,"href":"https:\/\/www.hashtag.al\/index.php\/wp-json\/wp\/v2\/tags?post=423053"}],"curies":[{"name":"wp","href":"https:\/\/api.w.org\/{rel}","templated":true}]}}