{"id":423047,"date":"2021-01-12T18:46:30","date_gmt":"2021-01-12T17:46:30","guid":{"rendered":"https:\/\/hashtag.al\/?p=423047"},"modified":"2021-01-12T18:46:30","modified_gmt":"2021-01-12T17:46:30","slug":"akr-ja-do-garoje-me-kandidate-ne-listat-e-ldk-se-pacolli-dhe-mustafa-arrijne-marreveshjen","status":"publish","type":"post","link":"https:\/\/www.hashtag.al\/index.php\/2021\/01\/12\/akr-ja-do-garoje-me-kandidate-ne-listat-e-ldk-se-pacolli-dhe-mustafa-arrijne-marreveshjen\/","title":{"rendered":"AKR-ja do garoj\u00eb me kandidat\u00eb n\u00eb listat e LDK-s\u00eb, Pacolli dhe Mustafa arrijn\u00eb marr\u00ebveshjen","gt_translate_keys":[{"key":"rendered","format":"text"}]},"content":{"rendered":"<p><img loading=\"lazy\" decoding=\"async\" class=\"aligncenter size-full wp-image-423048\" src=\"https:\/\/hashtag.al\/wp-content\/uploads\/2021\/01\/pacolli-mustafa-160517_2083-840x420.jpg\" alt=\"\" width=\"840\" height=\"420\" srcset=\"https:\/\/www.hashtag.al\/wp-content\/uploads\/2021\/01\/pacolli-mustafa-160517_2083-840x420.jpg 840w, https:\/\/www.hashtag.al\/wp-content\/uploads\/2021\/01\/pacolli-mustafa-160517_2083-840x420-300x150.jpg 300w, https:\/\/www.hashtag.al\/wp-content\/uploads\/2021\/01\/pacolli-mustafa-160517_2083-840x420-768x384.jpg 768w\" sizes=\"auto, (max-width: 840px) 100vw, 840px\" \/><\/p>\n<p><span style=\"color: #000000;\">Aleanca Kosova e Re dhe Lidhja Demokratike e Kosov\u00ebs kan\u00eb arritur marr\u00ebveshje.<\/span><\/p>\n<p><span style=\"color: #000000;\">N\u00eb baz\u00eb t\u00eb s\u00eb nj\u00ebjt\u00ebs, AKR do t\u00eb garoj\u00eb n\u00eb list\u00ebn zgjedhore t\u00eb LDK-s\u00eb me 10 kandidat\u00eb.<\/span><\/p>\n<p><span style=\"color: #000000;\">K\u00ebt\u00eb e ka konfirmuar edhe Vesel Makolli nga AKR. Ai ka th\u00ebn\u00eb se ka pasur diskutime deri n\u00eb momentet e fundit, por q\u00eb \u00ebsht\u00eb arritur marr\u00ebveshja.<\/span><\/p>\n<p><span style=\"color: #000000;\">\u201cKemi pas diskutime deri n\u00eb momentet e fundit, por q\u00eb \u00ebsht\u00eb arritur marr\u00ebveshja. Do t\u2019i kemi 10 emra n\u00eb List\u00ebn e P\u00ebrbashk\u00ebt\u201d, ka th\u00ebn\u00eb Makolli p\u00ebr lajmi.net.<\/span><\/p>\n<p><span style=\"color: #000000;\">Ndryshe, paraprakisht partia e Behgjet Pacollit ishte shprehur se preferon koalicion me LDK-n\u00eb, para se t\u2019i bashk\u00ebngjitet list\u00ebs s\u00eb k\u00ebsaj t\u00eb fundit.<\/span><\/p>\n<p><span style=\"color: #000000;\">Sidoqoft\u00eb, nga LDK nuk ishin shprehur t\u00eb gatsh\u00ebm p\u00ebr koalicion dhe k\u00ebsisoj marr\u00ebveshja \u00ebsht\u00eb arritur p\u00ebr list\u00eb t\u00eb p\u00ebrbashk\u00ebt.<\/span><\/p>\n","protected":false,"gt_translate_keys":[{"key":"rendered","format":"html"}]},"excerpt":{"rendered":"<p>Aleanca Kosova e Re dhe Lidhja Demokratike e Kosov\u00ebs kan\u00eb arritur marr\u00ebveshje. N\u00eb baz\u00eb t\u00eb s\u00eb nj\u00ebjt\u00ebs, AKR do t\u00eb garoj\u00eb n\u00eb list\u00ebn zgjedhore t\u00eb LDK-s\u00eb me 10 kandidat\u00eb. K\u00ebt\u00eb e ka konfirmuar edhe Vesel Makolli nga AKR. Ai ka th\u00ebn\u00eb se ka pasur diskutime deri n\u00eb momentet e fundit, por q\u00eb \u00ebsht\u00eb arritur marr\u00ebveshja. [&hellip;]<\/p>\n","protected":false,"gt_translate_keys":[{"key":"rendered","format":"html"}]},"author":32,"featured_media":423048,"comment_status":"open","ping_status":"open","sticky":false,"template":"","format":"standard","meta":{"footnotes":""},"categories":[149,13],"tags":[],"class_list":["post-423047","post","type-post","status-publish","format-standard","has-post-thumbnail","hentry","category-kosoverajon","category-te-fundit"],"gt_translate_keys":[{"key":"link","format":"url"}],"_links":{"self":[{"href":"https:\/\/www.hashtag.al\/index.php\/wp-json\/wp\/v2\/posts\/423047","targetHints":{"allow":["GET"]}}],"collection":[{"href":"https:\/\/www.hashtag.al\/index.php\/wp-json\/wp\/v2\/posts"}],"about":[{"href":"https:\/\/www.hashtag.al\/index.php\/wp-json\/wp\/v2\/types\/post"}],"author":[{"embeddable":true,"href":"https:\/\/www.hashtag.al\/index.php\/wp-json\/wp\/v2\/users\/32"}],"replies":[{"embeddable":true,"href":"https:\/\/www.hashtag.al\/index.php\/wp-json\/wp\/v2\/comments?post=423047"}],"version-history":[{"count":0,"href":"https:\/\/www.hashtag.al\/index.php\/wp-json\/wp\/v2\/posts\/423047\/revisions"}],"wp:featuredmedia":[{"embeddable":true,"href":"https:\/\/www.hashtag.al\/index.php\/wp-json\/wp\/v2\/media\/423048"}],"wp:attachment":[{"href":"https:\/\/www.hashtag.al\/index.php\/wp-json\/wp\/v2\/media?parent=423047"}],"wp:term":[{"taxonomy":"category","embeddable":true,"href":"https:\/\/www.hashtag.al\/index.php\/wp-json\/wp\/v2\/categories?post=423047"},{"taxonomy":"post_tag","embeddable":true,"href":"https:\/\/www.hashtag.al\/index.php\/wp-json\/wp\/v2\/tags?post=423047"}],"curies":[{"name":"wp","href":"https:\/\/api.w.org\/{rel}","templated":true}]}}