{"id":423044,"date":"2021-01-12T18:33:28","date_gmt":"2021-01-12T17:33:28","guid":{"rendered":"https:\/\/hashtag.al\/?p=423044"},"modified":"2021-01-12T18:33:28","modified_gmt":"2021-01-12T17:33:28","slug":"rama-i-pakenaqur-me-sjelljen-e-be-se-per-vaksinat-soreca-te-habitur-nga-deklarata-e-kryeministrit","status":"publish","type":"post","link":"https:\/\/www.hashtag.al\/index.php\/2021\/01\/12\/rama-i-pakenaqur-me-sjelljen-e-be-se-per-vaksinat-soreca-te-habitur-nga-deklarata-e-kryeministrit\/","title":{"rendered":"Rama i pak\u00ebnaqur me sjelljen e BE-s\u00eb p\u00ebr vaksinat, Soreca: T\u00eb habitur nga deklarata e Kryeministrit","gt_translate_keys":[{"key":"rendered","format":"text"}]},"content":{"rendered":"<p><img loading=\"lazy\" decoding=\"async\" class=\"aligncenter size-full wp-image-423045\" src=\"https:\/\/hashtag.al\/wp-content\/uploads\/2021\/01\/soreca.jpg\" alt=\"\" width=\"1023\" height=\"575\" srcset=\"https:\/\/www.hashtag.al\/wp-content\/uploads\/2021\/01\/soreca.jpg 1023w, https:\/\/www.hashtag.al\/wp-content\/uploads\/2021\/01\/soreca-300x169.jpg 300w, https:\/\/www.hashtag.al\/wp-content\/uploads\/2021\/01\/soreca-768x432.jpg 768w\" sizes=\"auto, (max-width: 1023px) 100vw, 1023px\" \/><\/p>\n<p><span style=\"color: #000000;\">Ambasadori i Bashkimit Evorpian n\u00eb Shqip\u00ebri, Luigi Soreca gjat\u00eb nj\u00eb interviste p\u00ebr Z\u00ebrin e Amerik\u00ebs \u00ebsht\u00eb p\u00ebrgjigjur edhe pyetjes mbi deklarat\u00ebn e pak\u00ebnaq\u00ebsis\u00eb s\u00eb Kryeministrit Edi Rama kundrjet Unionit p\u00ebr vaksinat anti-covid.<\/span><\/p>\n<p><span style=\"color: #000000;\">Soreca tha se u habit nga kritikat kryeministrit Rama nd\u00ebrkoh\u00eb q\u00eb p\u00ebrmendi gjith\u00eb ndihm\u00ebn e dh\u00ebn\u00eb nga BE-ja p\u00ebr t\u00ebrmetin n\u00eb fillim dhe m\u00eb pas edhe p\u00ebr pandemin\u00eb.<\/span><\/p>\n<p><span style=\"color: #000000;\">\u201c<em>M\u00eb duhet ta pranoj se u habit\u00ebm nga deklarata e dh\u00ebn\u00eb nga kryeministri n\u00eb fillim t\u00eb vitit, ve\u00e7an\u00ebrisht pasi solidariteti i Bashkimit Evropian nuk ka qen\u00eb kurr\u00eb aq i duksh\u00ebm sa n\u00eb vitin 2020. Pas disa dit\u00ebsh kemi p\u00ebrvjetorin e par\u00eb t\u00eb Konferenc\u00ebs s\u00eb Donator\u00ebve n\u00eb Bruksel, pas t\u00ebrmetit tragjik t\u00eb n\u00ebntorit 2019, kur Bashkimi Evropian mblodhi aq shum\u00eb aktor\u00eb p\u00ebr t\u00eb v\u00ebn\u00eb n\u00eb dispozicion t\u00eb Shqip\u00ebris\u00eb m\u00eb shum\u00eb se 1 miliard\u00eb euro dhe menj\u00ebher\u00eb 115 milion\u00eb euro nga Komisioni Evropian, q\u00eb tani, pas nj\u00eb viti, po japin rezultate konkrete n\u00eb terren, n\u00eb fushat e kultur\u00ebs dhe arsimit.<\/em><\/span><\/p>\n<p><span style=\"color: #000000;\"><em>M\u00eb pas, vjen ndihma e Bashkimit Evropian gjat\u00eb pandemis\u00eb s\u00ebCovid19. T\u00eb gjith\u00eb e kan\u00eb par\u00eb sasin\u00eb e pajisjeve mjek\u00ebsore. Un\u00eb vet\u00eb kam b\u00ebr\u00eb shtat\u00eb dhurime pajisjesh, q\u00eb u kan\u00eb mund\u00ebsuar shqiptar\u00ebve ta p\u00ebrballojn\u00eb k\u00ebt\u00eb periudh\u00eb. Pastaj Plani Ekonomik dhe i Investimeve, me 9 miliard\u00eb euro p\u00ebr tre vitet e ardhshme. N\u00eb \u00e7astin kur nisi vaksinimi, ndryshe nga partner\u00ebt e tjer\u00eb, Bashkimi Evropian nuk e mbylli der\u00ebn p\u00ebr ndihm\u00ebn me vaksinimin, p\u00ebrkundrazi, vuri menj\u00ebher\u00eb n\u00eb dispozicion 70 milion\u00eb euro q\u00eb jan\u00eb t\u00eb disponueshme p\u00ebr vendet e rajonit, p\u00ebrfshir\u00eb Shqip\u00ebrin\u00eb, q\u00eb do t\u00eb marr\u00eb nj\u00eb sasi t\u00eb r\u00ebnd\u00ebsishme t\u00eb k\u00ebsaj kuote, p\u00ebr t\u2019u siguruar q\u00eb Shtetet tona An\u00ebtare q\u00eb d\u00ebshirojn\u00eb ta b\u00ebjn\u00eb k\u00ebt\u00eb mund t\u2019i p\u00ebrdornin k\u00ebto para p\u00ebr t\u2019ia dhuruar apo rishitur vaksin\u00ebn Shqip\u00ebris\u00eb.<\/em><\/span><\/p>\n<p><span style=\"color: #000000;\"><em>Un\u00eb e kuptoj zhg\u00ebnjimin, por ky \u00ebsht\u00eb nj\u00eb pro\u00e7es jasht\u00ebzakonisht i nd\u00ebrlikuar. Zhvillimi i nj\u00eb plani vaksinimi i ka angazhuar gjith\u00eb shtetet e bot\u00ebs, si dhe Shtetet An\u00ebtare, dhe kjo ka rezultuar shum\u00eb e v\u00ebshtir\u00eb. Ne po shohim se situata e Covid19 n\u00eb Europ\u00eb \u00ebsht\u00eb ende shum\u00eb e v\u00ebshtir\u00eb dhe numri i vaksinave q\u00eb jan\u00eb t\u00eb disponueshme, \u00ebsht\u00eb ndoshta m\u00eb i vog\u00ebl nga sa shpresonim. Ka nj\u00eb penges\u00eb p\u00ebr prodhimin e vaksin\u00ebs. Pavar\u00ebsisht k\u00ebsaj, jemi gati t\u2019i japim ndihm\u00eb Shqip\u00ebris\u00eb. Dje Shqip\u00ebria nisi vaksinimin, dhe ne jemi gati t\u2019i japim ndihm\u00ebn ton\u00eb Shqip\u00ebris\u00eb.<\/em><\/span><\/p>\n<p><span style=\"color: #000000;\"><em>Un\u00eb jam takuar me Ministren e Sh\u00ebndet\u00ebsis\u00eb, do t\u00eb takoj edhe ambasador\u00ebt e Shteteve An\u00ebtare, p\u00ebr t\u00eb punuar t\u00eb gjith\u00eb s\u00eb bashku, p\u00ebr t\u2019u siguruar q\u00eb jav\u00ebt e ardhshme t\u00eb ket\u00eb m\u00eb shum\u00eb vaksina t\u00eb disponueshme p\u00ebr qytetar\u00ebt shqiptar\u00eb. Por duhet t\u00eb kuptojm\u00eb se Shqip\u00ebria duhet t\u00eb p\u00ebrgatis\u00eb nj\u00eb plan vaksinimi p\u00ebr t\u2019i mund\u00ebsuar BE-s\u00eb t\u00eb nd\u00ebrhyj\u00eb, por edhe Covax-it, m\u00eb von\u00eb gjat\u00eb vitit, q\u00eb t\u00eb vazhdoj\u00eb vaksinimin. Ky nuk \u00ebsht\u00eb nj\u00eb moment i vet\u00ebm, plani i vaksinimit do t\u00eb k\u00ebrkoj\u00eb muaj, me q\u00ebllim q\u00eb t\u00eb mbuloj\u00eb gjith\u00eb komunitetin k\u00ebtu. K\u00ebshtu q\u00eb Bashkimi Evropian \u00ebsht\u00eb k\u00ebtu, si\u00e7 ka qen\u00eb pran\u00eb shqiptar\u00ebve gjat\u00eb gjith\u00eb koh\u00ebs<\/em>\u201d-deklaroi Soreca.<\/span><\/p>\n<p>&nbsp;<\/p>\n","protected":false,"gt_translate_keys":[{"key":"rendered","format":"html"}]},"excerpt":{"rendered":"<p>Ambasadori i Bashkimit Evorpian n\u00eb Shqip\u00ebri, Luigi Soreca gjat\u00eb nj\u00eb interviste p\u00ebr Z\u00ebrin e Amerik\u00ebs \u00ebsht\u00eb p\u00ebrgjigjur edhe pyetjes mbi deklarat\u00ebn e pak\u00ebnaq\u00ebsis\u00eb s\u00eb Kryeministrit Edi Rama kundrjet Unionit p\u00ebr vaksinat anti-covid. Soreca tha se u habit nga kritikat kryeministrit Rama nd\u00ebrkoh\u00eb q\u00eb p\u00ebrmendi gjith\u00eb ndihm\u00ebn e dh\u00ebn\u00eb nga BE-ja p\u00ebr t\u00ebrmetin n\u00eb fillim dhe [&hellip;]<\/p>\n","protected":false,"gt_translate_keys":[{"key":"rendered","format":"html"}]},"author":32,"featured_media":423045,"comment_status":"open","ping_status":"open","sticky":false,"template":"","format":"standard","meta":{"footnotes":""},"categories":[65,13],"tags":[],"class_list":["post-423044","post","type-post","status-publish","format-standard","has-post-thumbnail","hentry","category-lajme","category-te-fundit"],"gt_translate_keys":[{"key":"link","format":"url"}],"_links":{"self":[{"href":"https:\/\/www.hashtag.al\/index.php\/wp-json\/wp\/v2\/posts\/423044","targetHints":{"allow":["GET"]}}],"collection":[{"href":"https:\/\/www.hashtag.al\/index.php\/wp-json\/wp\/v2\/posts"}],"about":[{"href":"https:\/\/www.hashtag.al\/index.php\/wp-json\/wp\/v2\/types\/post"}],"author":[{"embeddable":true,"href":"https:\/\/www.hashtag.al\/index.php\/wp-json\/wp\/v2\/users\/32"}],"replies":[{"embeddable":true,"href":"https:\/\/www.hashtag.al\/index.php\/wp-json\/wp\/v2\/comments?post=423044"}],"version-history":[{"count":0,"href":"https:\/\/www.hashtag.al\/index.php\/wp-json\/wp\/v2\/posts\/423044\/revisions"}],"wp:featuredmedia":[{"embeddable":true,"href":"https:\/\/www.hashtag.al\/index.php\/wp-json\/wp\/v2\/media\/423045"}],"wp:attachment":[{"href":"https:\/\/www.hashtag.al\/index.php\/wp-json\/wp\/v2\/media?parent=423044"}],"wp:term":[{"taxonomy":"category","embeddable":true,"href":"https:\/\/www.hashtag.al\/index.php\/wp-json\/wp\/v2\/categories?post=423044"},{"taxonomy":"post_tag","embeddable":true,"href":"https:\/\/www.hashtag.al\/index.php\/wp-json\/wp\/v2\/tags?post=423044"}],"curies":[{"name":"wp","href":"https:\/\/api.w.org\/{rel}","templated":true}]}}