{"id":422813,"date":"2021-01-11T18:21:56","date_gmt":"2021-01-11T17:21:56","guid":{"rendered":"https:\/\/hashtag.al\/?p=422813"},"modified":"2021-01-11T20:38:12","modified_gmt":"2021-01-11T19:38:12","slug":"si-e-nisi-me-nxitim-vaksinimin-rama","status":"publish","type":"post","link":"https:\/\/www.hashtag.al\/index.php\/2021\/01\/11\/si-e-nisi-me-nxitim-vaksinimin-rama\/","title":{"rendered":"Si e nisi me nxitim vaksinimin Rama?","gt_translate_keys":[{"key":"rendered","format":"text"}]},"content":{"rendered":"<p><img loading=\"lazy\" decoding=\"async\" class=\"aligncenter size-full wp-image-422815\" src=\"https:\/\/hashtag.al\/wp-content\/uploads\/2021\/01\/ramadubai.jpg\" alt=\"\" width=\"1600\" height=\"700\" srcset=\"https:\/\/www.hashtag.al\/wp-content\/uploads\/2021\/01\/ramadubai.jpg 1600w, https:\/\/www.hashtag.al\/wp-content\/uploads\/2021\/01\/ramadubai-300x131.jpg 300w, https:\/\/www.hashtag.al\/wp-content\/uploads\/2021\/01\/ramadubai-768x336.jpg 768w, https:\/\/www.hashtag.al\/wp-content\/uploads\/2021\/01\/ramadubai-1024x448.jpg 1024w\" sizes=\"auto, (max-width: 1600px) 100vw, 1600px\" \/><\/p>\n<p><span style=\"color: #000000;\">N\u00eb dat\u00ebn 1 janar, kryeministri Rama njoftoi se pas p\u00ebrpjekjesh t\u00eb v\u00ebshtira kishte mundur t\u00eb siguronte 500 mij\u00eb vaksina kund\u00ebr Covid-19 t\u00eb kompanis\u00eb Pfizer.<\/span><\/p>\n<p><span style=\"color: #000000;\"> Teksa nuk i ka kursyer kritikat ndaj vendeve t\u00eb BE-s\u00eb p\u00ebr munges\u00eb solidariteti lidhur me vaksinat, kreu i qeveris\u00eb tha n\u00eb dit\u00ebt n\u00eb vijim se fushata e vaksinimit pritej t\u00eb niste jav\u00ebn e tret\u00eb t\u00eb janarit. <\/span><\/p>\n<p><span style=\"color: #000000;\">Krejt papritur, n\u00eb nj\u00eb konferenc\u00eb p\u00ebr shtyp m\u00ebngjesin e sot\u00ebm, Rama i shoq\u00ebruar nga ministrja Manastirliu njoftoi se fushata e vaksinimit do niste dit\u00ebn e sotme n\u00eb or\u00ebn 15:00. <\/span><\/p>\n<p><span style=\"color: #000000;\">Gjat\u00eb konferenc\u00ebs p\u00ebr shtyp, kryeministri tha se 900 dozat e para ishin dhurat\u00eb e nj\u00eb vendi t\u00eb BE-s\u00eb, por pa e zbuluar \u2018bamir\u00ebsin\u2019 anonim, q\u00eb sipas Ram\u00ebs kishte k\u00ebrkuar vet\u00eb q\u00eb t\u00eb mos zbulohej.<\/span><\/p>\n<p><span style=\"color: #000000;\"><em>\u201cPavar\u00ebsisht angazhimit me Covax, n\u00ebse do t\u00eb q\u00ebndronim n\u00eb pritje te tyre do ishim akoma duke pritur dhe nuk dihet ende sot se sa do zgjaste kjo pritje. Prandaj jemi angazhuar dhe me kanale te tjera. Kontaktuam ne Ne\u00eb York drejtp\u00ebrdrejt me \u2018Pfizer\u2019 dhe nj\u00ebkoh\u00ebsisht kemi hapur 4 kanale t\u00eb tjera bilaterale, me 4 vende dhe vaksinimi sot \u00ebsht\u00eb nj\u00eb marr\u00ebveshje me nj\u00eb nga k\u00ebto vende, q\u00eb nuk jam i autorizuar ta them sepse ashtu e k\u00ebrkojn\u00eb. Por meq\u00eb \u00ebsht\u00eb th\u00ebn\u00eb se ky vend \u00ebsht\u00eb Greqi, ju them q\u00eb jo, nuk \u00ebsht\u00eb Greqia. Sot e kemi t\u00eb siguruara rrug\u00ebn e vaksin\u00ebs me doza t\u00eb parashikuara muaj pas muaji duke filluar nga java e tret\u00eb e janarit me Pfizer.\u201d<\/em> \u2013 tha nd\u00eb t\u00eb tjera Rama gjat\u00eb konferenc\u00ebs p\u00ebr shtyp.<\/span><\/p>\n<p><span style=\"color: #000000;\">Vaksinimi i beft\u00eb i nisur koh\u00eb para afatit t\u00eb paralajm\u00ebruar nga kryeministri Rama \u00ebsht\u00eb paraprir\u00eb nga dy ngjarje, nj\u00ebra n\u00eb vend q\u00eb \u00ebsht\u00eb n\u00eb zhvillim e sip\u00ebr e tjetra jasht\u00eb vendit.<\/span><\/p>\n<p><span style=\"color: #000000;\">Prej disa dit\u00ebsh Shqip\u00ebria p\u00ebrballet nga shira t\u00eb dendura q\u00eb kan\u00eb shkaktuar p\u00ebrmbytje masive n\u00eb disa pjes\u00eb t\u00eb vendit, munges\u00eb energjie elektrike, bllokim rrug\u00ebsh e \u00e7arje aksesh rrugore nga rr\u00ebshqitjet e dheut.<\/span><\/p>\n<p><span style=\"color: #000000;\">Ngjarja tjet\u00ebr q\u00eb b\u00ebri jo pak buj\u00eb ishin pamjet e disa ministrave t\u00eb qeveris\u00eb Rama, shefit t\u00eb zyr\u00ebs s\u00eb shtypit Endri Fuga e n\u00ebnkryetarit t\u00eb bashkis\u00eb, Mazniku, q\u00eb darkojn\u00eb n\u00eb nj\u00eb restorant luksoz n\u00eb Dubai n\u00ebn shoq\u00ebron e biznesmenit Samir Mane.<\/span><\/p>\n<p><span style=\"color: #000000;\">Publikimi i pamjeve t\u00eb dark\u00ebs p\u00ebr shtat\u00eb pal\u00eb qejfe n\u00ebn shoq\u00ebrin\u00eb e Manes n\u00eb Dubai, shkaktoi reagime t\u00eb ashpra nga publiku n\u00eb vend.<\/span><\/p>\n<p><span style=\"color: #000000;\">Pas k\u00ebsaj, mediat pran\u00eb kryeministrit Rama u p\u00ebrpoq\u00ebn t\u00eb krahasojn\u00eb dark\u00ebn n\u00eb Dubai t\u00eb ministrave t\u00eb Ram\u00ebs e n\u00ebnkryetarit t\u00eb Bashkis\u00eb n\u00ebn shoq\u00ebrin\u00eb e Manes me nj\u00eb takim mes presidentit Meta e kryebashkiakes s\u00eb Shkodr\u00ebs Ademi.<\/span><\/p>\n<p><span style=\"color: #000000;\"> T\u00eb nj\u00ebjtat media publikuan menj\u00ebher\u00eb sqarimin e qeveris\u00eb p\u00ebr dark\u00ebn n\u00eb Dubai nd\u00ebrsa nj\u00eb dit\u00eb n\u00eb pas vet\u00eb Rama, tha se q\u00eb prej ardhjes s\u00eb tij, ministrat e kishin t\u00eb ndaluar t\u00eb b\u00ebnin pushime jasht\u00eb vendit.<\/span><\/p>\n<p><span style=\"color: #000000;\">Sot e gjitha kulmoi me operacionin e beft\u00eb t\u00eb vaksinimit n\u00eb stadium, me rreth 900 dozat e dhuruara nga nj\u00eb vend \u2018europian\u2019 anonim.<\/span><\/p>\n","protected":false,"gt_translate_keys":[{"key":"rendered","format":"html"}]},"excerpt":{"rendered":"<p>N\u00eb dat\u00ebn 1 janar, kryeministri Rama njoftoi se pas p\u00ebrpjekjesh t\u00eb v\u00ebshtira kishte mundur t\u00eb siguronte 500 mij\u00eb vaksina kund\u00ebr Covid-19 t\u00eb kompanis\u00eb Pfizer. Teksa nuk i ka kursyer kritikat ndaj vendeve t\u00eb BE-s\u00eb p\u00ebr munges\u00eb solidariteti lidhur me vaksinat, kreu i qeveris\u00eb tha n\u00eb dit\u00ebt n\u00eb vijim se fushata e vaksinimit pritej t\u00eb niste [&hellip;]<\/p>\n","protected":false,"gt_translate_keys":[{"key":"rendered","format":"html"}]},"author":51,"featured_media":422815,"comment_status":"open","ping_status":"open","sticky":false,"template":"","format":"standard","meta":{"footnotes":""},"categories":[22,65,13],"tags":[],"class_list":["post-422813","post","type-post","status-publish","format-standard","has-post-thumbnail","hentry","category-ballina","category-lajme","category-te-fundit"],"gt_translate_keys":[{"key":"link","format":"url"}],"_links":{"self":[{"href":"https:\/\/www.hashtag.al\/index.php\/wp-json\/wp\/v2\/posts\/422813","targetHints":{"allow":["GET"]}}],"collection":[{"href":"https:\/\/www.hashtag.al\/index.php\/wp-json\/wp\/v2\/posts"}],"about":[{"href":"https:\/\/www.hashtag.al\/index.php\/wp-json\/wp\/v2\/types\/post"}],"author":[{"embeddable":true,"href":"https:\/\/www.hashtag.al\/index.php\/wp-json\/wp\/v2\/users\/51"}],"replies":[{"embeddable":true,"href":"https:\/\/www.hashtag.al\/index.php\/wp-json\/wp\/v2\/comments?post=422813"}],"version-history":[{"count":0,"href":"https:\/\/www.hashtag.al\/index.php\/wp-json\/wp\/v2\/posts\/422813\/revisions"}],"wp:featuredmedia":[{"embeddable":true,"href":"https:\/\/www.hashtag.al\/index.php\/wp-json\/wp\/v2\/media\/422815"}],"wp:attachment":[{"href":"https:\/\/www.hashtag.al\/index.php\/wp-json\/wp\/v2\/media?parent=422813"}],"wp:term":[{"taxonomy":"category","embeddable":true,"href":"https:\/\/www.hashtag.al\/index.php\/wp-json\/wp\/v2\/categories?post=422813"},{"taxonomy":"post_tag","embeddable":true,"href":"https:\/\/www.hashtag.al\/index.php\/wp-json\/wp\/v2\/tags?post=422813"}],"curies":[{"name":"wp","href":"https:\/\/api.w.org\/{rel}","templated":true}]}}