{"id":422779,"date":"2021-01-11T15:29:32","date_gmt":"2021-01-11T14:29:32","guid":{"rendered":"https:\/\/hashtag.al\/?p=422779"},"modified":"2021-01-11T15:29:32","modified_gmt":"2021-01-11T14:29:32","slug":"po-e-bej-te-krahu-i-majte-si-najada-rama-vaksinohet-menjehere-pas-shefes-se-infektivit-video","status":"publish","type":"post","link":"https:\/\/www.hashtag.al\/index.php\/2021\/01\/11\/po-e-bej-te-krahu-i-majte-si-najada-rama-vaksinohet-menjehere-pas-shefes-se-infektivit-video\/","title":{"rendered":"&#8220;Po e b\u00ebj te krahu i majt\u00eb si Najada&#8221; &#8211; Rama vaksinohet menj\u00ebher\u00eb pas shefes s\u00eb Infektivit (Video)","gt_translate_keys":[{"key":"rendered","format":"text"}]},"content":{"rendered":"<p><img loading=\"lazy\" decoding=\"async\" class=\"aligncenter size-full wp-image-422780\" src=\"https:\/\/hashtag.al\/wp-content\/uploads\/2021\/01\/ramavaksina.jpg\" alt=\"\" width=\"1265\" height=\"684\" srcset=\"https:\/\/www.hashtag.al\/wp-content\/uploads\/2021\/01\/ramavaksina.jpg 1265w, https:\/\/www.hashtag.al\/wp-content\/uploads\/2021\/01\/ramavaksina-300x162.jpg 300w, https:\/\/www.hashtag.al\/wp-content\/uploads\/2021\/01\/ramavaksina-768x415.jpg 768w, https:\/\/www.hashtag.al\/wp-content\/uploads\/2021\/01\/ramavaksina-1024x554.jpg 1024w\" sizes=\"auto, (max-width: 1265px) 100vw, 1265px\" \/><\/p>\n<p>Ashtu si\u00e7 kishte njoftuar m\u00eb her\u00ebt, kryeministri Rama ka b\u00ebr\u00eb para pak \u00e7astesh vaksin\u00ebn kund\u00ebr Covid-19.<\/p>\n<p>Fillimisht vaksin\u00ebn e b\u00ebri shefja e Infektivit, Najada \u00c7omo e menj\u00ebher\u00eb pas tij, u vakinua kreu i qeveris\u00eb. Para se t\u00eb b\u00ebnte vaksin\u00ebn, Rama plot\u00ebsoi nj\u00eb formular dhe iu p\u00ebrgjigj disa pyetjeve rutin\u00eb t\u00eb ekipit mjek\u00ebsor.<\/p>\n<p>Pas Ram\u00ebs n\u00eb radh\u00eb ishte mjeku P\u00ebllumb Pipero e mjeku Tritan Kalo. Fillimisht kreut t\u00eb qeveris\u00eb iu tha se duhet ta b\u00ebnte vaksin\u00ebn n\u00eb krahun e djatht\u00eb po pasi pa \u00c7omon q\u00eb e b\u00ebri te i majti, edhe ai vendosi ta b\u00ebj\u00eb n\u00eb t\u00eb nj\u00ebjtin vend.<\/p>\n<p>N\u00eb dat\u00ebn 1 janar, kryeministri Rama njoftoi se kishte siguruar 500 mij\u00eb vaksina Covid-19 pas nj\u00eb marr\u00ebveshjeje me Pfizer. 10 mij\u00eb dozat e para duhet t\u00eb mb\u00ebrrijn\u00eb brenda janarit, 30 mij\u00eb t\u00eb tjera n\u00eb shkurt e t\u00eb tjera n\u00eb vijim.<\/p>\n<p>T\u00eb par\u00ebt q\u00eb do vaksinohen jan\u00eb personeli sh\u00ebndet\u00ebsore e m\u00eb pas kategorit\u00eb e tjera t\u00eb rrezikuara. Vaksina sipas kreut t\u00eb qeveris\u00eb do jet\u00eb falas dhe jo e detyrueshme duke theksuar se nuk do ket\u00eb asnj\u00eb penalizim p\u00ebr ata q\u00eb nuk do e b\u00ebjn\u00eb.<\/p>\n<p><strong>Pjes\u00eb nga dialogu Rama-Manastirliu<\/strong><\/p>\n<p><span style=\"color: #ff0000;\"><strong>Rama<\/strong><\/span>: Ku duhet b\u00ebr\u00eb vaksina?<\/p>\n<p><span style=\"color: #0000ff;\"><strong>Manastirliu<\/strong><\/span>: N\u00eb krahun e djatht\u00eb.<\/p>\n<p><span style=\"color: #ff0000;\"><strong>Rama<\/strong><\/span>: Po pse Najada e b\u00ebri te i majti?<\/p>\n<p><span style=\"color: #0000ff;\"><strong>Manastirliu<\/strong><\/span>: E ka zgjedhur vet\u00eb doktoresha t\u00eb b\u00ebj\u00eb aty.<\/p>\n<p><span style=\"color: #ff0000;\"><strong>Rama<\/strong><\/span>: Edhe un\u00eb aty po e b\u00ebj at\u00ebher\u00eb te i majti.<\/p>\n<div style=\"width: 1152px;\" class=\"wp-video\"><video class=\"wp-video-shortcode\" id=\"video-422779-1\" width=\"1152\" height=\"648\" preload=\"metadata\" controls=\"controls\"><source type=\"video\/mp4\" src=\"https:\/\/hashtag.al\/wp-content\/uploads\/2021\/01\/VID_20210111_150916_1152x648.mp4?_=1\" \/><a href=\"https:\/\/hashtag.al\/wp-content\/uploads\/2021\/01\/VID_20210111_150916_1152x648.mp4\">https:\/\/hashtag.al\/wp-content\/uploads\/2021\/01\/VID_20210111_150916_1152x648.mp4<\/a><\/video><\/div>\n<div style=\"width: 1170px;\" class=\"wp-video\"><video class=\"wp-video-shortcode\" id=\"video-422779-2\" width=\"1170\" height=\"658\" preload=\"metadata\" controls=\"controls\"><source type=\"video\/mp4\" src=\"https:\/\/hashtag.al\/wp-content\/uploads\/2021\/01\/1610374106575-1.mp4?_=2\" \/><a href=\"https:\/\/hashtag.al\/wp-content\/uploads\/2021\/01\/1610374106575-1.mp4\">https:\/\/hashtag.al\/wp-content\/uploads\/2021\/01\/1610374106575-1.mp4<\/a><\/video><\/div>\n","protected":false,"gt_translate_keys":[{"key":"rendered","format":"html"}]},"excerpt":{"rendered":"<p>Ashtu si\u00e7 kishte njoftuar m\u00eb her\u00ebt, kryeministri Rama ka b\u00ebr\u00eb para pak \u00e7astesh vaksin\u00ebn kund\u00ebr Covid-19. Fillimisht vaksin\u00ebn e b\u00ebri shefja e Infektivit, Najada \u00c7omo e menj\u00ebher\u00eb pas tij, u vakinua kreu i qeveris\u00eb. Para se t\u00eb b\u00ebnte vaksin\u00ebn, Rama plot\u00ebsoi nj\u00eb formular dhe iu p\u00ebrgjigj disa pyetjeve rutin\u00eb t\u00eb ekipit mjek\u00ebsor. Pas Ram\u00ebs n\u00eb [&hellip;]<\/p>\n","protected":false,"gt_translate_keys":[{"key":"rendered","format":"html"}]},"author":51,"featured_media":422780,"comment_status":"open","ping_status":"open","sticky":false,"template":"","format":"standard","meta":{"footnotes":""},"categories":[65,13],"tags":[],"class_list":["post-422779","post","type-post","status-publish","format-standard","has-post-thumbnail","hentry","category-lajme","category-te-fundit"],"gt_translate_keys":[{"key":"link","format":"url"}],"_links":{"self":[{"href":"https:\/\/www.hashtag.al\/index.php\/wp-json\/wp\/v2\/posts\/422779","targetHints":{"allow":["GET"]}}],"collection":[{"href":"https:\/\/www.hashtag.al\/index.php\/wp-json\/wp\/v2\/posts"}],"about":[{"href":"https:\/\/www.hashtag.al\/index.php\/wp-json\/wp\/v2\/types\/post"}],"author":[{"embeddable":true,"href":"https:\/\/www.hashtag.al\/index.php\/wp-json\/wp\/v2\/users\/51"}],"replies":[{"embeddable":true,"href":"https:\/\/www.hashtag.al\/index.php\/wp-json\/wp\/v2\/comments?post=422779"}],"version-history":[{"count":0,"href":"https:\/\/www.hashtag.al\/index.php\/wp-json\/wp\/v2\/posts\/422779\/revisions"}],"wp:featuredmedia":[{"embeddable":true,"href":"https:\/\/www.hashtag.al\/index.php\/wp-json\/wp\/v2\/media\/422780"}],"wp:attachment":[{"href":"https:\/\/www.hashtag.al\/index.php\/wp-json\/wp\/v2\/media?parent=422779"}],"wp:term":[{"taxonomy":"category","embeddable":true,"href":"https:\/\/www.hashtag.al\/index.php\/wp-json\/wp\/v2\/categories?post=422779"},{"taxonomy":"post_tag","embeddable":true,"href":"https:\/\/www.hashtag.al\/index.php\/wp-json\/wp\/v2\/tags?post=422779"}],"curies":[{"name":"wp","href":"https:\/\/api.w.org\/{rel}","templated":true}]}}