{"id":422751,"date":"2021-01-11T13:26:52","date_gmt":"2021-01-11T12:26:52","guid":{"rendered":"https:\/\/hashtag.al\/?p=422751"},"modified":"2021-01-11T13:26:52","modified_gmt":"2021-01-11T12:26:52","slug":"rama-ben-ironi-para-vaksinimit-po-iki-te-le-amanetet-e-fundit-se-nuk-i-dihet-si-shkon","status":"publish","type":"post","link":"https:\/\/www.hashtag.al\/index.php\/2021\/01\/11\/rama-ben-ironi-para-vaksinimit-po-iki-te-le-amanetet-e-fundit-se-nuk-i-dihet-si-shkon\/","title":{"rendered":"Rama b\u00ebn ironi para vaksinimit: Po iki t\u00eb l\u00eb amanetet e fundit se nuk i dihet si shkon","gt_translate_keys":[{"key":"rendered","format":"text"}]},"content":{"rendered":"<p><img loading=\"lazy\" decoding=\"async\" class=\"aligncenter size-full wp-image-422752\" src=\"https:\/\/hashtag.al\/wp-content\/uploads\/2021\/01\/rama-4.jpg\" alt=\"\" width=\"1194\" height=\"698\" srcset=\"https:\/\/www.hashtag.al\/wp-content\/uploads\/2021\/01\/rama-4.jpg 1194w, https:\/\/www.hashtag.al\/wp-content\/uploads\/2021\/01\/rama-4-300x175.jpg 300w, https:\/\/www.hashtag.al\/wp-content\/uploads\/2021\/01\/rama-4-768x449.jpg 768w, https:\/\/www.hashtag.al\/wp-content\/uploads\/2021\/01\/rama-4-1024x599.jpg 1024w\" sizes=\"auto, (max-width: 1194px) 100vw, 1194px\" \/><\/p>\n<p><span style=\"color: #000000;\">Kryeministri Rama ka th\u00ebn\u00eb me ironi se do shkoj\u00eb t\u00eb l\u00ebr\u00eb amanetet e fundit para se t\u00eb b\u00ebj\u00eb vaksin\u00ebn kund\u00ebr Covid-19 n\u00eb or\u00ebn 15:00.<\/span><\/p>\n<p><span style=\"color: #000000;\"><em>\u201cTani ta mbyllim, t\u00eb shkoj t\u00eb jap edhe un\u00eb amanetet e fundit, se nuk i dihet si shkon vaksina, se na mbajt\u00ebt shum\u00eb gjat\u00eb k\u00ebtu. Jan\u00eb dhe ata q\u00eb thon\u00eb se po e b\u00ebre vaksin\u00ebn vdes n\u00eb vend. N\u00eb or\u00ebn 15:00, k\u00ebtu jemi prap\u00eb.\u201d<\/em> \u2013 tha Rama.<\/span><\/p>\n<p><span style=\"color: #000000;\">Kreu i qeveris\u00eb shtoi se vaksina nuk do jet\u00eb me detyrim dhe se askush nuk do penalizohet n\u00ebse nuk e b\u00ebn. <\/span><\/p>\n<p><span style=\"color: #000000;\">Rama tha se dit\u00ebn e sotme do vaksinohet s\u00eb bashku me shefen e Infektivit, \u00c7omo e mjekun Kalo.<\/span><\/p>\n<p><span style=\"color: #000000;\"><em>\u201cVaksina nuk \u00ebsht\u00eb e detyrueshme. Askush nuk penalizohet, n\u00ebse nuk do t\u00eb vaksinohet. Mjek\u00ebt dhe infermier\u00ebt nuk kan\u00eb p\u00ebr t\u00eb refuzuar, sepse e din\u00eb q\u00eb kjo nuk \u00ebsht\u00eb loj\u00eb dhe nuk kan\u00eb dyshim se Bill Gates po futet t\u2019iu marr\u00eb me chip formulat se si ata shp\u00ebtojn\u00eb njer\u00ebzit. Un\u00eb si Edi Rama nuk do doja t\u2019i zija radh\u00ebn askujt p\u00ebr vaksin\u00ebn, por pik\u00ebrisht se vaksina \u00ebsht\u00eb e nevojshme, duke par\u00eb edhe cfar\u00eb kan\u00eb b\u00ebr\u00eb koleg\u00eb t\u00eb mit\u00eb n\u00eb vendet e tjera, do jem sot k\u00ebtu p\u00ebr ta b\u00ebr\u00eb. Di q\u00eb do jet\u00eb profesoresha Najada \u00c7omo, profesor Tritan Kalo. Un\u00eb gjithmon\u00eb q\u00eb respektoj grat\u00eb, k\u00ebshtu q\u00eb profesoresh\u00eb Najada duhet ta b\u00ebj\u00eb e para, mes ne burrave do t\u00eb gjendet gjuha e p\u00ebrbashk\u00ebt.\u201d<\/em> \u2013 shtoi Rama.<\/span><\/p>\n","protected":false,"gt_translate_keys":[{"key":"rendered","format":"html"}]},"excerpt":{"rendered":"<p>Kryeministri Rama ka th\u00ebn\u00eb me ironi se do shkoj\u00eb t\u00eb l\u00ebr\u00eb amanetet e fundit para se t\u00eb b\u00ebj\u00eb vaksin\u00ebn kund\u00ebr Covid-19 n\u00eb or\u00ebn 15:00. \u201cTani ta mbyllim, t\u00eb shkoj t\u00eb jap edhe un\u00eb amanetet e fundit, se nuk i dihet si shkon vaksina, se na mbajt\u00ebt shum\u00eb gjat\u00eb k\u00ebtu. Jan\u00eb dhe ata q\u00eb thon\u00eb se [&hellip;]<\/p>\n","protected":false,"gt_translate_keys":[{"key":"rendered","format":"html"}]},"author":51,"featured_media":422752,"comment_status":"open","ping_status":"open","sticky":false,"template":"","format":"standard","meta":{"footnotes":""},"categories":[65,13],"tags":[],"class_list":["post-422751","post","type-post","status-publish","format-standard","has-post-thumbnail","hentry","category-lajme","category-te-fundit"],"gt_translate_keys":[{"key":"link","format":"url"}],"_links":{"self":[{"href":"https:\/\/www.hashtag.al\/index.php\/wp-json\/wp\/v2\/posts\/422751","targetHints":{"allow":["GET"]}}],"collection":[{"href":"https:\/\/www.hashtag.al\/index.php\/wp-json\/wp\/v2\/posts"}],"about":[{"href":"https:\/\/www.hashtag.al\/index.php\/wp-json\/wp\/v2\/types\/post"}],"author":[{"embeddable":true,"href":"https:\/\/www.hashtag.al\/index.php\/wp-json\/wp\/v2\/users\/51"}],"replies":[{"embeddable":true,"href":"https:\/\/www.hashtag.al\/index.php\/wp-json\/wp\/v2\/comments?post=422751"}],"version-history":[{"count":0,"href":"https:\/\/www.hashtag.al\/index.php\/wp-json\/wp\/v2\/posts\/422751\/revisions"}],"wp:featuredmedia":[{"embeddable":true,"href":"https:\/\/www.hashtag.al\/index.php\/wp-json\/wp\/v2\/media\/422752"}],"wp:attachment":[{"href":"https:\/\/www.hashtag.al\/index.php\/wp-json\/wp\/v2\/media?parent=422751"}],"wp:term":[{"taxonomy":"category","embeddable":true,"href":"https:\/\/www.hashtag.al\/index.php\/wp-json\/wp\/v2\/categories?post=422751"},{"taxonomy":"post_tag","embeddable":true,"href":"https:\/\/www.hashtag.al\/index.php\/wp-json\/wp\/v2\/tags?post=422751"}],"curies":[{"name":"wp","href":"https:\/\/api.w.org\/{rel}","templated":true}]}}