{"id":422725,"date":"2021-01-11T12:26:49","date_gmt":"2021-01-11T11:26:49","guid":{"rendered":"https:\/\/hashtag.al\/?p=422725"},"modified":"2021-01-11T12:45:13","modified_gmt":"2021-01-11T11:45:13","slug":"askush-sben-tregti-me-ne-edhe-avokatet-na-braktisen-aplikacionin-konservator-parler-e-bllokojne-gjithandej","status":"publish","type":"post","link":"https:\/\/www.hashtag.al\/index.php\/2021\/01\/11\/askush-sben-tregti-me-ne-edhe-avokatet-na-braktisen-aplikacionin-konservator-parler-e-bllokojne-gjithandej\/","title":{"rendered":"&#8220;Askush s&#8217;b\u00ebn tregti me ne, edhe avokat\u00ebt na braktis\u00ebn&#8221; &#8211; Aplikacionin konservator &#8220;Parler&#8221; e bllokojn\u00eb gjithandej","gt_translate_keys":[{"key":"rendered","format":"text"}]},"content":{"rendered":"<p><img loading=\"lazy\" decoding=\"async\" class=\"aligncenter size-full wp-image-422726\" src=\"https:\/\/hashtag.al\/wp-content\/uploads\/2021\/01\/parler-2.jpg\" alt=\"\" width=\"902\" height=\"588\" srcset=\"https:\/\/www.hashtag.al\/wp-content\/uploads\/2021\/01\/parler-2.jpg 902w, https:\/\/www.hashtag.al\/wp-content\/uploads\/2021\/01\/parler-2-300x196.jpg 300w, https:\/\/www.hashtag.al\/wp-content\/uploads\/2021\/01\/parler-2-768x501.jpg 768w\" sizes=\"auto, (max-width: 902px) 100vw, 902px\" \/><\/p>\n<p><span style=\"color: #000000;\">CEO-ja i aplikacionit social konservator \u2018Parler\u2019 tha se t\u00eb gjith\u00eb shit\u00ebsit e tij e kan\u00eb braktisur kompanin\u00eb pas bllokimeve t\u00eb fundit nga Google, Apple dhe Amazon.<\/span><\/p>\n<p><span style=\"color: #000000;\"><em>&#8220;\u00c7do shit\u00ebs, nga sh\u00ebrbimet e mesazheve me tekst te siguruesit e post\u00ebs elektronike deri te avokat\u00ebt tan\u00eb, t\u00eb gjith\u00eb na ndaluan gjithashtu, n\u00eb t\u00eb nj\u00ebjt\u00ebn dit\u00eb.&#8221;<\/em> &#8211; tha CEO-ja i \u2018Parler\u2019, John Matze, n\u00eb nj\u00eb intervist\u00eb me Fox News t\u00eb diel\u00ebn.<\/span><\/p>\n<p><span style=\"color: #000000;\">Google ndaloi Parler t\u00eb premten, Apple e hoqi Parler t\u00eb shtun\u00ebn dhe Amazon e ka informuar Parler se do e heq\u00eb nga sh\u00ebrbimet e hostimit t\u00eb diel\u00ebn n\u00eb mbr\u00ebmje. \u00c7do kompani p\u00ebrmendi k\u00ebrc\u00ebnimet e dhun\u00ebs t\u00eb postuara n\u00eb Parler n\u00eb arsyet e tyre p\u00ebr heqjen e aplikacionit. <\/span><\/p>\n<p><span style=\"color: #000000;\">Fotografit\u00eb nga aplikacioni t\u00eb shp\u00ebrndara nga grupi aktivist Sleeping Giants treguan p\u00ebrdoruesit q\u00eb b\u00ebnin thirrje p\u00ebr dhun\u00eb ndaj Mike Pence dhe k\u00ebrc\u00ebnonin aktivitete t\u00eb m\u00ebtejshme n\u00eb Capitol Hill n\u00eb 19 janar.<\/span><\/p>\n<p><span style=\"color: #000000;\">N\u00eb nj\u00eb postim t\u00eb shtun\u00ebn n\u00eb mbr\u00ebmje, Matze tha se sh\u00ebrbimi \u2018do t\u00eb jet\u00eb i padisponuesh\u00ebm n\u00eb internet brenda nj\u00eb jave pasi rind\u00ebrtohet nga e para\u2019 dhe se \u2018ne kemi shum\u00eb q\u00eb garojm\u00eb p\u00ebr biznesin ton\u00eb\u2019.<\/span><\/p>\n<p><span style=\"color: #000000;\">Por n\u00eb intervist\u00ebn e s\u00eb diel\u00ebs, Matze tha se po kishte v\u00ebshtir\u00ebsi p\u00ebr t\u00eb gjetur nj\u00eb shit\u00ebs t\u00eb ri p\u00ebr t\u00eb punuar me t\u00eb.<\/span><\/p>\n<p><span style=\"color: #000000;\"><em>&#8220;Ne do t\u00eb p\u00ebrpiqemi t\u00eb b\u00ebjm\u00eb m\u00eb t\u00eb mir\u00ebn p\u00ebr t&#8217;u rikthyer n\u00eb internet sa m\u00eb shpejt t\u00eb jet\u00eb e mundur, por po kemi shum\u00eb probleme sepse \u00e7do shit\u00ebs me t\u00eb cilin flasim thot\u00eb se nuk do t\u00eb punoj\u00eb me ne. Sepse n\u00ebse Apple nuk miraton dhe Google nuk miraton, at\u00ebher\u00eb ata nuk do t\u00eb miratojn\u00eb.\u201d<\/em> \u2013 shtoi ai.<\/span><\/p>\n","protected":false,"gt_translate_keys":[{"key":"rendered","format":"html"}]},"excerpt":{"rendered":"<p>CEO-ja i aplikacionit social konservator \u2018Parler\u2019 tha se t\u00eb gjith\u00eb shit\u00ebsit e tij e kan\u00eb braktisur kompanin\u00eb pas bllokimeve t\u00eb fundit nga Google, Apple dhe Amazon. &#8220;\u00c7do shit\u00ebs, nga sh\u00ebrbimet e mesazheve me tekst te siguruesit e post\u00ebs elektronike deri te avokat\u00ebt tan\u00eb, t\u00eb gjith\u00eb na ndaluan gjithashtu, n\u00eb t\u00eb nj\u00ebjt\u00ebn dit\u00eb.&#8221; &#8211; tha CEO-ja [&hellip;]<\/p>\n","protected":false,"gt_translate_keys":[{"key":"rendered","format":"html"}]},"author":51,"featured_media":422726,"comment_status":"open","ping_status":"open","sticky":false,"template":"","format":"standard","meta":{"footnotes":""},"categories":[53],"tags":[],"class_list":["post-422725","post","type-post","status-publish","format-standard","has-post-thumbnail","hentry","category-fast-foodi"],"gt_translate_keys":[{"key":"link","format":"url"}],"_links":{"self":[{"href":"https:\/\/www.hashtag.al\/index.php\/wp-json\/wp\/v2\/posts\/422725","targetHints":{"allow":["GET"]}}],"collection":[{"href":"https:\/\/www.hashtag.al\/index.php\/wp-json\/wp\/v2\/posts"}],"about":[{"href":"https:\/\/www.hashtag.al\/index.php\/wp-json\/wp\/v2\/types\/post"}],"author":[{"embeddable":true,"href":"https:\/\/www.hashtag.al\/index.php\/wp-json\/wp\/v2\/users\/51"}],"replies":[{"embeddable":true,"href":"https:\/\/www.hashtag.al\/index.php\/wp-json\/wp\/v2\/comments?post=422725"}],"version-history":[{"count":0,"href":"https:\/\/www.hashtag.al\/index.php\/wp-json\/wp\/v2\/posts\/422725\/revisions"}],"wp:featuredmedia":[{"embeddable":true,"href":"https:\/\/www.hashtag.al\/index.php\/wp-json\/wp\/v2\/media\/422726"}],"wp:attachment":[{"href":"https:\/\/www.hashtag.al\/index.php\/wp-json\/wp\/v2\/media?parent=422725"}],"wp:term":[{"taxonomy":"category","embeddable":true,"href":"https:\/\/www.hashtag.al\/index.php\/wp-json\/wp\/v2\/categories?post=422725"},{"taxonomy":"post_tag","embeddable":true,"href":"https:\/\/www.hashtag.al\/index.php\/wp-json\/wp\/v2\/tags?post=422725"}],"curies":[{"name":"wp","href":"https:\/\/api.w.org\/{rel}","templated":true}]}}