{"id":422467,"date":"2021-01-10T12:49:55","date_gmt":"2021-01-10T11:49:55","guid":{"rendered":"https:\/\/hashtag.al\/?p=422467"},"modified":"2021-01-10T12:49:55","modified_gmt":"2021-01-10T11:49:55","slug":"pink-feston-15-vjetorin-e-marteses-me-carey-hart","status":"publish","type":"post","link":"https:\/\/www.hashtag.al\/index.php\/2021\/01\/10\/pink-feston-15-vjetorin-e-marteses-me-carey-hart\/","title":{"rendered":"Pink feston 15-vjetorin e martes\u00ebs me Carey Hart","gt_translate_keys":[{"key":"rendered","format":"text"}]},"content":{"rendered":"<p><a href=\"https:\/\/hashtag.al\/wp-content\/uploads\/2021\/01\/Pink.jpg\"><img loading=\"lazy\" decoding=\"async\" class=\"aligncenter size-full wp-image-422468\" src=\"https:\/\/hashtag.al\/wp-content\/uploads\/2021\/01\/Pink.jpg\" alt=\"\" width=\"1200\" height=\"899\" srcset=\"https:\/\/www.hashtag.al\/wp-content\/uploads\/2021\/01\/Pink.jpg 1200w, https:\/\/www.hashtag.al\/wp-content\/uploads\/2021\/01\/Pink-300x225.jpg 300w, https:\/\/www.hashtag.al\/wp-content\/uploads\/2021\/01\/Pink-768x575.jpg 768w, https:\/\/www.hashtag.al\/wp-content\/uploads\/2021\/01\/Pink-1024x767.jpg 1024w\" sizes=\"auto, (max-width: 1200px) 100vw, 1200px\" \/><\/a><\/p>\n<p><span style=\"color: #000000;\">Pink feston 15-vjetorin e martes\u00ebs me burrin e saj Carey Hart.<\/span><\/p>\n<p><span style=\"color: #000000;\">K\u00ebng\u00ebtarja dhe kompozitori 41-vje\u00e7ar ndan\u00eb n\u00eb Instagram disa fotografi t\u00eb t\u00eb dyve nd\u00ebr vite, p\u00ebr t\u00eb sh\u00ebnuar k\u00ebt\u00eb rast t\u00eb veccant\u00eb.<\/span><\/p>\n<p><span style=\"color: #000000;\">Pink e shoq\u00ebroi postimin me mbishkrimin: <em>\u201c15 vjet. Krenar p\u00ebr ne i dashur\u201d.<\/em><\/span><\/p>\n<p><span style=\"color: #000000;\"><em>\u201cE shikoni, ndonj\u00ebher\u00eb t\u00eb qenit kok\u00ebfort\u00eb ia vlen. \u00c7far\u00eb udh\u00ebtimi ka qen\u00eb, pasi m\u00ebsuam se si t\u00eb q\u00ebndrojm\u00eb n\u00eb vij\u00ebn ton\u00eb t\u00eb gar\u00ebs. Kjo \u00ebsht\u00eb p\u00ebr t\u00eb pakt\u00ebn 15 muajt e ardhsh\u00ebm hahahah. Un\u00eb t\u00eb dua ty dhe e dua familjen ton\u00eb,\u201d<\/em>-shkroi ajo.<\/span><\/p>\n<p><span style=\"color: #000000;\">N\u00eb nj\u00eb nga fotot, shfaqen Pink dhe Carey n\u00eb dit\u00ebt e tyre t\u00eb para t\u00eb lidhjes ku ajo mban nj\u00eb pal\u00eb syze dielli t\u00eb kuqe.<\/span><\/p>\n<p><span style=\"color: #000000;\">Carey, nga ana tjet\u00ebr kishte nj\u00eb bluz\u00eb t\u00eb zez\u00eb dhe nj\u00eb kapucc mbi kok\u00eb.<\/span><\/p>\n<blockquote class=\"instagram-media\" style=\"background: #FFF; border: 0; border-radius: 3px; box-shadow: 0 0 1px 0 rgba(0,0,0,0.5),0 1px 10px 0 rgba(0,0,0,0.15); margin: 1px; max-width: 540px; min-width: 326px; padding: 0; width: calc(100% - 2px);\" data-instgrm-captioned=\"\" data-instgrm-permalink=\"https:\/\/www.instagram.com\/p\/CJwfrFrJjuT\/?utm_source=ig_embed&amp;utm_campaign=loading\" data-instgrm-version=\"13\">\n<div style=\"padding: 16px;\">\n<p>&nbsp;<\/p>\n<div style=\"display: flex; flex-direction: row; align-items: center;\">\n<div style=\"background-color: #f4f4f4; border-radius: 50%; flex-grow: 0; height: 40px; margin-right: 14px; width: 40px;\"><\/div>\n<div style=\"display: flex; flex-direction: column; flex-grow: 1; justify-content: center;\">\n<div style=\"background-color: #f4f4f4; border-radius: 4px; flex-grow: 0; height: 14px; margin-bottom: 6px; width: 100px;\"><\/div>\n<div style=\"background-color: #f4f4f4; border-radius: 4px; flex-grow: 0; height: 14px; width: 60px;\"><\/div>\n<\/div>\n<\/div>\n<div style=\"padding: 19% 0;\"><\/div>\n<div style=\"display: block; height: 50px; margin: 0 auto 12px; width: 50px;\"><\/div>\n<div style=\"padding-top: 8px;\">\n<div style=\"color: #3897f0; font-family: Arial,sans-serif; font-size: 14px; font-style: normal; font-weight: 550; line-height: 18px;\">View this post on Instagram<\/div>\n<\/div>\n<div style=\"padding: 12.5% 0;\"><\/div>\n<div style=\"display: flex; flex-direction: row; margin-bottom: 14px; align-items: center;\">\n<div>\n<div style=\"background-color: #f4f4f4; border-radius: 50%; height: 12.5px; width: 12.5px; transform: translateX(0px) translateY(7px);\"><\/div>\n<div style=\"background-color: #f4f4f4; height: 12.5px; transform: rotate(-45deg) translateX(3px) translateY(1px); width: 12.5px; flex-grow: 0; margin-right: 14px; margin-left: 2px;\"><\/div>\n<div style=\"background-color: #f4f4f4; border-radius: 50%; height: 12.5px; width: 12.5px; transform: translateX(9px) translateY(-18px);\"><\/div>\n<\/div>\n<div style=\"margin-left: 8px;\">\n<div style=\"background-color: #f4f4f4; border-radius: 50%; flex-grow: 0; height: 20px; width: 20px;\"><\/div>\n<div style=\"width: 0; height: 0; border-top: 2px solid transparent; border-left: 6px solid #f4f4f4; border-bottom: 2px solid transparent; transform: translateX(16px) translateY(-4px) rotate(30deg);\"><\/div>\n<\/div>\n<div style=\"margin-left: auto;\">\n<div style=\"width: 0px; border-top: 8px solid #F4F4F4; border-right: 8px solid transparent; transform: translateY(16px);\"><\/div>\n<div style=\"background-color: #f4f4f4; flex-grow: 0; height: 12px; width: 16px; transform: translateY(-4px);\"><\/div>\n<div style=\"width: 0; height: 0; border-top: 8px solid #F4F4F4; border-left: 8px solid transparent; transform: translateY(-4px) translateX(8px);\"><\/div>\n<\/div>\n<\/div>\n<div style=\"display: flex; flex-direction: column; flex-grow: 1; justify-content: center; margin-bottom: 24px;\">\n<div style=\"background-color: #f4f4f4; border-radius: 4px; flex-grow: 0; height: 14px; margin-bottom: 6px; width: 224px;\"><\/div>\n<div style=\"background-color: #f4f4f4; border-radius: 4px; flex-grow: 0; height: 14px; width: 144px;\"><\/div>\n<\/div>\n<p>&nbsp;<\/p>\n<p style=\"color: #c9c8cd; font-family: Arial,sans-serif; font-size: 14px; line-height: 17px; margin-bottom: 0; margin-top: 8px; overflow: hidden; padding: 8px 0 7px; text-align: center; text-overflow: ellipsis; white-space: nowrap;\"><a style=\"color: #c9c8cd; font-family: Arial,sans-serif; font-size: 14px; font-style: normal; font-weight: normal; line-height: 17px; text-decoration: none;\" href=\"https:\/\/www.instagram.com\/p\/CJwfrFrJjuT\/?utm_source=ig_embed&amp;utm_campaign=loading\" target=\"_blank\" rel=\"noopener noreferrer\">A post shared by P!NK (@pink)<\/a><\/p>\n<\/div>\n<\/blockquote>\n<p><script async src=\"\/\/www.instagram.com\/embed.js\"><\/script><\/p>\n<p><span style=\"color: #000000;\">Disa or\u00eb m\u00eb von\u00eb edhe Carey p\u00ebri nj\u00eb postim p\u00ebr p\u00ebrvjetorin, duke ndar\u00eb me fansat nj\u00eb video t\u00eb gruas s\u00eb tij duke k\u00ebrcyer n\u00eb nj\u00eb vark\u00eb me nj\u00eb filxhan plastic n\u00eb duar.<\/span><\/p>\n<p><span style=\"color: #000000;\"><em>\u201c15 vjet me k\u00ebt\u00eb grua t\u00eb mahnitshme! Dreq, zem\u00ebr! Nuk ka asnj\u00eb grua tjet\u00ebr me t\u00eb cil\u00ebn un\u00eb do t\u00eb doja t\u00eb kaloja n\u00ebp\u00ebr k\u00ebt\u00eb bot\u00eb t\u00eb \u00e7mendur p\u00ebrve\u00e7 teje. Faleminderit q\u00eb ishe nj\u00eb mike, grua, n\u00ebn\u00eb dhe person i shk\u00eblqyer.\u201d<\/em>&#8211; shkruan ai.<\/span><\/p>\n<blockquote class=\"instagram-media\" style=\"background: #FFF; border: 0; border-radius: 3px; box-shadow: 0 0 1px 0 rgba(0,0,0,0.5),0 1px 10px 0 rgba(0,0,0,0.15); margin: 1px; max-width: 540px; min-width: 326px; padding: 0; width: calc(100% - 2px);\" data-instgrm-captioned=\"\" data-instgrm-permalink=\"https:\/\/www.instagram.com\/p\/CJw23PdBlaF\/?utm_source=ig_embed&amp;utm_campaign=loading\" data-instgrm-version=\"13\">\n<div style=\"padding: 16px;\">\n<p>&nbsp;<\/p>\n<div style=\"display: flex; flex-direction: row; align-items: center;\">\n<div style=\"background-color: #f4f4f4; border-radius: 50%; flex-grow: 0; height: 40px; margin-right: 14px; width: 40px;\"><\/div>\n<div style=\"display: flex; flex-direction: column; flex-grow: 1; justify-content: center;\">\n<div style=\"background-color: #f4f4f4; border-radius: 4px; flex-grow: 0; height: 14px; margin-bottom: 6px; width: 100px;\"><\/div>\n<div style=\"background-color: #f4f4f4; border-radius: 4px; flex-grow: 0; height: 14px; width: 60px;\"><\/div>\n<\/div>\n<\/div>\n<div style=\"padding: 19% 0;\"><\/div>\n<div style=\"display: block; height: 50px; margin: 0 auto 12px; width: 50px;\"><\/div>\n<div style=\"padding-top: 8px;\">\n<div style=\"color: #3897f0; font-family: Arial,sans-serif; font-size: 14px; font-style: normal; font-weight: 550; line-height: 18px;\">View this post on Instagram<\/div>\n<\/div>\n<div style=\"padding: 12.5% 0;\"><\/div>\n<div style=\"display: flex; flex-direction: row; margin-bottom: 14px; align-items: center;\">\n<div>\n<div style=\"background-color: #f4f4f4; border-radius: 50%; height: 12.5px; width: 12.5px; transform: translateX(0px) translateY(7px);\"><\/div>\n<div style=\"background-color: #f4f4f4; height: 12.5px; transform: rotate(-45deg) translateX(3px) translateY(1px); width: 12.5px; flex-grow: 0; margin-right: 14px; margin-left: 2px;\"><\/div>\n<div style=\"background-color: #f4f4f4; border-radius: 50%; height: 12.5px; width: 12.5px; transform: translateX(9px) translateY(-18px);\"><\/div>\n<\/div>\n<div style=\"margin-left: 8px;\">\n<div style=\"background-color: #f4f4f4; border-radius: 50%; flex-grow: 0; height: 20px; width: 20px;\"><\/div>\n<div style=\"width: 0; height: 0; border-top: 2px solid transparent; border-left: 6px solid #f4f4f4; border-bottom: 2px solid transparent; transform: translateX(16px) translateY(-4px) rotate(30deg);\"><\/div>\n<\/div>\n<div style=\"margin-left: auto;\">\n<div style=\"width: 0px; border-top: 8px solid #F4F4F4; border-right: 8px solid transparent; transform: translateY(16px);\"><\/div>\n<div style=\"background-color: #f4f4f4; flex-grow: 0; height: 12px; width: 16px; transform: translateY(-4px);\"><\/div>\n<div style=\"width: 0; height: 0; border-top: 8px solid #F4F4F4; border-left: 8px solid transparent; transform: translateY(-4px) translateX(8px);\"><\/div>\n<\/div>\n<\/div>\n<div style=\"display: flex; flex-direction: column; flex-grow: 1; justify-content: center; margin-bottom: 24px;\">\n<div style=\"background-color: #f4f4f4; border-radius: 4px; flex-grow: 0; height: 14px; margin-bottom: 6px; width: 224px;\"><\/div>\n<div style=\"background-color: #f4f4f4; border-radius: 4px; flex-grow: 0; height: 14px; width: 144px;\"><\/div>\n<\/div>\n<p>&nbsp;<\/p>\n<p style=\"color: #c9c8cd; font-family: Arial,sans-serif; font-size: 14px; line-height: 17px; margin-bottom: 0; margin-top: 8px; overflow: hidden; padding: 8px 0 7px; text-align: center; text-overflow: ellipsis; white-space: nowrap;\"><a style=\"color: #c9c8cd; font-family: Arial,sans-serif; font-size: 14px; font-style: normal; font-weight: normal; line-height: 17px; text-decoration: none;\" href=\"https:\/\/www.instagram.com\/p\/CJw23PdBlaF\/?utm_source=ig_embed&amp;utm_campaign=loading\" target=\"_blank\" rel=\"noopener noreferrer\">A post shared by Carey Hart (@hartluck)<\/a><\/p>\n<\/div>\n<\/blockquote>\n<p><script async src=\"\/\/www.instagram.com\/embed.js\"><\/script><\/p>\n<p><span style=\"color: #000000;\">Edhe pse ata jan\u00eb t\u00eb martuar p\u00ebr 15 vjet dhe n\u00eb nj\u00eb lidhje p\u00ebr gati 20 vjet, Pink dhe Carey kan\u00eb patur v\u00ebshtir\u00ebsit\u00eb e tyre p\u00ebr t\u00eb mbajtur lidhjen e tyre t\u00eb fort\u00eb.<\/span><\/p>\n<p><span style=\"color: #000000;\">Ata u takuan p\u00ebr her\u00eb t\u00eb par\u00eb n\u00eb Loj\u00ebrat Verore t\u00eb vitit 2001 n\u00eb Filadelfia dhe filluan t\u00eb takoheshin menj\u00ebher\u00eb m\u00eb von\u00eb, por ata pat\u00ebn nj\u00eb ndarje t\u00eb shkurt\u00ebr n\u00eb vitin 2003.<\/span><\/p>\n<p><span style=\"color: #000000;\">\u00c7ifti u pajtua m\u00eb von\u00eb at\u00eb vit, dhe n\u00eb 2005 ai i propozoi asaj p\u00ebr martes\u00eb. Ata u martuan n\u00eb Kosta Rika n\u00eb vitin 2006. Mir\u00ebpo martesa nuk zgjati shum\u00eb, Pink dhe Carey u ndan\u00eb n\u00eb vitin 2008.<\/span><\/p>\n<p><span style=\"color: #000000;\">Megjithat\u00eb ata q\u00ebndruan miq dhe shkuan n\u00eb terapi me shpres\u00ebn p\u00ebr t\u00eb ringjallur marr\u00ebdh\u00ebnien e tyre.<\/span><\/p>\n<p><span style=\"color: #000000;\">Ata u pajtuan n\u00eb vitin 2010, dhe q\u00eb nga ajo koh\u00eb jan\u00eb b\u00ebr\u00eb t\u00eb pandash\u00ebm. N\u00eb vitin 2011 erdhi n\u00eb jet\u00eb vajza e tyre Willow dhe n\u00eb 2016-\u00ebn u b\u00ebn\u00eb edhe me djal\u00eb. Atij ia vun\u00eb emrin Jameson.<\/span><\/p>\n","protected":false,"gt_translate_keys":[{"key":"rendered","format":"html"}]},"excerpt":{"rendered":"<p>Pink feston 15-vjetorin e martes\u00ebs me burrin e saj Carey Hart. K\u00ebng\u00ebtarja dhe kompozitori 41-vje\u00e7ar ndan\u00eb n\u00eb Instagram disa fotografi t\u00eb t\u00eb dyve nd\u00ebr vite, p\u00ebr t\u00eb sh\u00ebnuar k\u00ebt\u00eb rast t\u00eb veccant\u00eb. Pink e shoq\u00ebroi postimin me mbishkrimin: \u201c15 vjet. Krenar p\u00ebr ne i dashur\u201d. \u201cE shikoni, ndonj\u00ebher\u00eb t\u00eb qenit kok\u00ebfort\u00eb ia vlen. \u00c7far\u00eb udh\u00ebtimi [&hellip;]<\/p>\n","protected":false,"gt_translate_keys":[{"key":"rendered","format":"html"}]},"author":30,"featured_media":422468,"comment_status":"open","ping_status":"open","sticky":false,"template":"","format":"standard","meta":{"footnotes":""},"categories":[53],"tags":[],"class_list":["post-422467","post","type-post","status-publish","format-standard","has-post-thumbnail","hentry","category-fast-foodi"],"gt_translate_keys":[{"key":"link","format":"url"}],"_links":{"self":[{"href":"https:\/\/www.hashtag.al\/index.php\/wp-json\/wp\/v2\/posts\/422467","targetHints":{"allow":["GET"]}}],"collection":[{"href":"https:\/\/www.hashtag.al\/index.php\/wp-json\/wp\/v2\/posts"}],"about":[{"href":"https:\/\/www.hashtag.al\/index.php\/wp-json\/wp\/v2\/types\/post"}],"author":[{"embeddable":true,"href":"https:\/\/www.hashtag.al\/index.php\/wp-json\/wp\/v2\/users\/30"}],"replies":[{"embeddable":true,"href":"https:\/\/www.hashtag.al\/index.php\/wp-json\/wp\/v2\/comments?post=422467"}],"version-history":[{"count":0,"href":"https:\/\/www.hashtag.al\/index.php\/wp-json\/wp\/v2\/posts\/422467\/revisions"}],"wp:featuredmedia":[{"embeddable":true,"href":"https:\/\/www.hashtag.al\/index.php\/wp-json\/wp\/v2\/media\/422468"}],"wp:attachment":[{"href":"https:\/\/www.hashtag.al\/index.php\/wp-json\/wp\/v2\/media?parent=422467"}],"wp:term":[{"taxonomy":"category","embeddable":true,"href":"https:\/\/www.hashtag.al\/index.php\/wp-json\/wp\/v2\/categories?post=422467"},{"taxonomy":"post_tag","embeddable":true,"href":"https:\/\/www.hashtag.al\/index.php\/wp-json\/wp\/v2\/tags?post=422467"}],"curies":[{"name":"wp","href":"https:\/\/api.w.org\/{rel}","templated":true}]}}