{"id":422462,"date":"2021-01-10T12:26:03","date_gmt":"2021-01-10T11:26:03","guid":{"rendered":"https:\/\/hashtag.al\/?p=422462"},"modified":"2021-01-10T12:28:17","modified_gmt":"2021-01-10T11:28:17","slug":"basha-sot-ne-shkoder-per-permbytjet-pas-tij-edhe-rama","status":"publish","type":"post","link":"https:\/\/www.hashtag.al\/index.php\/2021\/01\/10\/basha-sot-ne-shkoder-per-permbytjet-pas-tij-edhe-rama\/","title":{"rendered":"Basha sot n\u00eb Shkod\u00ebr p\u00ebr p\u00ebrmbytjet, pas tij edhe Rama","gt_translate_keys":[{"key":"rendered","format":"text"}]},"content":{"rendered":"<p><a href=\"https:\/\/hashtag.al\/wp-content\/uploads\/2021\/01\/basha-rama.jpg\"><img loading=\"lazy\" decoding=\"async\" class=\"aligncenter size-full wp-image-422463\" src=\"https:\/\/hashtag.al\/wp-content\/uploads\/2021\/01\/basha-rama.jpg\" alt=\"\" width=\"1600\" height=\"600\" srcset=\"https:\/\/www.hashtag.al\/wp-content\/uploads\/2021\/01\/basha-rama.jpg 1600w, https:\/\/www.hashtag.al\/wp-content\/uploads\/2021\/01\/basha-rama-300x113.jpg 300w, https:\/\/www.hashtag.al\/wp-content\/uploads\/2021\/01\/basha-rama-768x288.jpg 768w, https:\/\/www.hashtag.al\/wp-content\/uploads\/2021\/01\/basha-rama-1024x384.jpg 1024w\" sizes=\"auto, (max-width: 1600px) 100vw, 1600px\" \/><\/a><\/p>\n<p><span style=\"color: #000000;\">Kryeministri Edi Rama dhe kryedemokrati Lulzim Basha, q\u00eb t\u00eb dy k\u00ebt\u00eb t\u00eb diel\u00eb kan\u00eb vendosur t\u00eb shkojn\u00eb n\u00eb Shkod\u00ebr p\u00ebr t\u00eb par\u00eb nga af\u00ebr situat\u00ebn e krijuar nga p\u00ebrmbytjet.<\/span><\/p>\n<p><span style=\"color: #000000;\">Si\u00e7 ka b\u00ebr\u00eb me dije PD-ja, Basha ka takuar banor\u00ebt e zonave t\u00eb p\u00ebrmbytura nga reshjet masive t\u00eb dit\u00ebve t\u00eb fundit.<\/span><\/p>\n<p><span style=\"color: #000000;\">Nd\u00ebrsa pas tij, edhe kryeministria njoftoi se kryeministri Rama do t\u00eb ishte sot n\u00eb Shkod\u00ebr, nj\u00eb nd\u00ebr qarqet m\u00eb problematike nga p\u00ebrmbytjet.<\/span><\/p>\n<p><span style=\"color: #000000;\">Deri m\u00eb tani, n\u00eb Shkod\u00ebr ndodhen n\u00ebn pushtetin e ujit 1959 hektar\u00eb tok\u00eb, nd\u00ebrsa fshati Obot \u00ebsht\u00eb i bllokuar pas reshjeve intensive q\u00eb kan\u00eb vijuar pand\u00ebrprerje n\u00eb dit\u00ebt e fundit.<\/span><\/p>\n","protected":false,"gt_translate_keys":[{"key":"rendered","format":"html"}]},"excerpt":{"rendered":"<p>Kryeministri Edi Rama dhe kryedemokrati Lulzim Basha, q\u00eb t\u00eb dy k\u00ebt\u00eb t\u00eb diel\u00eb kan\u00eb vendosur t\u00eb shkojn\u00eb n\u00eb Shkod\u00ebr p\u00ebr t\u00eb par\u00eb nga af\u00ebr situat\u00ebn e krijuar nga p\u00ebrmbytjet. Si\u00e7 ka b\u00ebr\u00eb me dije PD-ja, Basha ka takuar banor\u00ebt e zonave t\u00eb p\u00ebrmbytura nga reshjet masive t\u00eb dit\u00ebve t\u00eb fundit. Nd\u00ebrsa pas tij, edhe kryeministria [&hellip;]<\/p>\n","protected":false,"gt_translate_keys":[{"key":"rendered","format":"html"}]},"author":30,"featured_media":422463,"comment_status":"open","ping_status":"open","sticky":false,"template":"","format":"standard","meta":{"footnotes":""},"categories":[65,13],"tags":[],"class_list":["post-422462","post","type-post","status-publish","format-standard","has-post-thumbnail","hentry","category-lajme","category-te-fundit"],"gt_translate_keys":[{"key":"link","format":"url"}],"_links":{"self":[{"href":"https:\/\/www.hashtag.al\/index.php\/wp-json\/wp\/v2\/posts\/422462","targetHints":{"allow":["GET"]}}],"collection":[{"href":"https:\/\/www.hashtag.al\/index.php\/wp-json\/wp\/v2\/posts"}],"about":[{"href":"https:\/\/www.hashtag.al\/index.php\/wp-json\/wp\/v2\/types\/post"}],"author":[{"embeddable":true,"href":"https:\/\/www.hashtag.al\/index.php\/wp-json\/wp\/v2\/users\/30"}],"replies":[{"embeddable":true,"href":"https:\/\/www.hashtag.al\/index.php\/wp-json\/wp\/v2\/comments?post=422462"}],"version-history":[{"count":0,"href":"https:\/\/www.hashtag.al\/index.php\/wp-json\/wp\/v2\/posts\/422462\/revisions"}],"wp:featuredmedia":[{"embeddable":true,"href":"https:\/\/www.hashtag.al\/index.php\/wp-json\/wp\/v2\/media\/422463"}],"wp:attachment":[{"href":"https:\/\/www.hashtag.al\/index.php\/wp-json\/wp\/v2\/media?parent=422462"}],"wp:term":[{"taxonomy":"category","embeddable":true,"href":"https:\/\/www.hashtag.al\/index.php\/wp-json\/wp\/v2\/categories?post=422462"},{"taxonomy":"post_tag","embeddable":true,"href":"https:\/\/www.hashtag.al\/index.php\/wp-json\/wp\/v2\/tags?post=422462"}],"curies":[{"name":"wp","href":"https:\/\/api.w.org\/{rel}","templated":true}]}}