{"id":422167,"date":"2021-01-08T17:05:16","date_gmt":"2021-01-08T16:05:16","guid":{"rendered":"https:\/\/hashtag.al\/?p=422167"},"modified":"2021-01-08T17:05:16","modified_gmt":"2021-01-08T16:05:16","slug":"rreshqitje-dherash-ne-mirdite-rrezikohet-shembja-e-disa-shtepive","status":"publish","type":"post","link":"https:\/\/www.hashtag.al\/index.php\/2021\/01\/08\/rreshqitje-dherash-ne-mirdite-rrezikohet-shembja-e-disa-shtepive\/","title":{"rendered":"Rr\u00ebshqitje dherash n\u00eb Mirdit\u00eb, rrezikohet shembja e disa sht\u00ebpive","gt_translate_keys":[{"key":"rendered","format":"text"}]},"content":{"rendered":"<p><img loading=\"lazy\" decoding=\"async\" class=\"aligncenter size-full wp-image-422168\" src=\"https:\/\/hashtag.al\/wp-content\/uploads\/2021\/01\/rreshqitje.jpg\" alt=\"\" width=\"909\" height=\"484\" srcset=\"https:\/\/www.hashtag.al\/wp-content\/uploads\/2021\/01\/rreshqitje.jpg 909w, https:\/\/www.hashtag.al\/wp-content\/uploads\/2021\/01\/rreshqitje-300x160.jpg 300w, https:\/\/www.hashtag.al\/wp-content\/uploads\/2021\/01\/rreshqitje-768x409.jpg 768w, https:\/\/www.hashtag.al\/wp-content\/uploads\/2021\/01\/rreshqitje-620x330.jpg 620w\" sizes=\"auto, (max-width: 909px) 100vw, 909px\" \/><\/p>\n<p><span style=\"color: #000000;\">Vendi yn\u00eb \u00ebsht\u00eb p\u00ebrfshir\u00eb q\u00eb prej 6 janarit nga reshje t\u00eb dendura shiu q\u00eb kan\u00eb shkaktuar p\u00ebrmbytje n\u00eb disa zona, por dhe rr\u00ebshqitje t\u00eb dherave.<\/span><\/p>\n<p><span style=\"color: #000000;\">Nj\u00eb situat\u00eb e till\u00eb \u00ebsht\u00eb regjistruar n\u00eb fshatin Klod t\u00eb nj\u00ebsis\u00eb Administrative Fan n\u00eb Mirdit\u00eb.<\/span><\/p>\n<p><span style=\"color: #000000;\">M\u00ebsohet se nga reshjet me intensitet t\u00eb lart\u00eb ka pasur rr\u00ebshqitje t\u00eb dherave. Nd\u00ebrkoh\u00eb, k\u00ebto rr\u00ebshqitje rrezikojn\u00eb prishjen e banesave.<\/span><\/p>\n<p>&nbsp;<\/p>\n","protected":false,"gt_translate_keys":[{"key":"rendered","format":"html"}]},"excerpt":{"rendered":"<p>Vendi yn\u00eb \u00ebsht\u00eb p\u00ebrfshir\u00eb q\u00eb prej 6 janarit nga reshje t\u00eb dendura shiu q\u00eb kan\u00eb shkaktuar p\u00ebrmbytje n\u00eb disa zona, por dhe rr\u00ebshqitje t\u00eb dherave. Nj\u00eb situat\u00eb e till\u00eb \u00ebsht\u00eb regjistruar n\u00eb fshatin Klod t\u00eb nj\u00ebsis\u00eb Administrative Fan n\u00eb Mirdit\u00eb. M\u00ebsohet se nga reshjet me intensitet t\u00eb lart\u00eb ka pasur rr\u00ebshqitje t\u00eb dherave. Nd\u00ebrkoh\u00eb, k\u00ebto [&hellip;]<\/p>\n","protected":false,"gt_translate_keys":[{"key":"rendered","format":"html"}]},"author":32,"featured_media":422168,"comment_status":"open","ping_status":"open","sticky":false,"template":"","format":"standard","meta":{"footnotes":""},"categories":[65,13],"tags":[],"class_list":["post-422167","post","type-post","status-publish","format-standard","has-post-thumbnail","hentry","category-lajme","category-te-fundit"],"gt_translate_keys":[{"key":"link","format":"url"}],"_links":{"self":[{"href":"https:\/\/www.hashtag.al\/index.php\/wp-json\/wp\/v2\/posts\/422167","targetHints":{"allow":["GET"]}}],"collection":[{"href":"https:\/\/www.hashtag.al\/index.php\/wp-json\/wp\/v2\/posts"}],"about":[{"href":"https:\/\/www.hashtag.al\/index.php\/wp-json\/wp\/v2\/types\/post"}],"author":[{"embeddable":true,"href":"https:\/\/www.hashtag.al\/index.php\/wp-json\/wp\/v2\/users\/32"}],"replies":[{"embeddable":true,"href":"https:\/\/www.hashtag.al\/index.php\/wp-json\/wp\/v2\/comments?post=422167"}],"version-history":[{"count":0,"href":"https:\/\/www.hashtag.al\/index.php\/wp-json\/wp\/v2\/posts\/422167\/revisions"}],"wp:featuredmedia":[{"embeddable":true,"href":"https:\/\/www.hashtag.al\/index.php\/wp-json\/wp\/v2\/media\/422168"}],"wp:attachment":[{"href":"https:\/\/www.hashtag.al\/index.php\/wp-json\/wp\/v2\/media?parent=422167"}],"wp:term":[{"taxonomy":"category","embeddable":true,"href":"https:\/\/www.hashtag.al\/index.php\/wp-json\/wp\/v2\/categories?post=422167"},{"taxonomy":"post_tag","embeddable":true,"href":"https:\/\/www.hashtag.al\/index.php\/wp-json\/wp\/v2\/tags?post=422167"}],"curies":[{"name":"wp","href":"https:\/\/api.w.org\/{rel}","templated":true}]}}