{"id":422095,"date":"2021-01-08T11:43:38","date_gmt":"2021-01-08T10:43:38","guid":{"rendered":"https:\/\/hashtag.al\/?p=422095"},"modified":"2021-01-08T11:46:33","modified_gmt":"2021-01-08T10:46:33","slug":"situata-nga-reshje-ne-shkoder-kritike-nderhyrjet-kane-qene-fasade-denoncimi-i-pd-se-video","status":"publish","type":"post","link":"https:\/\/www.hashtag.al\/index.php\/2021\/01\/08\/situata-nga-reshje-ne-shkoder-kritike-nderhyrjet-kane-qene-fasade-denoncimi-i-pd-se-video\/","title":{"rendered":"&#8220;Situata nga reshjet n\u00eb Shkod\u00ebr kritike, nd\u00ebrhyrjet kan\u00eb qen\u00eb fasad\u00eb&#8221; &#8211; Denoncimi i PD-s\u00eb (Video)","gt_translate_keys":[{"key":"rendered","format":"text"}]},"content":{"rendered":"<p><img loading=\"lazy\" decoding=\"async\" class=\"aligncenter size-full wp-image-422096\" src=\"https:\/\/hashtag.al\/wp-content\/uploads\/2021\/01\/helidon.jpg2_.jpg\" alt=\"\" width=\"960\" height=\"1280\" \/><\/p>\n<p><span style=\"color: #000000;\">Situata n\u00eb Shkod\u00ebr p\u00ebr sa u p\u00ebrket p\u00ebrmbytjeve \u00ebsht\u00eb kritike. Denoncimi \u00ebsht\u00eb b\u00ebr\u00eb nga drejtuesi politik i PD-s\u00eb n\u00eb k\u00ebt\u00eb qark, Helidon Bushati. <\/span><\/p>\n<p><span style=\"color: #000000;\">Ai shkruan se kalimi n\u00eb zon\u00ebn e N\u00ebnshkodr\u00ebs ka qen\u00eb dhe mbetet tejet i v\u00ebshtir\u00eb p\u00ebr shkak t\u00eb reshjeve t\u00eb shiut. Zyrtari demokrat akuzon qeverin\u00eb p\u00ebr keqmenaxhimin dhe munges\u00ebn e reagimit n\u00eb l\u00ebt\u00eb situat\u00eb. <\/span><\/p>\n<p><span style=\"color: #000000;\">Bushati shton se mij\u00ebra hektar\u00eb tok\u00eb jan\u00eb p\u00ebrmbytur e shum\u00eb banesa rrezikohen nd\u00ebrsa nd\u00ebrhyrjet n\u00eb zon\u00eb kan\u00eb qen\u00eb vet\u00ebm p\u00ebr fasad\u00eb.<\/span><\/p>\n<p><span style=\"color: #000000;\"><em>\u201cM\u00ebngjesin e sot\u00ebm ishte tejet i v\u00ebshtire kalimi n\u00eb zon\u00ebn e N\u00ebnshkodr\u00ebs, p\u00ebr shkak t\u00eb intesitetit t\u00eb reshjeve gjat\u00eb nat\u00ebs. N\u00eb nj\u00eb koh\u00eb q\u00eb Instituti i Gjeoshkenc\u00ebs, Energjis\u00eb, Ujit dhe Mjedisit ka dh\u00ebn\u00eb paralajm\u00ebrimin p\u00ebr nj\u00eb p\u00ebrkeq\u00ebsim t\u00eb mundsh\u00ebm t\u00eb situat\u00ebs hidrometeorologjike n\u00eb vend, banor\u00ebt e N\u00ebnshkodres po ndeshen me keqmenaxhimin dhe munges\u00ebn e reagimit t\u00eb institucioneve p\u00ebrgjegj\u00ebse n\u00eb k\u00ebt\u00eb situat\u00eb tejet problematike. Mij\u00ebra hektar\u00eb tok\u00eb jan\u00eb p\u00ebrmbytur nd\u00ebrsa rrezikohen edhe shum\u00eb banesa. Situata \u00ebsht\u00eb emergjente! Duhen marr\u00eb masa t\u00eb menj\u00ebhershme! Kjo problematik\u00eb nuk \u00ebsht\u00eb e re dhe e panjohur, k\u00ebto zona nd\u00ebr vite kan\u00eb vuajtur munges\u00ebn e menaxhimeve, nd\u00ebrsa nd\u00ebrhyrjet kan\u00eb qen\u00eb vet\u00ebm p\u00ebr fasad\u00eb.\u201d \u2013<\/em> shkruan Bushati n\u00eb postimin e tij.<\/span><\/p>\n<div style=\"width: 720px;\" class=\"wp-video\"><video class=\"wp-video-shortcode\" id=\"video-422095-1\" width=\"720\" height=\"1270\" preload=\"metadata\" controls=\"controls\"><source type=\"video\/mp4\" src=\"https:\/\/hashtag.al\/wp-content\/uploads\/2021\/01\/helidon2.mp4?_=1\" \/><a href=\"https:\/\/hashtag.al\/wp-content\/uploads\/2021\/01\/helidon2.mp4\">https:\/\/hashtag.al\/wp-content\/uploads\/2021\/01\/helidon2.mp4<\/a><\/video><\/div>\n<div style=\"width: 854px;\" class=\"wp-video\"><video class=\"wp-video-shortcode\" id=\"video-422095-2\" width=\"854\" height=\"484\" preload=\"metadata\" controls=\"controls\"><source type=\"video\/mp4\" src=\"https:\/\/hashtag.al\/wp-content\/uploads\/2021\/01\/bushatihelidon.mp4?_=2\" \/><a href=\"https:\/\/hashtag.al\/wp-content\/uploads\/2021\/01\/bushatihelidon.mp4\">https:\/\/hashtag.al\/wp-content\/uploads\/2021\/01\/bushatihelidon.mp4<\/a><\/video><\/div>\n","protected":false,"gt_translate_keys":[{"key":"rendered","format":"html"}]},"excerpt":{"rendered":"<p>Situata n\u00eb Shkod\u00ebr p\u00ebr sa u p\u00ebrket p\u00ebrmbytjeve \u00ebsht\u00eb kritike. Denoncimi \u00ebsht\u00eb b\u00ebr\u00eb nga drejtuesi politik i PD-s\u00eb n\u00eb k\u00ebt\u00eb qark, Helidon Bushati. Ai shkruan se kalimi n\u00eb zon\u00ebn e N\u00ebnshkodr\u00ebs ka qen\u00eb dhe mbetet tejet i v\u00ebshtir\u00eb p\u00ebr shkak t\u00eb reshjeve t\u00eb shiut. Zyrtari demokrat akuzon qeverin\u00eb p\u00ebr keqmenaxhimin dhe munges\u00ebn e reagimit n\u00eb [&hellip;]<\/p>\n","protected":false,"gt_translate_keys":[{"key":"rendered","format":"html"}]},"author":51,"featured_media":422096,"comment_status":"open","ping_status":"open","sticky":false,"template":"","format":"standard","meta":{"footnotes":""},"categories":[65,13],"tags":[],"class_list":["post-422095","post","type-post","status-publish","format-standard","has-post-thumbnail","hentry","category-lajme","category-te-fundit"],"gt_translate_keys":[{"key":"link","format":"url"}],"_links":{"self":[{"href":"https:\/\/www.hashtag.al\/index.php\/wp-json\/wp\/v2\/posts\/422095","targetHints":{"allow":["GET"]}}],"collection":[{"href":"https:\/\/www.hashtag.al\/index.php\/wp-json\/wp\/v2\/posts"}],"about":[{"href":"https:\/\/www.hashtag.al\/index.php\/wp-json\/wp\/v2\/types\/post"}],"author":[{"embeddable":true,"href":"https:\/\/www.hashtag.al\/index.php\/wp-json\/wp\/v2\/users\/51"}],"replies":[{"embeddable":true,"href":"https:\/\/www.hashtag.al\/index.php\/wp-json\/wp\/v2\/comments?post=422095"}],"version-history":[{"count":0,"href":"https:\/\/www.hashtag.al\/index.php\/wp-json\/wp\/v2\/posts\/422095\/revisions"}],"wp:featuredmedia":[{"embeddable":true,"href":"https:\/\/www.hashtag.al\/index.php\/wp-json\/wp\/v2\/media\/422096"}],"wp:attachment":[{"href":"https:\/\/www.hashtag.al\/index.php\/wp-json\/wp\/v2\/media?parent=422095"}],"wp:term":[{"taxonomy":"category","embeddable":true,"href":"https:\/\/www.hashtag.al\/index.php\/wp-json\/wp\/v2\/categories?post=422095"},{"taxonomy":"post_tag","embeddable":true,"href":"https:\/\/www.hashtag.al\/index.php\/wp-json\/wp\/v2\/tags?post=422095"}],"curies":[{"name":"wp","href":"https:\/\/api.w.org\/{rel}","templated":true}]}}