{"id":422090,"date":"2021-01-08T11:27:18","date_gmt":"2021-01-08T10:27:18","guid":{"rendered":"https:\/\/hashtag.al\/?p=422090"},"modified":"2021-01-08T11:27:18","modified_gmt":"2021-01-08T10:27:18","slug":"ministri-cuci-pas-operacionit-antidroge-ne-skrapar-do-godasim-cdokend-te-perfshire-ne-paligjshmeri","status":"publish","type":"post","link":"https:\/\/www.hashtag.al\/index.php\/2021\/01\/08\/ministri-cuci-pas-operacionit-antidroge-ne-skrapar-do-godasim-cdokend-te-perfshire-ne-paligjshmeri\/","title":{"rendered":"Ministri \u00c7u\u00e7i pas operacionit antidrog\u00eb n\u00eb Skrapar: Do godasim \u00e7dok\u00ebnd t\u00eb p\u00ebrfshir\u00eb n\u00eb paligjshm\u00ebri","gt_translate_keys":[{"key":"rendered","format":"text"}]},"content":{"rendered":"<p><img loading=\"lazy\" decoding=\"async\" class=\"aligncenter size-full wp-image-422091\" src=\"https:\/\/hashtag.al\/wp-content\/uploads\/2021\/01\/cuci.png\" alt=\"\" width=\"512\" height=\"268\" srcset=\"https:\/\/www.hashtag.al\/wp-content\/uploads\/2021\/01\/cuci.png 512w, https:\/\/www.hashtag.al\/wp-content\/uploads\/2021\/01\/cuci-300x157.png 300w\" sizes=\"auto, (max-width: 512px) 100vw, 512px\" \/><\/p>\n<p><span style=\"color: #000000;\">Menj\u00ebher\u00eb pas operacionit antidrog\u00eb n\u00eb Skrapar ku jan\u00eb arrestuar dhjet\u00ebra persona, mes t\u00eb cil\u00ebve edhe efektiv\u00eb policie e zyrtar\u00eb, ka ardhur reagimi i ministrit t\u00eb Brendsh\u00ebm, \u00c7u\u00e7i. <\/span><\/p>\n<p><span style=\"color: #000000;\">Ai thekson se institucioni q\u00eb drejton do thelloj\u00eb dhe shtrij\u00eb hetimet gjith\u00ebp\u00ebrfshir\u00ebse p\u00ebr goditur ata q\u00eb do provojn\u00eb t\u00eb p\u00ebrfshihen n\u00eb paligjshm\u00ebri.<\/span><\/p>\n<p><span style=\"color: #000000;\"><em>\u201c\u00cbsht\u00eb p\u00ebrmbyllur sot nj\u00eb operacion i r\u00ebnd\u00ebsish\u00ebm p\u00ebr goditjen e fenomenit t\u00eb kultivimit t\u00eb kanabisit n\u00eb vend. Ky hetim i iniciuar nga SH\u00c7BA dhe i ndjekur n\u00eb m\u00ebnyr\u00eb profesionale nga Policia e Shtetit, n\u00eb bashk\u00ebpunim t\u00eb ngusht\u00eb dhe n\u00ebn drejtimin e SPAK, u finalizua me ekzekutimin e 23 vendimeve t\u00eb Gjykat\u00ebs s\u00eb Posa\u00e7me p\u00ebr Korrupsion dhe Krimin e Organizuar. <\/em><\/span><\/p>\n<p><span style=\"color: #000000;\"><em>P\u00ebrg\u00ebzime p\u00ebr strukturat e angazhuara n\u00eb k\u00ebt\u00eb mega-operacion, t\u00eb shtrir\u00eb n\u00eb koh\u00eb dhe n\u00eb gjith\u00eb hallkat e zinxhirit, nga kultivuesit e bim\u00ebve narkotike, autoritetet lokale e deri tek zyrtar\u00ebt e Policis\u00eb s\u00eb Shtetit, q\u00eb duke shp\u00ebrdoruar detyr\u00ebn u b\u00ebn\u00eb pal\u00eb n\u00eb k\u00ebt\u00eb aktivitet kriminal. <\/em><\/span><\/p>\n<p><span style=\"color: #000000;\"><em>Shpreh bindjen dhe angazhimin e Ministris\u00eb s\u00eb Brendshme, p\u00ebr thellimin dhe shtrirjen e hetimeve gjith\u00ebp\u00ebrfshir\u00ebse, p\u00ebr t\u00eb goditur \u00e7dok\u00ebnd q\u00eb do t\u00eb tentoj\u00eb t\u00eb p\u00ebrfshihet n\u00eb paligjshm\u00ebri, duke i p\u00ebrballur ata me drejt\u00ebsin\u00eb. Vet\u00ebm k\u00ebshtu do t\u00eb nd\u00ebrtojm\u00eb nj\u00eb Shqip\u00ebri m\u00eb t\u00eb sigurt e m\u00eb t\u00eb mir\u00eb p\u00ebr t\u00eb gjith\u00eb.\u201d<\/em> \u2013 thuhet n\u00eb reagimin e \u00c7u\u00e7it.<\/span><\/p>\n","protected":false,"gt_translate_keys":[{"key":"rendered","format":"html"}]},"excerpt":{"rendered":"<p>Menj\u00ebher\u00eb pas operacionit antidrog\u00eb n\u00eb Skrapar ku jan\u00eb arrestuar dhjet\u00ebra persona, mes t\u00eb cil\u00ebve edhe efektiv\u00eb policie e zyrtar\u00eb, ka ardhur reagimi i ministrit t\u00eb Brendsh\u00ebm, \u00c7u\u00e7i. Ai thekson se institucioni q\u00eb drejton do thelloj\u00eb dhe shtrij\u00eb hetimet gjith\u00ebp\u00ebrfshir\u00ebse p\u00ebr goditur ata q\u00eb do provojn\u00eb t\u00eb p\u00ebrfshihen n\u00eb paligjshm\u00ebri. \u201c\u00cbsht\u00eb p\u00ebrmbyllur sot nj\u00eb operacion i [&hellip;]<\/p>\n","protected":false,"gt_translate_keys":[{"key":"rendered","format":"html"}]},"author":51,"featured_media":422091,"comment_status":"open","ping_status":"open","sticky":false,"template":"","format":"standard","meta":{"footnotes":""},"categories":[65,13],"tags":[],"class_list":["post-422090","post","type-post","status-publish","format-standard","has-post-thumbnail","hentry","category-lajme","category-te-fundit"],"gt_translate_keys":[{"key":"link","format":"url"}],"_links":{"self":[{"href":"https:\/\/www.hashtag.al\/index.php\/wp-json\/wp\/v2\/posts\/422090","targetHints":{"allow":["GET"]}}],"collection":[{"href":"https:\/\/www.hashtag.al\/index.php\/wp-json\/wp\/v2\/posts"}],"about":[{"href":"https:\/\/www.hashtag.al\/index.php\/wp-json\/wp\/v2\/types\/post"}],"author":[{"embeddable":true,"href":"https:\/\/www.hashtag.al\/index.php\/wp-json\/wp\/v2\/users\/51"}],"replies":[{"embeddable":true,"href":"https:\/\/www.hashtag.al\/index.php\/wp-json\/wp\/v2\/comments?post=422090"}],"version-history":[{"count":0,"href":"https:\/\/www.hashtag.al\/index.php\/wp-json\/wp\/v2\/posts\/422090\/revisions"}],"wp:featuredmedia":[{"embeddable":true,"href":"https:\/\/www.hashtag.al\/index.php\/wp-json\/wp\/v2\/media\/422091"}],"wp:attachment":[{"href":"https:\/\/www.hashtag.al\/index.php\/wp-json\/wp\/v2\/media?parent=422090"}],"wp:term":[{"taxonomy":"category","embeddable":true,"href":"https:\/\/www.hashtag.al\/index.php\/wp-json\/wp\/v2\/categories?post=422090"},{"taxonomy":"post_tag","embeddable":true,"href":"https:\/\/www.hashtag.al\/index.php\/wp-json\/wp\/v2\/tags?post=422090"}],"curies":[{"name":"wp","href":"https:\/\/api.w.org\/{rel}","templated":true}]}}