{"id":421908,"date":"2021-01-07T12:49:09","date_gmt":"2021-01-07T11:49:09","guid":{"rendered":"https:\/\/hashtag.al\/?p=421908"},"modified":"2021-01-07T12:49:09","modified_gmt":"2021-01-07T11:49:09","slug":"ishte-larguar-nga-banesa-ne-29-dhjetor-2019-gjendet-e-mbytur-ne-breg-te-liqenit-te-shkodres-80-vjecarja","status":"publish","type":"post","link":"https:\/\/www.hashtag.al\/index.php\/2021\/01\/07\/ishte-larguar-nga-banesa-ne-29-dhjetor-2019-gjendet-e-mbytur-ne-breg-te-liqenit-te-shkodres-80-vjecarja\/","title":{"rendered":"Ishte larguar nga banesa n\u00eb 29 dhjetor 2019, gjendet e mbytur n\u00eb breg t\u00eb liqenit t\u00eb Shkodr\u00ebs 80-vje\u00e7arja","gt_translate_keys":[{"key":"rendered","format":"text"}]},"content":{"rendered":"<p><img loading=\"lazy\" decoding=\"async\" class=\"aligncenter size-full wp-image-421909\" src=\"https:\/\/hashtag.al\/wp-content\/uploads\/2021\/01\/liqenishkoder.jpg\" alt=\"\" width=\"700\" height=\"394\" srcset=\"https:\/\/www.hashtag.al\/wp-content\/uploads\/2021\/01\/liqenishkoder.jpg 700w, https:\/\/www.hashtag.al\/wp-content\/uploads\/2021\/01\/liqenishkoder-300x169.jpg 300w\" sizes=\"auto, (max-width: 700px) 100vw, 700px\" \/><\/p>\n<p><span style=\"color: #000000;\">Nj\u00eb 80-vjecare \u00ebsht\u00eb gjetur e mbytur n\u00eb breg t\u00eb liqenit t\u00eb Shkodr\u00ebs. <\/span><\/p>\n<p><span style=\"color: #000000;\">Sipas policis\u00eb b\u00ebhet fjal\u00eb p\u00ebr shtetase File Kodra, nd\u00ebrsa n\u00eb njoftim thuhet se ajo vuante nga probleme t\u00eb sh\u00ebndetit mendor. <\/span><\/p>\n<p><span style=\"color: #000000;\">Ajo rezulton se ishte larguar n\u00eb banesa n\u00eb dat\u00ebn 29 dhjetor 2019.<\/span><\/p>\n<p><span style=\"color: #000000;\"><strong>Njoftimi<\/strong><\/span><\/p>\n<p><span style=\"color: #000000;\"><em>\u201cM\u00eb dat\u00eb 07.01.2021, rreth or\u00ebs 11:50, n\u00eb fshatin Dobra\u00e7, Shkod\u00ebr, n\u00eb breg t\u00eb liqenit t\u00eb Shkodr\u00ebs \u00ebsht\u00eb gjetur e mbytur shtetasja F. K., 80 vje\u00e7e, banuese n\u00eb fshatin Dobra\u00e7, Shkod\u00ebr, e cila vuante nga probleme t\u00eb sh\u00ebndetit mendor. Kjo shtetase ishte larguar nga banesa q\u00eb m\u00eb dat\u00eb 29.12.2020. Nga verifikimet paraprake nuk jan\u00eb konstatuar shenja dhune. Veprimet po kryhen me grup hetimor, p\u00ebr sqarimin e rrethanave t\u00eb k\u00ebsaj ngjarjeje.\u201d<\/em><\/span><\/p>\n","protected":false,"gt_translate_keys":[{"key":"rendered","format":"html"}]},"excerpt":{"rendered":"<p>Nj\u00eb 80-vjecare \u00ebsht\u00eb gjetur e mbytur n\u00eb breg t\u00eb liqenit t\u00eb Shkodr\u00ebs. Sipas policis\u00eb b\u00ebhet fjal\u00eb p\u00ebr shtetase File Kodra, nd\u00ebrsa n\u00eb njoftim thuhet se ajo vuante nga probleme t\u00eb sh\u00ebndetit mendor. Ajo rezulton se ishte larguar n\u00eb banesa n\u00eb dat\u00ebn 29 dhjetor 2019. Njoftimi \u201cM\u00eb dat\u00eb 07.01.2021, rreth or\u00ebs 11:50, n\u00eb fshatin Dobra\u00e7, Shkod\u00ebr, [&hellip;]<\/p>\n","protected":false,"gt_translate_keys":[{"key":"rendered","format":"html"}]},"author":51,"featured_media":421909,"comment_status":"open","ping_status":"open","sticky":false,"template":"","format":"standard","meta":{"footnotes":""},"categories":[65,13],"tags":[],"class_list":["post-421908","post","type-post","status-publish","format-standard","has-post-thumbnail","hentry","category-lajme","category-te-fundit"],"gt_translate_keys":[{"key":"link","format":"url"}],"_links":{"self":[{"href":"https:\/\/www.hashtag.al\/index.php\/wp-json\/wp\/v2\/posts\/421908","targetHints":{"allow":["GET"]}}],"collection":[{"href":"https:\/\/www.hashtag.al\/index.php\/wp-json\/wp\/v2\/posts"}],"about":[{"href":"https:\/\/www.hashtag.al\/index.php\/wp-json\/wp\/v2\/types\/post"}],"author":[{"embeddable":true,"href":"https:\/\/www.hashtag.al\/index.php\/wp-json\/wp\/v2\/users\/51"}],"replies":[{"embeddable":true,"href":"https:\/\/www.hashtag.al\/index.php\/wp-json\/wp\/v2\/comments?post=421908"}],"version-history":[{"count":0,"href":"https:\/\/www.hashtag.al\/index.php\/wp-json\/wp\/v2\/posts\/421908\/revisions"}],"wp:featuredmedia":[{"embeddable":true,"href":"https:\/\/www.hashtag.al\/index.php\/wp-json\/wp\/v2\/media\/421909"}],"wp:attachment":[{"href":"https:\/\/www.hashtag.al\/index.php\/wp-json\/wp\/v2\/media?parent=421908"}],"wp:term":[{"taxonomy":"category","embeddable":true,"href":"https:\/\/www.hashtag.al\/index.php\/wp-json\/wp\/v2\/categories?post=421908"},{"taxonomy":"post_tag","embeddable":true,"href":"https:\/\/www.hashtag.al\/index.php\/wp-json\/wp\/v2\/tags?post=421908"}],"curies":[{"name":"wp","href":"https:\/\/api.w.org\/{rel}","templated":true}]}}