{"id":421821,"date":"2021-01-07T09:38:44","date_gmt":"2021-01-07T08:38:44","guid":{"rendered":"https:\/\/hashtag.al\/?p=421821"},"modified":"2021-01-07T09:38:44","modified_gmt":"2021-01-07T08:38:44","slug":"adoleshentet-vjedhin-laboratorin-e-informatikes-ne-shkollen-e-kukesit","status":"publish","type":"post","link":"https:\/\/www.hashtag.al\/index.php\/2021\/01\/07\/adoleshentet-vjedhin-laboratorin-e-informatikes-ne-shkollen-e-kukesit\/","title":{"rendered":"Adoleshent\u00ebt vjedhin laboratorin e Informatik\u00ebs n\u00eb shkoll\u00ebn e Kuk\u00ebsit","gt_translate_keys":[{"key":"rendered","format":"text"}]},"content":{"rendered":"<p><a href=\"https:\/\/hashtag.al\/wp-content\/uploads\/2021\/01\/oiii-770x433.jpg\"><img loading=\"lazy\" decoding=\"async\" class=\"aligncenter size-full wp-image-421822\" src=\"https:\/\/hashtag.al\/wp-content\/uploads\/2021\/01\/oiii-770x433.jpg\" alt=\"\" width=\"770\" height=\"433\" srcset=\"https:\/\/www.hashtag.al\/wp-content\/uploads\/2021\/01\/oiii-770x433.jpg 770w, https:\/\/www.hashtag.al\/wp-content\/uploads\/2021\/01\/oiii-770x433-300x169.jpg 300w, https:\/\/www.hashtag.al\/wp-content\/uploads\/2021\/01\/oiii-770x433-768x432.jpg 768w\" sizes=\"auto, (max-width: 770px) 100vw, 770px\" \/><\/a><\/p>\n<p><span style=\"color: #000000;\">Disa adoleshent\u00eb kan\u00eb grabitur laboratorin e informatik\u00ebs n\u00eb shkoll\u00ebn e mesme t\u00eb Kuk\u00ebsit.<\/span><\/p>\n<p><span style=\"color: #000000;\"> Policia thot\u00eb se tre t\u00eb mitur kan\u00eb shkat\u00ebrruar dyert e shkoll\u00ebs dhe jan\u00eb futur n\u00eb laboratorin e Informatik\u00ebs ku kan\u00eb vjedhur 5 kompjutera dhe disa aksesor\u00eb t\u00eb tjer\u00eb.<\/span><\/p>\n<p><span style=\"color: #000000;\">Ata jan\u00eb identifikuar por nuk jan\u00eb v\u00ebn\u00eb n\u00eb pranga p\u00ebr shkak t\u00eb mosh\u00ebs s\u00eb mitur dhe po procedohen n\u00eb gjendje t\u00eb lir\u00eb.<\/span><\/p>\n<p><strong><span style=\"color: #000000;\">T\u00eb dh\u00ebnat e Policis\u00eb<\/span><\/strong><\/p>\n<p><span style=\"color: #000000;\">Zbardhet dhe dokumentohet vjedhja me thyerje n\u00eb laboratorin e informatik\u00ebs s\u00eb shkoll\u00ebs s\u00eb mesme t\u00eb qytetit t\u00eb Kuk\u00ebsit.<\/span><\/p>\n<p><span style=\"color: #000000;\">Sekuestrohen 5 kompjuter\u00ebt e vjedhur.<\/span><\/p>\n<p><span style=\"color: #000000;\">Procedohen n\u00eb gjendje t\u00eb lir\u00eb 3 shtetas t\u00eb mitur, si autor\u00eb t\u00eb dyshuar.<\/span><\/p>\n<p><span style=\"color: #000000;\">Efektiv\u00ebt e Komisariatit t\u00eb Policis\u00eb Kuk\u00ebs, pas marrjes s\u00eb informacionit se n\u00eb shkoll\u00ebn e mesme t\u00eb qytetit t\u00eb Kuk\u00ebsit, persona t\u00eb paidentifikuar kishin shkat\u00ebrruar dyert e shkoll\u00ebs dhe m\u00eb pas ishin futur n\u00eb laboratorin e informatik\u00ebs, ku kan\u00eb vjedhur 5 kompjuter\u00eb dhe aksesor\u00ebt e tyre, kan\u00eb vler\u00ebsuar situat\u00ebn dhe menj\u00ebher\u00eb \u00ebsht\u00eb ngritur grupi hetimor, me q\u00ebllim identifikimin dhe v\u00ebnien para p\u00ebrgjegj\u00ebsis\u00eb ligjore t\u00eb autor\u00ebve.<\/span><\/p>\n<p><span style=\"color: #000000;\">Si rezultat i hetimeve profesionale t\u00eb kryera u b\u00eb i mundur identifikimi i autor\u00ebve t\u00eb vjedhjes, q\u00eb jan\u00eb shtetasit e mitur E. E., E. E. dhe K. E., t\u00eb cil\u00ebt p\u00ebr shkak t\u00eb mosh\u00ebs u proceduan n\u00eb gjendje t\u00eb lir\u00eb.<\/span><\/p>\n<p><span style=\"color: #000000;\">N\u00eb cil\u00ebsin\u00eb e prov\u00ebs materiale u sekuestruan 5 kompjuter\u00ebt dhe aksesor\u00ebt e tjer\u00eb t\u00eb vjedhur n\u00eb ambientet e shkoll\u00ebs.<\/span><\/p>\n<p><span style=\"color: #000000;\">Materialet i kaluan Prokuroris\u00eb pran\u00eb Gjykat\u00ebs s\u00eb Shkall\u00ebs s\u00eb Par\u00eb Kuk\u00ebs, p\u00ebr veprat penale \u201cVjedhja\u201d e kryer n\u00eb bashk\u00ebpunim dhe \u201cShkat\u00ebrrimi i pron\u00ebs\u201d.<\/span><\/p>\n","protected":false,"gt_translate_keys":[{"key":"rendered","format":"html"}]},"excerpt":{"rendered":"<p>Disa adoleshent\u00eb kan\u00eb grabitur laboratorin e informatik\u00ebs n\u00eb shkoll\u00ebn e mesme t\u00eb Kuk\u00ebsit. Policia thot\u00eb se tre t\u00eb mitur kan\u00eb shkat\u00ebrruar dyert e shkoll\u00ebs dhe jan\u00eb futur n\u00eb laboratorin e Informatik\u00ebs ku kan\u00eb vjedhur 5 kompjutera dhe disa aksesor\u00eb t\u00eb tjer\u00eb. Ata jan\u00eb identifikuar por nuk jan\u00eb v\u00ebn\u00eb n\u00eb pranga p\u00ebr shkak t\u00eb mosh\u00ebs s\u00eb [&hellip;]<\/p>\n","protected":false,"gt_translate_keys":[{"key":"rendered","format":"html"}]},"author":30,"featured_media":421822,"comment_status":"open","ping_status":"open","sticky":false,"template":"","format":"standard","meta":{"footnotes":""},"categories":[65,13],"tags":[],"class_list":["post-421821","post","type-post","status-publish","format-standard","has-post-thumbnail","hentry","category-lajme","category-te-fundit"],"gt_translate_keys":[{"key":"link","format":"url"}],"_links":{"self":[{"href":"https:\/\/www.hashtag.al\/index.php\/wp-json\/wp\/v2\/posts\/421821","targetHints":{"allow":["GET"]}}],"collection":[{"href":"https:\/\/www.hashtag.al\/index.php\/wp-json\/wp\/v2\/posts"}],"about":[{"href":"https:\/\/www.hashtag.al\/index.php\/wp-json\/wp\/v2\/types\/post"}],"author":[{"embeddable":true,"href":"https:\/\/www.hashtag.al\/index.php\/wp-json\/wp\/v2\/users\/30"}],"replies":[{"embeddable":true,"href":"https:\/\/www.hashtag.al\/index.php\/wp-json\/wp\/v2\/comments?post=421821"}],"version-history":[{"count":0,"href":"https:\/\/www.hashtag.al\/index.php\/wp-json\/wp\/v2\/posts\/421821\/revisions"}],"wp:featuredmedia":[{"embeddable":true,"href":"https:\/\/www.hashtag.al\/index.php\/wp-json\/wp\/v2\/media\/421822"}],"wp:attachment":[{"href":"https:\/\/www.hashtag.al\/index.php\/wp-json\/wp\/v2\/media?parent=421821"}],"wp:term":[{"taxonomy":"category","embeddable":true,"href":"https:\/\/www.hashtag.al\/index.php\/wp-json\/wp\/v2\/categories?post=421821"},{"taxonomy":"post_tag","embeddable":true,"href":"https:\/\/www.hashtag.al\/index.php\/wp-json\/wp\/v2\/tags?post=421821"}],"curies":[{"name":"wp","href":"https:\/\/api.w.org\/{rel}","templated":true}]}}