{"id":421618,"date":"2021-01-06T12:27:08","date_gmt":"2021-01-06T11:27:08","guid":{"rendered":"https:\/\/hashtag.al\/?p=421618"},"modified":"2021-01-06T12:27:08","modified_gmt":"2021-01-06T11:27:08","slug":"masat-kunder-koronavirusit-mbeten-ne-fuqi-komiteti-teknik-i-eksperteve-ne-konference-per-shtyp","status":"publish","type":"post","link":"https:\/\/www.hashtag.al\/index.php\/2021\/01\/06\/masat-kunder-koronavirusit-mbeten-ne-fuqi-komiteti-teknik-i-eksperteve-ne-konference-per-shtyp\/","title":{"rendered":"\u201cMasat kund\u00ebr koronavirusit mbeten n\u00eb fuqi\u201d &#8211; Komiteti Teknik i Ekspert\u00ebve n\u00eb Konferenc\u00eb p\u00ebr Shtyp","gt_translate_keys":[{"key":"rendered","format":"text"}]},"content":{"rendered":"<p><a href=\"https:\/\/hashtag.al\/wp-content\/uploads\/2021\/01\/Rakacolli.jpg\"><img loading=\"lazy\" decoding=\"async\" class=\"aligncenter size-full wp-image-421619\" src=\"https:\/\/hashtag.al\/wp-content\/uploads\/2021\/01\/Rakacolli.jpg\" alt=\"\" width=\"869\" height=\"485\" srcset=\"https:\/\/www.hashtag.al\/wp-content\/uploads\/2021\/01\/Rakacolli.jpg 869w, https:\/\/www.hashtag.al\/wp-content\/uploads\/2021\/01\/Rakacolli-300x167.jpg 300w, https:\/\/www.hashtag.al\/wp-content\/uploads\/2021\/01\/Rakacolli-768x429.jpg 768w\" sizes=\"auto, (max-width: 869px) 100vw, 869px\" \/><\/a><\/p>\n<p><span style=\"color: #000000;\">Komiteti Teknik i Ekspert\u00ebve ka dal\u00eb n\u00eb nj\u00eb konferenc\u00eb p\u00ebr mediet p\u00ebr t\u00eb folur mbi situat\u00ebn epidemiologjike n\u00eb vend.<\/span><\/p>\n<p><span style=\"color: #000000;\">Zv.ministrja Mira Rakacolli e cila \u00ebsht\u00eb dhe kryetare e k\u00ebtij komiteti, ka deklaruar se kan\u00eb vendosur q\u00eb masat kund\u00ebr koronavirusit t\u00eb vijojn\u00eb t\u00eb mbeten n\u00eb fuqi.<\/span><\/p>\n<p><em><span style=\"color: #000000;\">\u201cE q\u00ebndrueshme me nj\u00eb tendenc\u00eb t\u00eb\u00eb leht\u00eb ulje, e cila pritet t\u00eb konfirmohet ose jo n\u00eb jav\u00ebt n\u00eb vazhdim.<\/span><\/em><\/p>\n<p><em><span style=\"color: #000000;\">Akoma nuk kemi t\u00eb dh\u00ebna t\u00eb plota p\u00ebr pranin\u00eb e t\u00eb ashtuquajturti virusi anglez n\u00eb Shqip\u00ebri.<\/span><\/em><\/p>\n<p><span style=\"color: #000000;\"><em>Ne mendojm\u00eb se n\u00eb k\u00ebt\u00eb lloj situat\u00eb t\u00eb vazhdoj\u00eb t\u00eb mbetet n\u00eb fuqi, ora policore, universiteti t\u00eb vazhdoj\u00eb m\u00ebsimin online dhe po k\u00ebshtu fluturimet me Britanin\u00eb e MAdhe t\u00eb mbeten t\u00eb pezulluara deri n\u00eb dat\u00ebn 18 janar.\u201d<\/em>&#8211; tha zv.ministrja Rakacolli.<\/span><\/p>\n","protected":false,"gt_translate_keys":[{"key":"rendered","format":"html"}]},"excerpt":{"rendered":"<p>Komiteti Teknik i Ekspert\u00ebve ka dal\u00eb n\u00eb nj\u00eb konferenc\u00eb p\u00ebr mediet p\u00ebr t\u00eb folur mbi situat\u00ebn epidemiologjike n\u00eb vend. Zv.ministrja Mira Rakacolli e cila \u00ebsht\u00eb dhe kryetare e k\u00ebtij komiteti, ka deklaruar se kan\u00eb vendosur q\u00eb masat kund\u00ebr koronavirusit t\u00eb vijojn\u00eb t\u00eb mbeten n\u00eb fuqi. \u201cE q\u00ebndrueshme me nj\u00eb tendenc\u00eb t\u00eb\u00eb leht\u00eb ulje, e cila [&hellip;]<\/p>\n","protected":false,"gt_translate_keys":[{"key":"rendered","format":"html"}]},"author":30,"featured_media":421619,"comment_status":"open","ping_status":"open","sticky":false,"template":"","format":"standard","meta":{"footnotes":""},"categories":[65,13],"tags":[],"class_list":["post-421618","post","type-post","status-publish","format-standard","has-post-thumbnail","hentry","category-lajme","category-te-fundit"],"gt_translate_keys":[{"key":"link","format":"url"}],"_links":{"self":[{"href":"https:\/\/www.hashtag.al\/index.php\/wp-json\/wp\/v2\/posts\/421618","targetHints":{"allow":["GET"]}}],"collection":[{"href":"https:\/\/www.hashtag.al\/index.php\/wp-json\/wp\/v2\/posts"}],"about":[{"href":"https:\/\/www.hashtag.al\/index.php\/wp-json\/wp\/v2\/types\/post"}],"author":[{"embeddable":true,"href":"https:\/\/www.hashtag.al\/index.php\/wp-json\/wp\/v2\/users\/30"}],"replies":[{"embeddable":true,"href":"https:\/\/www.hashtag.al\/index.php\/wp-json\/wp\/v2\/comments?post=421618"}],"version-history":[{"count":0,"href":"https:\/\/www.hashtag.al\/index.php\/wp-json\/wp\/v2\/posts\/421618\/revisions"}],"wp:featuredmedia":[{"embeddable":true,"href":"https:\/\/www.hashtag.al\/index.php\/wp-json\/wp\/v2\/media\/421619"}],"wp:attachment":[{"href":"https:\/\/www.hashtag.al\/index.php\/wp-json\/wp\/v2\/media?parent=421618"}],"wp:term":[{"taxonomy":"category","embeddable":true,"href":"https:\/\/www.hashtag.al\/index.php\/wp-json\/wp\/v2\/categories?post=421618"},{"taxonomy":"post_tag","embeddable":true,"href":"https:\/\/www.hashtag.al\/index.php\/wp-json\/wp\/v2\/tags?post=421618"}],"curies":[{"name":"wp","href":"https:\/\/api.w.org\/{rel}","templated":true}]}}