{"id":421590,"date":"2021-01-06T11:19:40","date_gmt":"2021-01-06T10:19:40","guid":{"rendered":"https:\/\/hashtag.al\/?p=421590"},"modified":"2021-01-06T11:21:57","modified_gmt":"2021-01-06T10:21:57","slug":"denaj-ne-konference-per-segmentin-vlore-orikum-rama-ilir-mos-e-pengo-vloren","status":"publish","type":"post","link":"https:\/\/www.hashtag.al\/index.php\/2021\/01\/06\/denaj-ne-konference-per-segmentin-vlore-orikum-rama-ilir-mos-e-pengo-vloren\/","title":{"rendered":"Denaj n\u00eb Konferenc\u00eb p\u00ebr segmentin Vlor\u00eb \u2013 Orikum, Rama: Ilir mos e pengo Vlor\u00ebn","gt_translate_keys":[{"key":"rendered","format":"text"}]},"content":{"rendered":"<p><a href=\"https:\/\/hashtag.al\/wp-content\/uploads\/2021\/01\/denaj.jpg\"><img loading=\"lazy\" decoding=\"async\" class=\"aligncenter size-full wp-image-421593\" src=\"https:\/\/hashtag.al\/wp-content\/uploads\/2021\/01\/denaj.jpg\" alt=\"\" width=\"970\" height=\"530\" srcset=\"https:\/\/www.hashtag.al\/wp-content\/uploads\/2021\/01\/denaj.jpg 970w, https:\/\/www.hashtag.al\/wp-content\/uploads\/2021\/01\/denaj-300x164.jpg 300w, https:\/\/www.hashtag.al\/wp-content\/uploads\/2021\/01\/denaj-768x420.jpg 768w\" sizes=\"auto, (max-width: 970px) 100vw, 970px\" \/><\/a><\/p>\n<p><span style=\"color: #000000;\">Paradit\u00ebn e sotme, ka dal\u00eb n\u00eb nj\u00eb deklarat\u00eb p\u00ebr mediet ministrja e Financave dhe Ekonomis\u00eb Anila Denaj, lidhur me akuzat se presidenti ka bllokuar projektin e Shqip\u00ebris\u00eb e Fondit Saudit p\u00ebr segmentin Vlor\u00eb-Orikum.<\/span><\/p>\n<p><span style=\"color: #000000;\">Rama ka shp\u00ebrndar\u00eb videon e deklarat\u00ebs live t\u00eb ministres Denaj, nd\u00ebrsa i drejtohet presidentit Ilir Meta me fjal\u00ebt: <em>\u201cMos e pengo Vlor\u00ebn Ilir, sepse Vlora s&#8217;\u00ebsht\u00eb ledh i LSI-s\u00eb, po \u00ebsht\u00eb konaku i Shqip\u00ebris\u00eb.<\/em><\/span><\/p>\n<p><em><span style=\"color: #000000;\">Ndiqni Ministren e Financave dhe Ekonomis\u00eb, Anila Denaj, n\u00eb komunikim me publikun p\u00ebr pengmarrjen e projektit t\u00eb rind\u00ebrtimit n\u00eb segmentin Vlor\u00eb \u2013 Orikum.<\/span><\/em><\/p>\n<p><span style=\"color: #000000;\"><em>(Projekti financohet nga Fondi Saudit dhe \u00ebsht\u00eb bllokuar nga Ilir Meta, p\u00ebr arsyen e kuptueshme kollaj fare nga \u00e7do qytetar i Vlor\u00ebs e i Shqip\u00ebris\u00eb, n\u00ebse s&#8217;\u00ebsht\u00eb ka\u00e7ak i LSI-s\u00eb).\u201d-<\/em> shkruan Rama krahas videos.<\/span><\/p>\n<p><span style=\"color: #000000;\">N\u00cb deklarat\u00ebn e sotme, ministrja thot\u00eb se projekti do t\u00eb rinis\u00eb.<\/span><\/p>\n<p><span style=\"color: #000000;\">Lidhur me deklaratat e qeveris\u00eb, kujtojm\u00eb se presidenti Meta ka deklaruar se ka qen\u00eb vet\u00eb qeveria shqiptare q\u00eb i ka k\u00ebrkuar Fondit Saudit t\u00eb Zhvillimit q\u00eb t\u00eb nd\u00ebrpres\u00eb marr\u00ebveshjen p\u00ebr financimin e k\u00ebsaj rruge.<\/span><\/p>\n<p><a href=\"https:\/\/hashtag.al\/wp-content\/uploads\/2021\/01\/1-2.jpg\"><img loading=\"lazy\" decoding=\"async\" class=\"aligncenter size-full wp-image-421591\" src=\"https:\/\/hashtag.al\/wp-content\/uploads\/2021\/01\/1-2.jpg\" alt=\"\" width=\"489\" height=\"486\" srcset=\"https:\/\/www.hashtag.al\/wp-content\/uploads\/2021\/01\/1-2.jpg 489w, https:\/\/www.hashtag.al\/wp-content\/uploads\/2021\/01\/1-2-150x150.jpg 150w, https:\/\/www.hashtag.al\/wp-content\/uploads\/2021\/01\/1-2-300x298.jpg 300w, https:\/\/www.hashtag.al\/wp-content\/uploads\/2021\/01\/1-2-120x120.jpg 120w\" sizes=\"auto, (max-width: 489px) 100vw, 489px\" \/><\/a><\/p>\n","protected":false,"gt_translate_keys":[{"key":"rendered","format":"html"}]},"excerpt":{"rendered":"<p>Paradit\u00ebn e sotme, ka dal\u00eb n\u00eb nj\u00eb deklarat\u00eb p\u00ebr mediet ministrja e Financave dhe Ekonomis\u00eb Anila Denaj, lidhur me akuzat se presidenti ka bllokuar projektin e Shqip\u00ebris\u00eb e Fondit Saudit p\u00ebr segmentin Vlor\u00eb-Orikum. Rama ka shp\u00ebrndar\u00eb videon e deklarat\u00ebs live t\u00eb ministres Denaj, nd\u00ebrsa i drejtohet presidentit Ilir Meta me fjal\u00ebt: \u201cMos e pengo Vlor\u00ebn [&hellip;]<\/p>\n","protected":false,"gt_translate_keys":[{"key":"rendered","format":"html"}]},"author":30,"featured_media":421592,"comment_status":"open","ping_status":"open","sticky":false,"template":"","format":"standard","meta":{"footnotes":""},"categories":[65,13],"tags":[],"class_list":["post-421590","post","type-post","status-publish","format-standard","has-post-thumbnail","hentry","category-lajme","category-te-fundit"],"gt_translate_keys":[{"key":"link","format":"url"}],"_links":{"self":[{"href":"https:\/\/www.hashtag.al\/index.php\/wp-json\/wp\/v2\/posts\/421590","targetHints":{"allow":["GET"]}}],"collection":[{"href":"https:\/\/www.hashtag.al\/index.php\/wp-json\/wp\/v2\/posts"}],"about":[{"href":"https:\/\/www.hashtag.al\/index.php\/wp-json\/wp\/v2\/types\/post"}],"author":[{"embeddable":true,"href":"https:\/\/www.hashtag.al\/index.php\/wp-json\/wp\/v2\/users\/30"}],"replies":[{"embeddable":true,"href":"https:\/\/www.hashtag.al\/index.php\/wp-json\/wp\/v2\/comments?post=421590"}],"version-history":[{"count":0,"href":"https:\/\/www.hashtag.al\/index.php\/wp-json\/wp\/v2\/posts\/421590\/revisions"}],"wp:featuredmedia":[{"embeddable":true,"href":"https:\/\/www.hashtag.al\/index.php\/wp-json\/wp\/v2\/media\/421592"}],"wp:attachment":[{"href":"https:\/\/www.hashtag.al\/index.php\/wp-json\/wp\/v2\/media?parent=421590"}],"wp:term":[{"taxonomy":"category","embeddable":true,"href":"https:\/\/www.hashtag.al\/index.php\/wp-json\/wp\/v2\/categories?post=421590"},{"taxonomy":"post_tag","embeddable":true,"href":"https:\/\/www.hashtag.al\/index.php\/wp-json\/wp\/v2\/tags?post=421590"}],"curies":[{"name":"wp","href":"https:\/\/api.w.org\/{rel}","templated":true}]}}